{"id":1206602,"date":"2026-09-03T11:26:59","date_gmt":"2026-09-03T11:26:59","guid":{"rendered":"https:\/\/dimensionturistica.com\/es\/?p=1206602"},"modified":"2026-09-03T11:26:59","modified_gmt":"2026-09-03T11:26:59","slug":"jose-manuel-lastra-asume-la-presidencia-de-ceav-para-el-ciclo-2026-2030","status":"publish","type":"post","link":"https:\/\/dimensionturistica.com\/es\/jose-manuel-lastra-asume-la-presidencia-de-ceav-para-el-ciclo-2026-2030\/","title":{"rendered":"Jos\u00e9 Manuel Lastra asume la presidencia de CEAV para el ciclo 2026-2030."},"content":{"rendered":"<p><strong>Un nuevo rumbo para la industria tur\u00edstica: el liderazgo de Jos\u00e9 Manuel Lastra en la CEAV<\/strong><\/p>\n<p>La econom\u00eda global ha sido testigo de cambios dr\u00e1sticos en los \u00faltimos a\u00f1os, y el sector del turismo no ha sido una excepci\u00f3n. En este contexto, la elecci\u00f3n de Jos\u00e9 Manuel Lastra como nuevo presidente de la Confederaci\u00f3n Espa\u00f1ola de Agencias de Viajes (CEAV) para el periodo 2026-2030 representa una oportunidad renovada para revitalizar y fortalecer la industria tur\u00edstica en Espa\u00f1a. <\/p>\n<p>Lastra, un profesional con una vasta trayectoria en el \u00e1mbito del turismo, asume el liderazgo en un momento cr\u00edtico. La pandemia dej\u00f3 una profunda huella en el sector, y aunque poco a poco se han visto se\u00f1ales de recuperaci\u00f3n, las agencias de viajes contin\u00faan enfrentando numerosos desaf\u00edos. Su compromiso y visi\u00f3n ser\u00e1n cruciales para abordar estos obst\u00e1culos y adaptarse a un entorno en constante evoluci\u00f3n.<\/p>\n<p>Uno de los principales enfoques de Lastra ser\u00e1 el impulso hacia la digitalizaci\u00f3n de las agencias de viajes. En un mundo donde las experiencias se planifican a trav\u00e9s de clics y pantallas, es imperativo que las agencias se transformen y ofrezcan servicios que atiendan a un nuevo tipo de consumidor, que busca comodidad y personalizaci\u00f3n en sus viajes. La integraci\u00f3n de nuevas tecnolog\u00edas, como herramientas de inteligencia artificial y plataformas de gesti\u00f3n de clientes, promete optimizar los procesos y ofrecer propuestas m\u00e1s atractivas.<\/p>\n<p>Lastra tambi\u00e9n tiene la mirada puesta en la sostenibilidad, un aspecto cada vez m\u00e1s valorado por los viajeros de hoy. Promover modalidades de viaje responsables, que respeten el medio ambiente y las comunidades locales, es una necesidad hist\u00f3rica que ahora se convierte en una obligaci\u00f3n moral para el sector. Bajo su liderazgo, la CEAV busca colaborar con diferentes organismos y entidades para desarrollar iniciativas que favorezcan un turismo m\u00e1s consciente, garantizando que los destinos no solo sean accesibles, sino tambi\u00e9n sostenibles a largo plazo.<\/p>\n<p>La formaci\u00f3n y la capacitaci\u00f3n de los profesionales del sector tambi\u00e9n ser\u00e1n pilares fundamentales en esta nueva etapa. La industria necesita contar con agentes bien informados y preparados para asesorar a los viajeros en sus decisiones. Lastra ha mencionado la importancia de ofrecer formaci\u00f3n continua, enfoc\u00e1ndose en las tendencias actuales del mercado, as\u00ed como en la atenci\u00f3n al cliente, un aspecto esencial que puede marcar la diferencia en la experiencia del viajero.<\/p>\n<p>Por otro lado, el fortalecimiento de la colaboraci\u00f3n entre diferentes actores del sector ser\u00e1 clave. Lastra quiere establecer puentes entre agencias de viajes, touroperadores, y otros segmentos relacionados, creando un ecosistema m\u00e1s robusto que permita no solo sobrevivir, sino prosperar. La uni\u00f3n de esfuerzos puede propiciar un sector m\u00e1s cohesionador y capaz de responder a las necesidades de un mercado cada vez m\u00e1s competitivo.<\/p>\n<p>Con su elecci\u00f3n, Jos\u00e9 Manuel Lastra no solo liderar\u00e1 una confederaci\u00f3n, sino que tendr\u00e1 la responsabilidad de guiar a todo un sector hacia un futuro m\u00e1s resiliente, din\u00e1mico y orientado al cliente. La etapa que se abre a partir de 2026 podr\u00eda ser una de las m\u00e1s prometedoras para el turismo espa\u00f1ol, siempre que se implemente una modernizaci\u00f3n real y efectiva.<\/p>\n<p>En conclusi\u00f3n, el futuro del turismo en Espa\u00f1a se vislumbra con desaf\u00edos, pero tambi\u00e9n con un potencial impresionante. Con un liderazgo decidido y una visi\u00f3n clara, Jos\u00e9 Manuel Lastra est\u00e1 preparado para navegar por estas aguas inciertas y llevar a la CEAV, y por ende a la industria, hacia horizontes m\u00e1s brillantes.<\/p>\n<p><em> &#8221; Sources www.pressdigital.es &#8221; <\/em><\/p>\n","protected":false},"excerpt":{"rendered":"<p>Un nuevo rumbo para la industria tur\u00edstica: el liderazgo de Jos\u00e9 Manuel Lastra en la CEAV La econom\u00eda global ha sido testigo de cambios dr\u00e1sticos en los \u00faltimos a\u00f1os, y el sector del turismo no ha sido una excepci\u00f3n. En este contexto, la elecci\u00f3n de Jos\u00e9 Manuel Lastra como nuevo presidente de la Confederaci\u00f3n Espa\u00f1ola [&hellip;]<\/p>\n","protected":false},"author":4,"featured_media":1206603,"comment_status":"open","ping_status":"closed","sticky":false,"template":"","format":"standard","meta":{"om_disable_all_campaigns":false,"jnews-multi-image_gallery":[],"jnews_single_post":[],"jnews_primary_category":[],"jnews_social_meta":[],"footnotes":""},"categories":[40],"tags":[271031,2657,1230,10057,7173,2234,544],"class_list":["post-1206602","post","type-post","status-publish","format-standard","has-post-thumbnail","hentry","category-industria","tag-2026-2030","tag-asociacion","tag-ceav","tag-jose-manuel-lastra","tag-liderazgo","tag-presidente","tag-turismo"],"_links":{"self":[{"href":"https:\/\/dimensionturistica.com\/es\/wp-json\/wp\/v2\/posts\/1206602","targetHints":{"allow":["GET"]}}],"collection":[{"href":"https:\/\/dimensionturistica.com\/es\/wp-json\/wp\/v2\/posts"}],"about":[{"href":"https:\/\/dimensionturistica.com\/es\/wp-json\/wp\/v2\/types\/post"}],"author":[{"embeddable":true,"href":"https:\/\/dimensionturistica.com\/es\/wp-json\/wp\/v2\/users\/4"}],"replies":[{"embeddable":true,"href":"https:\/\/dimensionturistica.com\/es\/wp-json\/wp\/v2\/comments?post=1206602"}],"version-history":[{"count":1,"href":"https:\/\/dimensionturistica.com\/es\/wp-json\/wp\/v2\/posts\/1206602\/revisions"}],"predecessor-version":[{"id":1206604,"href":"https:\/\/dimensionturistica.com\/es\/wp-json\/wp\/v2\/posts\/1206602\/revisions\/1206604"}],"wp:featuredmedia":[{"embeddable":true,"href":"https:\/\/dimensionturistica.com\/es\/wp-json\/wp\/v2\/media\/1206603"}],"wp:attachment":[{"href":"https:\/\/dimensionturistica.com\/es\/wp-json\/wp\/v2\/media?parent=1206602"}],"wp:term":[{"taxonomy":"category","embeddable":true,"href":"https:\/\/dimensionturistica.com\/es\/wp-json\/wp\/v2\/categories?post=1206602"},{"taxonomy":"post_tag","embeddable":true,"href":"https:\/\/dimensionturistica.com\/es\/wp-json\/wp\/v2\/tags?post=1206602"}],"curies":[{"name":"wp","href":"https:\/\/api.w.org\/{rel}","templated":true}]}}