{"id":1206593,"date":"2026-09-03T11:10:35","date_gmt":"2026-09-03T11:10:35","guid":{"rendered":"https:\/\/dimensionturistica.com\/es\/?p=1206593"},"modified":"2026-09-03T11:10:35","modified_gmt":"2026-09-03T11:10:35","slug":"actualizaciones-del-sector-turistico-informacion-clave-para-los-profesionales-del-viaje-3","status":"publish","type":"post","link":"https:\/\/dimensionturistica.com\/es\/actualizaciones-del-sector-turistico-informacion-clave-para-los-profesionales-del-viaje-3\/","title":{"rendered":"Actualizaciones del sector tur\u00edstico: Informaci\u00f3n clave para los profesionales del viaje"},"content":{"rendered":"<p><strong>Nuevas Rutas para el Turismo: La Asunci\u00f3n de un L\u00edder Visionario<\/strong><\/p>\n<p>En un momento crucial para la industria tur\u00edstica, que ha enfrentado desaf\u00edos sin precedentes en los \u00faltimos a\u00f1os, la elecci\u00f3n de un nuevo presidente para una de las principales entidades del sector en Espa\u00f1a supone una esperanza renovada. Jos\u00e9 Manuel Lastra ha sido designado como el nuevo l\u00edder de la Confederaci\u00f3n Espa\u00f1ola de Agencias de Viajes (CEAV), un momento que marca un cambio significativo en la direcci\u00f3n de una organizaci\u00f3n dedicada a la defensa de los intereses de las agencias de viajes en el pa\u00eds.<\/p>\n<p>Lastra, un experimentado profesional con d\u00e9cadas de trayectoria en el \u00e1mbito tur\u00edstico, asumir\u00e1 el reto de guiar a la CEAV en un entorno en constante transformaci\u00f3n. La industria tur\u00edstica no solo se ha resguardado del impacto de la pandemia, sino que tambi\u00e9n ha tenido que adaptarse a nuevas tendencias como el turismo sostenible y la digitalizaci\u00f3n. Su responsabilidad es elevar la voz del sector en la b\u00fasqueda de soluciones que permitan a las agencias de viajes recuperar el terreno perdido y prosperar en un mercado cada vez m\u00e1s competitivo.<\/p>\n<p>Uno de los ejes centrales de su mandato ser\u00e1 fomentar la colaboraci\u00f3n entre los diferentes actores de la industria. Lastra entiende que, en momentos de incertidumbre, la unidad es esencial. Por ello, es probable que busque establecer v\u00ednculos m\u00e1s s\u00f3lidos con otras organizaciones y entidades, no solo a nivel nacional, sino a nivel internacional, promoviendo un turismo m\u00e1s integrado y resiliente.<\/p>\n<p>Bajo su liderazgo, la CEAV tambi\u00e9n se enfocar\u00e1 en la formaci\u00f3n y capacitaci\u00f3n de los profesionales del sector. En un mundo donde la experiencia del viajero se ha vuelto primordial, preparar a los agentes de viajes para ofrecer un servicio excepcional es fundamental. Lastra tiene planes de impulsar programas de formaci\u00f3n que no solo aborden las habilidades t\u00e9cnicas, sino que tambi\u00e9n se centren en la atenci\u00f3n al cliente y la gesti\u00f3n emocional, reconociendo que cada viaje es, ante todo, una experiencia personal.<\/p>\n<p>Adem\u00e1s, el nuevo presidente tiene una visi\u00f3n clara sobre la importancia de la sostenibilidad en el turismo. En un contexto donde los viajeros son cada vez m\u00e1s conscientes del impacto que sus elecciones tienen en el medio ambiente, CEAV podr\u00eda liderar iniciativas que promuevan un turismo responsable. Esto incluir\u00eda desde la promoci\u00f3n de destinos y servicios que respeten el entorno natural, hasta la colaboraci\u00f3n con proveedores que compartan estos valores.<\/p>\n<p>Sin duda, la llegada de Jos\u00e9 Manuel Lastra representa una oportunidad para reinventar el turismo en Espa\u00f1a. Con un enfoque en la innovaci\u00f3n y el bienestar del cliente, es posible que se abra un nuevo horizonte para las agencias de viajes. En los pr\u00f3ximos a\u00f1os, observaremos c\u00f3mo estas decisiones y estrategias se traducen en un cambio tangible en la experiencia del viajero y en el fortalecimiento de la industria tur\u00edstica.<\/p>\n<p>La eficacia de Lastra depender\u00e1 no solo de su habilidad para liderar, sino tambi\u00e9n de su capacidad para inspirar a un sector que ha demostrado su resiliencia en tiempos dif\u00edciles. La expectativa es alta, y con ella, la promesa de un futuro tur\u00edstico que abarque no solo mejores experiencias, sino tambi\u00e9n un compromiso firme con la sostenibilidad y la cooperaci\u00f3n.<\/p>\n<p>Celebremos, entonces, este nuevo cap\u00edtulo en la historia del turismo en Espa\u00f1a, esperando que la nueva energ\u00eda aportada por este l\u00edder visionario impulse a la industria hacia un futuro m\u00e1s luminoso, diverso y accesible para todos.<\/p>\n<p><em> &#8221; Fuentes www.agenttravel.es &#8221; <\/em><\/p>\n","protected":false},"excerpt":{"rendered":"<p>Nuevas Rutas para el Turismo: La Asunci\u00f3n de un L\u00edder Visionario En un momento crucial para la industria tur\u00edstica, que ha enfrentado desaf\u00edos sin precedentes en los \u00faltimos a\u00f1os, la elecci\u00f3n de un nuevo presidente para una de las principales entidades del sector en Espa\u00f1a supone una esperanza renovada. Jos\u00e9 Manuel Lastra ha sido designado [&hellip;]<\/p>\n","protected":false},"author":4,"featured_media":1206594,"comment_status":"open","ping_status":"closed","sticky":false,"template":"","format":"standard","meta":{"om_disable_all_campaigns":false,"jnews-multi-image_gallery":[],"jnews_single_post":[],"jnews_primary_category":[],"jnews_social_meta":[],"footnotes":""},"categories":[39],"tags":[707,1181,569,21191,9288,47338,47339,715,1289,547,47340,39936,6942,705,21552,47337,773,1103,26265,5794,4020,18737,2182,544,1488,545],"class_list":["post-1206593","post","type-post","status-publish","format-standard","has-post-thumbnail","hentry","category-viajes","tag-actualidad","tag-agencia-de-viajes","tag-agencias-de-viajes","tag-agente-de-viajes","tag-companias-aereas","tag-diario-de-turismo","tag-diario-turistico","tag-economia","tag-hoteles","tag-informacion","tag-informacion-de-turismo","tag-informacion-turistica","tag-mayoristas","tag-noticias","tag-noticias-de-turismo","tag-noticias-turisticas","tag-opinion","tag-profesional","tag-rent-a-car","tag-sector-aereo","tag-sector-turistico","tag-seguros-de-viaje","tag-tendencias","tag-turismo","tag-turoperadores","tag-viajes"],"_links":{"self":[{"href":"https:\/\/dimensionturistica.com\/es\/wp-json\/wp\/v2\/posts\/1206593","targetHints":{"allow":["GET"]}}],"collection":[{"href":"https:\/\/dimensionturistica.com\/es\/wp-json\/wp\/v2\/posts"}],"about":[{"href":"https:\/\/dimensionturistica.com\/es\/wp-json\/wp\/v2\/types\/post"}],"author":[{"embeddable":true,"href":"https:\/\/dimensionturistica.com\/es\/wp-json\/wp\/v2\/users\/4"}],"replies":[{"embeddable":true,"href":"https:\/\/dimensionturistica.com\/es\/wp-json\/wp\/v2\/comments?post=1206593"}],"version-history":[{"count":1,"href":"https:\/\/dimensionturistica.com\/es\/wp-json\/wp\/v2\/posts\/1206593\/revisions"}],"predecessor-version":[{"id":1206595,"href":"https:\/\/dimensionturistica.com\/es\/wp-json\/wp\/v2\/posts\/1206593\/revisions\/1206595"}],"wp:featuredmedia":[{"embeddable":true,"href":"https:\/\/dimensionturistica.com\/es\/wp-json\/wp\/v2\/media\/1206594"}],"wp:attachment":[{"href":"https:\/\/dimensionturistica.com\/es\/wp-json\/wp\/v2\/media?parent=1206593"}],"wp:term":[{"taxonomy":"category","embeddable":true,"href":"https:\/\/dimensionturistica.com\/es\/wp-json\/wp\/v2\/categories?post=1206593"},{"taxonomy":"post_tag","embeddable":true,"href":"https:\/\/dimensionturistica.com\/es\/wp-json\/wp\/v2\/tags?post=1206593"}],"curies":[{"name":"wp","href":"https:\/\/api.w.org\/{rel}","templated":true}]}}