{"id":1206576,"date":"2026-09-03T10:20:14","date_gmt":"2026-09-03T10:20:14","guid":{"rendered":"https:\/\/dimensionturistica.com\/es\/?p=1206576"},"modified":"2026-09-03T10:20:14","modified_gmt":"2026-09-03T10:20:14","slug":"el-concurso-de-6048-millones-para-la-gestion-de-viajes-ministeriales-llega-a-los-juzgados","status":"publish","type":"post","link":"https:\/\/dimensionturistica.com\/es\/el-concurso-de-6048-millones-para-la-gestion-de-viajes-ministeriales-llega-a-los-juzgados\/","title":{"rendered":"El concurso de 604,8 millones para la gesti\u00f3n de viajes ministeriales llega a los juzgados"},"content":{"rendered":"<p><strong>El Futuro de los Viajes Institucionales: Transformaciones y Desaf\u00edos en la Gesti\u00f3n de Viajes para Ministerios<\/strong><\/p>\n<p>En un mundo donde la globalizaci\u00f3n y la digitalizaci\u00f3n marcan el ritmo de nuestras vidas, el \u00e1mbito de los viajes institucionales no escapa a esta transformaci\u00f3n. Recientemente, la gesti\u00f3n de viajes que involucra a diversos ministerios ha cobrado protagonismo, gracias a una serie de eventos que han puesto de relieve las din\u00e1micas cambiantes en este sector. <\/p>\n<p>La controversia estall\u00f3 cuando se anunci\u00f3 un nuevo concurso para la gesti\u00f3n de los viajes institucionales del gobierno, que involucra un presupuesto que supera los 6 mil millones de euros. Este importante anuncio ha generado una respuesta notable por parte de la Asociaci\u00f3n Espa\u00f1ola de Gesti\u00f3n de Viajes de Empresa (GEBTA), que ha decidido llevar el asunto a los tribunales. Con esta acci\u00f3n, se busca una revisi\u00f3n del proceso y asegurar que las mejores pr\u00e1cticas y la transparencia sean los pilares fundamentales de la gesti\u00f3n de estos recursos.<\/p>\n<p>Pero, \u00bfpor qu\u00e9 es tan crucial este tema y qu\u00e9 significa para el futuro de los viajes institucionales en nuestro pa\u00eds? En primer lugar, el manejo eficiente de los recursos p\u00fablicos destinados a viajes puede impactar enormemente la eficacia del gobierno y su interacci\u00f3n con otras entidades y pa\u00edses. Cuando se habla de millones de euros en juego, la optimizaci\u00f3n y la regulaci\u00f3n del gasto en viajes es una cuesti\u00f3n de gran importancia nacional.<\/p>\n<p>Adem\u00e1s, el esc\u00e1ndalo en torno a la gesti\u00f3n de estos recursos no solo afecta a las instituciones gubernamentales, sino que tambi\u00e9n tiene repercusiones en la comunidad de agencias de viajes y en el sector tur\u00edstico en general. La incertidumbre en torno a la adjudicaci\u00f3n del nuevo contrato puede repercutir en el empleo y en la estabilidad de muchas empresas que dependen de este ecosistema.<\/p>\n<p>Mientras la disputa legal sigue su curso, muchos en el sector se preguntan qu\u00e9 modificaciones ser\u00e1n necesarias para mejorar la transparencia y la eficiencia en la gesti\u00f3n de los viajes oficiales. Las soluciones podr\u00edan incluir la implementaci\u00f3n de nuevas tecnolog\u00edas que faciliten la planificaci\u00f3n y el seguimiento de los gastos, as\u00ed como la definici\u00f3n de pol\u00edticas claras que regulen c\u00f3mo y cu\u00e1ndo se utilizan los fondos p\u00fablicos para viajes.<\/p>\n<p>Sin duda, lo que est\u00e1 sucediendo en estos momentos en el \u00e1mbito de los viajes institucionales puede ser un catalizador para un cambio positivo en toda la industria. Este proceso no solo deber\u00eda servir para garantizar que los recursos p\u00fablicos se utilicen de manera responsable, sino que tambi\u00e9n podr\u00eda ofrecer una oportunidad para reimaginar c\u00f3mo se lleva a cabo la gesti\u00f3n de viajes en el contexto de un panorama global cada vez m\u00e1s complejo.<\/p>\n<p>A medida que esta situaci\u00f3n evoluciona, es esencial mantener un enfoque centrado en la eficacia, la \u00e9tica y la innovaci\u00f3n. Los pr\u00f3ximos pasos que dar\u00e1n tanto las instituciones gubernamentales como las agencias de viajes marcar\u00e1n un camino que podr\u00eda redefinir la gesti\u00f3n de viajes institucionales en nuestro pa\u00eds para los a\u00f1os venideros. El sector tur\u00edstico, un pilar fundamental de nuestra econom\u00eda, est\u00e1 en una encrucijada, y la forma en que respondamos a estos desaf\u00edos determinar\u00e1 su futuro. <\/p>\n<p>En conclusi\u00f3n, los viajes institucionales, m\u00e1s que ser meramente una cuesti\u00f3n log\u00edstica, son un reflejo de las prioridades y valores de nuestra sociedad. La esperada resoluci\u00f3n del litigio no solo aclarar\u00e1 el futuro de la gesti\u00f3n de estos viajes, sino que tambi\u00e9n proporcionar\u00e1 lecciones valiosas para todos en la industria del turismo. Ahora es el momento de observar y aprender, y as\u00ed contribuir a un sector que, como todos, debe evolucionar con los tiempos.<\/p>\n<p><em> &#8221; Sources www.pressdigital.es &#8221; <\/em><\/p>\n","protected":false},"excerpt":{"rendered":"<p>El Futuro de los Viajes Institucionales: Transformaciones y Desaf\u00edos en la Gesti\u00f3n de Viajes para Ministerios En un mundo donde la globalizaci\u00f3n y la digitalizaci\u00f3n marcan el ritmo de nuestras vidas, el \u00e1mbito de los viajes institucionales no escapa a esta transformaci\u00f3n. Recientemente, la gesti\u00f3n de viajes que involucra a diversos ministerios ha cobrado protagonismo, [&hellip;]<\/p>\n","protected":false},"author":4,"featured_media":1206577,"comment_status":"open","ping_status":"closed","sticky":false,"template":"","format":"standard","meta":{"om_disable_all_campaigns":false,"jnews-multi-image_gallery":[],"jnews_single_post":[],"jnews_primary_category":[],"jnews_social_meta":[],"footnotes":""},"categories":[40],"tags":[296633,3704,5409,3318,194354,4130,545],"class_list":["post-1206576","post","type-post","status-publish","format-standard","has-post-thumbnail","hentry","category-industria","tag-604-8-millones","tag-concurso","tag-gebta","tag-gestion","tag-ministerios","tag-tribunales","tag-viajes"],"_links":{"self":[{"href":"https:\/\/dimensionturistica.com\/es\/wp-json\/wp\/v2\/posts\/1206576","targetHints":{"allow":["GET"]}}],"collection":[{"href":"https:\/\/dimensionturistica.com\/es\/wp-json\/wp\/v2\/posts"}],"about":[{"href":"https:\/\/dimensionturistica.com\/es\/wp-json\/wp\/v2\/types\/post"}],"author":[{"embeddable":true,"href":"https:\/\/dimensionturistica.com\/es\/wp-json\/wp\/v2\/users\/4"}],"replies":[{"embeddable":true,"href":"https:\/\/dimensionturistica.com\/es\/wp-json\/wp\/v2\/comments?post=1206576"}],"version-history":[{"count":1,"href":"https:\/\/dimensionturistica.com\/es\/wp-json\/wp\/v2\/posts\/1206576\/revisions"}],"predecessor-version":[{"id":1206578,"href":"https:\/\/dimensionturistica.com\/es\/wp-json\/wp\/v2\/posts\/1206576\/revisions\/1206578"}],"wp:featuredmedia":[{"embeddable":true,"href":"https:\/\/dimensionturistica.com\/es\/wp-json\/wp\/v2\/media\/1206577"}],"wp:attachment":[{"href":"https:\/\/dimensionturistica.com\/es\/wp-json\/wp\/v2\/media?parent=1206576"}],"wp:term":[{"taxonomy":"category","embeddable":true,"href":"https:\/\/dimensionturistica.com\/es\/wp-json\/wp\/v2\/categories?post=1206576"},{"taxonomy":"post_tag","embeddable":true,"href":"https:\/\/dimensionturistica.com\/es\/wp-json\/wp\/v2\/tags?post=1206576"}],"curies":[{"name":"wp","href":"https:\/\/api.w.org\/{rel}","templated":true}]}}