{"id":1206566,"date":"2026-09-03T09:38:25","date_gmt":"2026-09-03T09:38:25","guid":{"rendered":"https:\/\/dimensionturistica.com\/es\/?p=1206566"},"modified":"2026-09-03T09:38:25","modified_gmt":"2026-09-03T09:38:25","slug":"look-sofisticado-con-jeans-rectos-y-tacones-de-chanel-para-septiembre-2026","status":"publish","type":"post","link":"https:\/\/dimensionturistica.com\/es\/look-sofisticado-con-jeans-rectos-y-tacones-de-chanel-para-septiembre-2026\/","title":{"rendered":"Look sofisticado con jeans rectos y tacones de Chanel para septiembre 2026"},"content":{"rendered":"<p><strong>La Elegancia Casual: Pen\u00e9lope Cruz y su Impactante Look de Oto\u00f1o<\/strong><\/p>\n<p>El oto\u00f1o se presenta como la temporada ideal para combinar comodidad y sofisticaci\u00f3n, y Pen\u00e9lope Cruz ha demostrado una vez m\u00e1s que es la maestra en esa fusi\u00f3n. Recentemente, la actriz cautiv\u00f3 las miradas en un evento de moda en septiembre de 2026, donde luci\u00f3 una apariencia que ha dejado huella en el mundo del estilo contempor\u00e1neo.<\/p>\n<p>En esta ocasi\u00f3n, Cruz opt\u00f3 por unos jeans rectos que destacan no solo por su corte impecable, sino tambi\u00e9n por su versatilidad. Esta prenda b\u00e1sica se ha reinventado en varias pasarelas, y la actriz madrile\u00f1a ha sabido interpretarla de manera excepcional. Los jeans rectos son la opci\u00f3n perfecta para quienes buscan un equilibrio entre lo casual y lo chic, y Pen\u00e9lope lo demuestra al combinarlo con elementos de alta costura.<\/p>\n<p>El verdadero punto culminante de su atuendo fueron los zapatos de tac\u00f3n de Chanel, que elevaron su look a un nuevo nivel. Estos tacones no solo aportan un aire de elegancia, sino que tambi\u00e9n resaltan la figura, creando una silueta estilizada que es dif\u00edcil de pasar por alto. Chanel, una marca emblem\u00e1tica en el mundo de la moda, sigue siendo sin\u00f3nimo de lujo y distinci\u00f3n, y Cruz, como embajadora de este estilo, brilla con cada paso.<\/p>\n<p>Para complementar este look, la actriz eligi\u00f3 una blusa de tonos neutros que armonizaba perfectamente con el denim y el calzado. Este enfoque minimalista permite que los elementos de la vestimenta se integren de forma cohesiva, demostrando que menos es m\u00e1s en el \u00e1mbito de la moda. La elecci\u00f3n de accesorios discretos ayuda a mantener la atenci\u00f3n en el conjunto, subrayando que la elegancia reside en los detalles sutiles.<\/p>\n<p>Este atuendo es un claro ejemplo de c\u00f3mo las tendencias de moda pueden ser interpretadas de manera \u00fanica e individual. Los jeans rectos, una prenda que a menudo se considera cotidiana, se convierten en una declaraci\u00f3n de estilo cuando se combinan con piezas de alta gama. As\u00ed, Pen\u00e9lope Cruz sigue siendo una fuente de inspiraci\u00f3n para aquellos que desean incorporar la alta moda en su d\u00eda a d\u00eda sin sacrificar su esencia personal.<\/p>\n<p>Sin duda, el estilo de Cruz sigue siendo un faro de tendencias que invitan a la experimentaci\u00f3n y autenticidad. La ropa puede transmitir mucho m\u00e1s que est\u00e9tica; puede contar una historia, reflejar personalidad y, sobre todo, empoderar a quienes la llevan. En una sociedad donde la imagen tiene un papel primordial, este look es un recordatorio de que las elecciones de moda pueden ser audaces, sofisticadas y, sobre todo, verdaderamente individuales. <\/p>\n<p>Mantente atento a las tendencias que emergen del catwalk al street style y descubre c\u00f3mo cada prenda puede transformar tu guardarropa, inspir\u00e1ndote a adoptar un estilo que refleje quien realmente eres. Pen\u00e9lope Cruz brilla con luz propia, y esta es solo una de las muchas formas en que la moda se convierte en un arte de expresi\u00f3n personal.<\/p>\n<p><em> &#8221; Fuentes www.vogue.mx &#8221; <\/em><\/p>\n","protected":false},"excerpt":{"rendered":"<p>La Elegancia Casual: Pen\u00e9lope Cruz y su Impactante Look de Oto\u00f1o El oto\u00f1o se presenta como la temporada ideal para combinar comodidad y sofisticaci\u00f3n, y Pen\u00e9lope Cruz ha demostrado una vez m\u00e1s que es la maestra en esa fusi\u00f3n. Recentemente, la actriz cautiv\u00f3 las miradas en un evento de moda en septiembre de 2026, donde [&hellip;]<\/p>\n","protected":false},"author":14,"featured_media":1206567,"comment_status":"open","ping_status":"closed","sticky":false,"template":"","format":"standard","meta":{"om_disable_all_campaigns":false,"jnews-multi-image_gallery":[],"jnews_single_post":[],"jnews_primary_category":[],"jnews_social_meta":[],"footnotes":""},"categories":[144872],"tags":[6446,4664,25937,201997,659,134026,252640,16753,16925],"class_list":["post-1206566","post","type-post","status-publish","format-standard","has-post-thumbnail","hentry","category-fashion","tag-celebridades","tag-chanel","tag-elegante","tag-jeans-rectos","tag-moda","tag-penelope-cruz","tag-septiembre-2026","tag-zapatos","tag-zapatos-de-tacon"],"_links":{"self":[{"href":"https:\/\/dimensionturistica.com\/es\/wp-json\/wp\/v2\/posts\/1206566","targetHints":{"allow":["GET"]}}],"collection":[{"href":"https:\/\/dimensionturistica.com\/es\/wp-json\/wp\/v2\/posts"}],"about":[{"href":"https:\/\/dimensionturistica.com\/es\/wp-json\/wp\/v2\/types\/post"}],"author":[{"embeddable":true,"href":"https:\/\/dimensionturistica.com\/es\/wp-json\/wp\/v2\/users\/14"}],"replies":[{"embeddable":true,"href":"https:\/\/dimensionturistica.com\/es\/wp-json\/wp\/v2\/comments?post=1206566"}],"version-history":[{"count":1,"href":"https:\/\/dimensionturistica.com\/es\/wp-json\/wp\/v2\/posts\/1206566\/revisions"}],"predecessor-version":[{"id":1206568,"href":"https:\/\/dimensionturistica.com\/es\/wp-json\/wp\/v2\/posts\/1206566\/revisions\/1206568"}],"wp:featuredmedia":[{"embeddable":true,"href":"https:\/\/dimensionturistica.com\/es\/wp-json\/wp\/v2\/media\/1206567"}],"wp:attachment":[{"href":"https:\/\/dimensionturistica.com\/es\/wp-json\/wp\/v2\/media?parent=1206566"}],"wp:term":[{"taxonomy":"category","embeddable":true,"href":"https:\/\/dimensionturistica.com\/es\/wp-json\/wp\/v2\/categories?post=1206566"},{"taxonomy":"post_tag","embeddable":true,"href":"https:\/\/dimensionturistica.com\/es\/wp-json\/wp\/v2\/tags?post=1206566"}],"curies":[{"name":"wp","href":"https:\/\/api.w.org\/{rel}","templated":true}]}}