{"id":120655,"date":"2021-05-03T15:25:21","date_gmt":"2021-05-03T15:25:21","guid":{"rendered":"https:\/\/dimensionturistica.com\/es\/?p=120655"},"modified":"2021-05-03T15:25:22","modified_gmt":"2021-05-03T15:25:22","slug":"mas-de-mil-costarricenses-ya-reservaron-viajes-para-vacunarse-fuera-del-pais-agencias-proyectan-5-mil-pasajeros","status":"publish","type":"post","link":"https:\/\/dimensionturistica.com\/es\/mas-de-mil-costarricenses-ya-reservaron-viajes-para-vacunarse-fuera-del-pais-agencias-proyectan-5-mil-pasajeros\/","title":{"rendered":"M\u00e1s de mil costarricenses ya reservaron viajes para vacunarse fuera del pa\u00eds: Agencias proyectan 5 mil pasajeros"},"content":{"rendered":"<p> <br \/>\n<\/p>\n<div id=\"\">\n<p>03 mayo, 2021<\/p>\n<div class=\"thumb\">\n      <img decoding=\"async\" src=\"https:\/\/d1lofqbqbj927c.cloudfront.net\/monumental\/2021\/05\/file-20180904-45166-otjfyd.jpg\" class=\"attachment-large size-large wp-post-image\" alt=\"\"\/>    <\/div>\n<div class=\"excerpt\">\n<p>Precio de paquetes oscila entre $800 y $1000<\/p>\n<\/p><\/div>\n<p><strong>Por: Juan Enrique Soto Sibaja<\/strong><\/p>\n<p><a rel=\"nofollow noopener\" target=\"_blank\" href=\"https:\/\/www.monumental.co.cr\/2021\/05\/03\/mas-de-mil-costarricenses-ya-reservaron-viajes-para-vacunarse-fuera-del-pais-agencias-proyectan-5-mil-pasajeros\/mailto:juan.soto@monumental.co.cr\"><strong>juan.soto@monumental.co.cr<\/strong><\/a><\/p>\n<p>M\u00e1s de mil costarricenses ya reservaron un paquete de viaje para salir del pa\u00eds rumbo a Estados Unidos y as\u00ed vacunarse contra el Covid-19 en ese pa\u00eds.<\/p>\n<p>D\u00edas atr\u00e1s, el Presidente de la Rep\u00fablica, Carlos Andr\u00e9s Alvarado, dijo que quienes tengan la posibilidad de realizar turismo de vacunas lo hagan, para que se acelere el proceso de inmunizaci\u00f3n en el territorio nacional.<\/p>\n<p>Sary Valverde, Presidenta de la Asociaci\u00f3n Costarricense de Agencias de Viajes (ACAV), indic\u00f3 que la cantidad de reservaciones ha sido sorprendente, por lo que esperan movilizar a cinco mil turistas.<\/p>\n<figure class=\"wp-block-audio\"><audio controls=\"\" src=\"https:\/\/d1lofqbqbj927c.cloudfront.net\/monumental\/2021\/05\/AGENCIAS-VALVERDE-FD.mp3\"\/><\/figure>\n<p>Valverde coment\u00f3 que los paquetes de viaje para el turismo de vacunas oscilan entre los $800 y $1000 e incluyen tiquetes a\u00e9reos, traslados terrestres y hospedaje.<\/p>\n<figure class=\"wp-block-audio\"><audio controls=\"\" src=\"https:\/\/d1lofqbqbj927c.cloudfront.net\/monumental\/2021\/05\/AGENCIAS-SARY-FD.mp3\"\/><\/figure>\n<p>Para el ingreso a Estados Unidos los turistas costarricenses deben realizarse la prueba PCR de Covid-19 con 72 horas de anticipaci\u00f3n.<\/p>\n<div class=\"titicuponMobile\">\n<div class=\"block titicupon\">\n\t\t\t\t<a rel=\"nofollow noopener\" target=\"_blank\" href=\"https:\/\/www.titicupon.com\/titicupon\/rodeate-de-las-hermosas-monta%C3%B1as-de-sarch%C3%AD-con-este-hospedaje-%E2%82%A127000\"><br \/>\n\t\t\t\t\t<img decoding=\"async\" src=\"https:\/\/d1lofqbqbj927c.cloudfront.net\/monumental\/2021\/04\/Palomo.jpg\" alt=\"\"\/><br \/>\n\t\t\t\t<\/a>\n\t\t\t<\/div><\/div>\n<div class=\"titicuponMobile\">\n<div class=\"block titicupon\">\n\t\t\t\t<a rel=\"nofollow noopener\" target=\"_blank\" href=\"https:\/\/www.titicupon.com\/titicupon\/30-piezas-de-sushi-sopas-miso-papas-fritas-arroz-frito-s%C3%B3lo-%E2%82%A19500\"><br \/>\n\t\t\t\t\t<img decoding=\"async\" src=\"https:\/\/d1lofqbqbj927c.cloudfront.net\/monumental\/2021\/04\/Sapporo.jpg\" alt=\"\"\/><br \/>\n\t\t\t\t<\/a>\n\t\t\t<\/div><\/div><\/div>\n<p><script async defer crossorigin=\"anonymous\" src=\"https:\/\/connect.facebook.net\/es_LA\/sdk.js#xfbml=1&#038;version=v5.0&#038;appId=296379937054691&#038;autoLogAppEvents=1\"><\/script><br \/>\n<br \/><\/p>\n<p><em> &#8221; Fuentes www.monumental.co.cr &#8221; <\/em><\/p>\n","protected":false},"excerpt":{"rendered":"<p>03 mayo, 2021 Precio de paquetes oscila entre $800 y $1000 Por: Juan Enrique Soto Sibaja juan.soto@monumental.co.cr M\u00e1s de mil costarricenses ya reservaron un paquete de viaje para salir del pa\u00eds rumbo a Estados Unidos y as\u00ed vacunarse contra el Covid-19 en ese pa\u00eds. D\u00edas atr\u00e1s, el Presidente de la Rep\u00fablica, Carlos Andr\u00e9s Alvarado, dijo [&hellip;]<\/p>\n","protected":false},"author":4,"featured_media":120656,"comment_status":"open","ping_status":"closed","sticky":false,"template":"","format":"standard","meta":{"om_disable_all_campaigns":false,"jnews-multi-image_gallery":[],"jnews_single_post":[],"jnews_primary_category":[],"jnews_social_meta":[],"footnotes":""},"categories":[40],"tags":[],"class_list":["post-120655","post","type-post","status-publish","format-standard","has-post-thumbnail","hentry","category-industria"],"_links":{"self":[{"href":"https:\/\/dimensionturistica.com\/es\/wp-json\/wp\/v2\/posts\/120655","targetHints":{"allow":["GET"]}}],"collection":[{"href":"https:\/\/dimensionturistica.com\/es\/wp-json\/wp\/v2\/posts"}],"about":[{"href":"https:\/\/dimensionturistica.com\/es\/wp-json\/wp\/v2\/types\/post"}],"author":[{"embeddable":true,"href":"https:\/\/dimensionturistica.com\/es\/wp-json\/wp\/v2\/users\/4"}],"replies":[{"embeddable":true,"href":"https:\/\/dimensionturistica.com\/es\/wp-json\/wp\/v2\/comments?post=120655"}],"version-history":[{"count":0,"href":"https:\/\/dimensionturistica.com\/es\/wp-json\/wp\/v2\/posts\/120655\/revisions"}],"wp:featuredmedia":[{"embeddable":true,"href":"https:\/\/dimensionturistica.com\/es\/wp-json\/wp\/v2\/media\/120656"}],"wp:attachment":[{"href":"https:\/\/dimensionturistica.com\/es\/wp-json\/wp\/v2\/media?parent=120655"}],"wp:term":[{"taxonomy":"category","embeddable":true,"href":"https:\/\/dimensionturistica.com\/es\/wp-json\/wp\/v2\/categories?post=120655"},{"taxonomy":"post_tag","embeddable":true,"href":"https:\/\/dimensionturistica.com\/es\/wp-json\/wp\/v2\/tags?post=120655"}],"curies":[{"name":"wp","href":"https:\/\/api.w.org\/{rel}","templated":true}]}}