{"id":1206533,"date":"2026-09-03T07:56:25","date_gmt":"2026-09-03T07:56:25","guid":{"rendered":"https:\/\/dimensionturistica.com\/es\/?p=1206533"},"modified":"2026-09-03T07:56:25","modified_gmt":"2026-09-03T07:56:25","slug":"festival-de-cine-de-venecia-2026-estrellas-deslumbran-en-la-pasarela-roja","status":"publish","type":"post","link":"https:\/\/dimensionturistica.com\/es\/festival-de-cine-de-venecia-2026-estrellas-deslumbran-en-la-pasarela-roja\/","title":{"rendered":"Festival de Cine de Venecia 2026: Estrellas deslumbran en la pasarela roja"},"content":{"rendered":"<p><strong>Deslumbrando en el Festival de Cine de Venecia: Un Recorrido por los Mejores Vestidos de 2026<\/strong><\/p>\n<p>El Festival de Cine de Venecia, conocido por su glamour y exclusividad, una vez m\u00e1s se ha convertido en el escenario perfecto donde la moda y el cine se entrelazan. En su edici\u00f3n de 2026, las alfombras rojas vibraron con una paleta de estilos que abarc\u00f3 desde lo cl\u00e1sico hasta lo avant-garde, deleitando a los asistentes y espectadores de todo el mundo. La atenci\u00f3n se centr\u00f3 no solo en las proyecciones cinematogr\u00e1ficas, sino tambi\u00e9n en los impactantes looks que las celebridades lucieron en esta ic\u00f3nica ciudad.<\/p>\n<p><strong>Un viaje a lo cl\u00e1sico y lo contempor\u00e1neo<\/strong><\/p>\n<p>Este a\u00f1o, muchas actrices optaron por rendir homenaje a la elegancia del pasado, eligiendo vestidos que evocaban \u00e9pocas doradas del cine. Los cortes m\u00e1rtires, los brillos sutiles y los detalles en pedrer\u00eda hicieron su aparici\u00f3n, recordando a las grandes divas de Hollywood. Sin embargo, los dise\u00f1adores tambi\u00e9n llevaron sus propuestas hacia el futuro, incorporando l\u00edneas geom\u00e9tricas y texturas innovadoras que establecieron tendencias para lo que est\u00e1 por venir.<\/p>\n<p><strong>Colores que hablan<\/strong><\/p>\n<p>La paleta de colores este a\u00f1o fue un verdadero espect\u00e1culo. Desde los tonos vibrantes de rojo y azul cobalto hasta los suaves pasteles, cada elecci\u00f3n de vestuario hablaba tanto de un estado de \u00e1nimo como de una declaraci\u00f3n de estilo. El color negro, siempre un favorito en la alfombra roja, mostr\u00f3 su versatilidad a trav\u00e9s de silhouettes modernas que combinaban sofisticaci\u00f3n con un aire de misterio. Las celebridades no tuvieron miedo de experimentar, llevando sus elencos a nuevos niveles de expresi\u00f3n visual.<\/p>\n<p><strong>Accesorios que marcan la diferencia<\/strong><\/p>\n<p>Este a\u00f1o, los accesorios se convirtieron en los verdaderos protagonistas. Joyas brillantes que capturan la luz y complementos que desafiaron las normas convencionales se vieron en cada rinc\u00f3n. Las tiaras y tocados regresaron, record\u00e1ndonos que la realeza y la elegancia son siempre bienvenidas en eventos de esta magnitud. Los zapatos, en particular, se convirtieron en piezas de arte en s\u00ed mismos, adornados con cristales y dise\u00f1os esculturales, elevando cada outfit a su m\u00e1xima expresi\u00f3n.<\/p>\n<p><strong>Sostenibilidad en la moda<\/strong><\/p>\n<p>Un tema latente en la moda actual es la sostenibilidad, y este festival no se qued\u00f3 atr\u00e1s. Algunas celebridades optaron por utilizar vestidos de dise\u00f1adores que priorizan la moda \u00e9tica. Se pusieron de relieve las piezas confeccionadas con materiales reciclados y t\u00e9cnicas de producci\u00f3n responsables, demostrando que el estilo no tiene que estar re\u00f1ido con la conciencia ambiental.<\/p>\n<p><strong>El efecto viral de la moda veneciana<\/strong><\/p>\n<p>Lo que sucedi\u00f3 en Venecia no se qued\u00f3 solo en la alfombra roja. Las redes sociales estallaron con im\u00e1genes que capturaban la esencia de este festival. Instant\u00e1neas ic\u00f3nicas se compartieron r\u00e1pido, convirtiendo a algunos looks en verdaderos fen\u00f3menos virales. Los hashtags asociados no tardaron en inundar las plataformas, convirtiendo cada vestido en un tema de conversaci\u00f3n global.<\/p>\n<p><strong>Modas que inspiran<\/strong><\/p>\n<p>Cada vestido presentado en este prestigioso evento no solo fue un tributo al dise\u00f1o, sino tambi\u00e9n una fuente de inspiraci\u00f3n para aficionados y fashionistas. Las audaces decisiones de estilo invitan a todos a explorar su propia creatividad, recordando que la moda es una forma de expresi\u00f3n personal. Los looks del Festival de Cine de Venecia 2026 son un recordatorio de que cada atuendo cuenta una historia \u00fanica.<\/p>\n<p>Este evento, que combina el arte del cine con la moda de vanguardia, contin\u00faa siendo el epicentro donde se marcan las pautas para lo que est\u00e1 por venir. Las im\u00e1genes de esta alfombra roja quedar\u00e1n grabadas en la memoria colectiva, mientras se enciende la emoci\u00f3n por las nuevas narrativas que se presentar\u00e1n en los pr\u00f3ximos a\u00f1os. \u00a1Venecia ha hablado, y el mundo de la moda est\u00e1 escuchando!<\/p>\n<p><em> &#8221; Fuentes www.vogue.mx &#8221; <\/em><\/p>\n","protected":false},"excerpt":{"rendered":"<p>Deslumbrando en el Festival de Cine de Venecia: Un Recorrido por los Mejores Vestidos de 2026 El Festival de Cine de Venecia, conocido por su glamour y exclusividad, una vez m\u00e1s se ha convertido en el escenario perfecto donde la moda y el cine se entrelazan. En su edici\u00f3n de 2026, las alfombras rojas vibraron [&hellip;]<\/p>\n","protected":false},"author":14,"featured_media":1206534,"comment_status":"open","ping_status":"closed","sticky":false,"template":"","format":"standard","meta":{"om_disable_all_campaigns":false,"jnews-multi-image_gallery":[],"jnews_single_post":[],"jnews_primary_category":[],"jnews_social_meta":[],"footnotes":""},"categories":[144872],"tags":[55723,21732,6446,296627,875,211884,62379,52522,659],"class_list":["post-1206533","post","type-post","status-publish","format-standard","has-post-thumbnail","hentry","category-fashion","tag-55723","tag-alfombra-roja","tag-celebridades","tag-celebridades-en-el-cine","tag-cine","tag-eventos-cinematograficos","tag-festival-de-cine","tag-festival-de-cine-de-venecia","tag-moda"],"_links":{"self":[{"href":"https:\/\/dimensionturistica.com\/es\/wp-json\/wp\/v2\/posts\/1206533","targetHints":{"allow":["GET"]}}],"collection":[{"href":"https:\/\/dimensionturistica.com\/es\/wp-json\/wp\/v2\/posts"}],"about":[{"href":"https:\/\/dimensionturistica.com\/es\/wp-json\/wp\/v2\/types\/post"}],"author":[{"embeddable":true,"href":"https:\/\/dimensionturistica.com\/es\/wp-json\/wp\/v2\/users\/14"}],"replies":[{"embeddable":true,"href":"https:\/\/dimensionturistica.com\/es\/wp-json\/wp\/v2\/comments?post=1206533"}],"version-history":[{"count":1,"href":"https:\/\/dimensionturistica.com\/es\/wp-json\/wp\/v2\/posts\/1206533\/revisions"}],"predecessor-version":[{"id":1206535,"href":"https:\/\/dimensionturistica.com\/es\/wp-json\/wp\/v2\/posts\/1206533\/revisions\/1206535"}],"wp:featuredmedia":[{"embeddable":true,"href":"https:\/\/dimensionturistica.com\/es\/wp-json\/wp\/v2\/media\/1206534"}],"wp:attachment":[{"href":"https:\/\/dimensionturistica.com\/es\/wp-json\/wp\/v2\/media?parent=1206533"}],"wp:term":[{"taxonomy":"category","embeddable":true,"href":"https:\/\/dimensionturistica.com\/es\/wp-json\/wp\/v2\/categories?post=1206533"},{"taxonomy":"post_tag","embeddable":true,"href":"https:\/\/dimensionturistica.com\/es\/wp-json\/wp\/v2\/tags?post=1206533"}],"curies":[{"name":"wp","href":"https:\/\/api.w.org\/{rel}","templated":true}]}}