{"id":1206515,"date":"2026-09-03T07:04:28","date_gmt":"2026-09-03T07:04:28","guid":{"rendered":"https:\/\/dimensionturistica.com\/es\/?p=1206515"},"modified":"2026-09-03T07:04:28","modified_gmt":"2026-09-03T07:04:28","slug":"george-y-amal-clooney-deslumbran-con-atuendos-coordinados-en-el-festival-de-venecia-2026","status":"publish","type":"post","link":"https:\/\/dimensionturistica.com\/es\/george-y-amal-clooney-deslumbran-con-atuendos-coordinados-en-el-festival-de-venecia-2026\/","title":{"rendered":"George y Amal Clooney deslumbran con atuendos coordinados en el Festival de Venecia 2026."},"content":{"rendered":"<p><strong>Amal Clooney: Un Deslumbrante Estilo en el Festival de Cine de Venecia 2026<\/strong><\/p>\n<p>El Festival de Cine de Venecia, reconocido mundialmente por su glamuroso despliegue de moda y cine, se convirti\u00f3 una vez m\u00e1s en el epicentro de las miradas de los amantes de la moda y las celebridades. En esta edici\u00f3n de 2026, una figura destac\u00f3 con luz propia entre la multitud: Amal Clooney, quien, con su elegante presencia, llev\u00f3 el arte del dise\u00f1o a otro nivel.<\/p>\n<p>Con un vestido fruncido que abrazaba su silueta de manera magistral, Clooney captur\u00f3 la esencia de la sofisticaci\u00f3n moderna. Este tipo de dise\u00f1o no solo resalta la figura, sino que tambi\u00e9n juega con la textura y el movimiento, a\u00f1adiendo un elemento din\u00e1mico a cualquier atuendo. La elecci\u00f3n del color, una paleta que oscila entre lo cl\u00e1sico y lo contempor\u00e1neo, hizo eco con el ambiente rom\u00e1ntico de Venecia, creando una est\u00e9tica que armonizaba con los canales y la arquitectura hist\u00f3rica de la ciudad.<\/p>\n<p>No obstante, el vestido fue complementado de manera magistral con un par de zapatos de tac\u00f3n negros, que no solo aportaron altura, sino tambi\u00e9n un toque de audacia al conjunto. Este detalle, aunque sencillo, es emblem\u00e1tico del buen gusto que Amal encarna en cada una de sus apariciones. La combinaci\u00f3n del vestido y los zapatos ha generado conversaciones entre los cr\u00edticos de moda, quienes aplauden su capacidad para equilibrar elegancia y vanguardia.<\/p>\n<p>El Festival de Cine de Venecia no es solo un evento cinematogr\u00e1fico; es un escenario donde el estilo se encuentra con el arte, y Amal Clooney ha demostrado que su presencia en este tipo de eventos es una muestra de su entendimiento intuitivo de la moda. Cada elecci\u00f3n de vestuario que realiza en estas ocasiones no solo es una declaraci\u00f3n de estilo, sino una forma de continuar posicion\u00e1ndose como un \u00edcono de elegancia y sofisticaci\u00f3n.<\/p>\n<p>Adem\u00e1s, su elecci\u00f3n de accesorios fue igualmente impactante. Opt\u00f3 por piezas sutiles, evitando el exceso y permitiendo que el vestido y los tacones fuesen los protagonistas del look. Esta estrategia, que muchos expertos recomiendan, evidencia que menos es m\u00e1s y destaca c\u00f3mo Clooney ha sabido captar la atenci\u00f3n sin necesidad de depender de adornos ostentosos.<\/p>\n<p>La influencia de Amal no se limita solo a lo que lleva puesto. Su compromiso con causas sociales y su obra como abogada de derechos humanos son igualmente relevantes y se entrelazan con su estilo de vida. En cada aparici\u00f3n, no solo se presenta como una figura del mundo de la moda, sino tambi\u00e9n como una mujer que utiliza su plataforma para generar un impacto positivo.<\/p>\n<p>A medida que los flashes de las c\u00e1maras la segu\u00edan mientras se mov\u00eda por la alfombra roja, su estilo inigualable y su porte seguro resonaron en todos los rincones del festival, dejando una marca indeleble en la memoria colectiva de esta cita cinematogr\u00e1fica. Sin duda, Amal Clooney contin\u00faa siendo un referente no solo en la moda, sino en c\u00f3mo se entrelaza esta con cuestiones culturales y sociales.<\/p>\n<p>El Festival de Cine de Venecia 2026 no solo ha servido para celebrar el s\u00e9ptimo arte, sino tambi\u00e9n para reafirmar que la moda tiene el poder de contar historias y comunicar valores. Amal Clooney, como protagonista de esta narrativa visual, ha brillado con un estilo que seguir\u00e1 inspirando a futuras generaciones.<\/p>\n<p><em> &#8221; Fuentes www.vogue.mx &#8221; <\/em><\/p>\n","protected":false},"excerpt":{"rendered":"<p>Amal Clooney: Un Deslumbrante Estilo en el Festival de Cine de Venecia 2026 El Festival de Cine de Venecia, reconocido mundialmente por su glamuroso despliegue de moda y cine, se convirti\u00f3 una vez m\u00e1s en el epicentro de las miradas de los amantes de la moda y las celebridades. En esta edici\u00f3n de 2026, una [&hellip;]<\/p>\n","protected":false},"author":14,"featured_media":1206516,"comment_status":"open","ping_status":"closed","sticky":false,"template":"","format":"standard","meta":{"om_disable_all_campaigns":false,"jnews-multi-image_gallery":[],"jnews_single_post":[],"jnews_primary_category":[],"jnews_social_meta":[],"footnotes":""},"categories":[144872],"tags":[55723,21732,198504,7758,205938,52522,245262,8884,296623,659,296624],"class_list":["post-1206515","post","type-post","status-publish","format-standard","has-post-thumbnail","hentry","category-fashion","tag-55723","tag-alfombra-roja","tag-amal-clooney","tag-estilo","tag-eventos-de-cine","tag-festival-de-cine-de-venecia","tag-festival-de-venecia","tag-george-clooney","tag-looks-a-juego","tag-moda","tag-parejas-de-celebridades"],"_links":{"self":[{"href":"https:\/\/dimensionturistica.com\/es\/wp-json\/wp\/v2\/posts\/1206515","targetHints":{"allow":["GET"]}}],"collection":[{"href":"https:\/\/dimensionturistica.com\/es\/wp-json\/wp\/v2\/posts"}],"about":[{"href":"https:\/\/dimensionturistica.com\/es\/wp-json\/wp\/v2\/types\/post"}],"author":[{"embeddable":true,"href":"https:\/\/dimensionturistica.com\/es\/wp-json\/wp\/v2\/users\/14"}],"replies":[{"embeddable":true,"href":"https:\/\/dimensionturistica.com\/es\/wp-json\/wp\/v2\/comments?post=1206515"}],"version-history":[{"count":1,"href":"https:\/\/dimensionturistica.com\/es\/wp-json\/wp\/v2\/posts\/1206515\/revisions"}],"predecessor-version":[{"id":1206517,"href":"https:\/\/dimensionturistica.com\/es\/wp-json\/wp\/v2\/posts\/1206515\/revisions\/1206517"}],"wp:featuredmedia":[{"embeddable":true,"href":"https:\/\/dimensionturistica.com\/es\/wp-json\/wp\/v2\/media\/1206516"}],"wp:attachment":[{"href":"https:\/\/dimensionturistica.com\/es\/wp-json\/wp\/v2\/media?parent=1206515"}],"wp:term":[{"taxonomy":"category","embeddable":true,"href":"https:\/\/dimensionturistica.com\/es\/wp-json\/wp\/v2\/categories?post=1206515"},{"taxonomy":"post_tag","embeddable":true,"href":"https:\/\/dimensionturistica.com\/es\/wp-json\/wp\/v2\/tags?post=1206515"}],"curies":[{"name":"wp","href":"https:\/\/api.w.org\/{rel}","templated":true}]}}