{"id":1206506,"date":"2026-09-03T06:40:29","date_gmt":"2026-09-03T06:40:29","guid":{"rendered":"https:\/\/dimensionturistica.com\/es\/?p=1206506"},"modified":"2026-09-03T06:40:29","modified_gmt":"2026-09-03T06:40:29","slug":"mega-viaje-presenta-charlas-con-cafe-otono-2026-en-11-entidades-carta-de-mexico","status":"publish","type":"post","link":"https:\/\/dimensionturistica.com\/es\/mega-viaje-presenta-charlas-con-cafe-otono-2026-en-11-entidades-carta-de-mexico\/","title":{"rendered":"Mega Viaje presenta Charlas con Caf\u00e9 Oto\u00f1o 2026 en 11 entidades \u2014 Carta de M\u00e9xico."},"content":{"rendered":"<p><strong>Explorando el Encanto del Caf\u00e9: Mega Travel y las Charlas con Caf\u00e9 Oto\u00f1o 2026<\/strong><\/p>\n<p>La magia del caf\u00e9 no solo reside en su aroma y sabor, sino en las historias que cada taza puede contar. Mega Travel ha decidido llevar esta experiencia m\u00e1s all\u00e1 de las fronteras de una simple bebida, organizando un ciclo de charlas inspiradoras que combinar\u00e1n la pasi\u00f3n por el caf\u00e9 con valiosas reflexiones sobre bienestar y turismo. Este evento, denominado &#8220;Charlas con Caf\u00e9 Oto\u00f1o 2026&#8221;, se realizar\u00e1 en 11 estados de M\u00e9xico, brindando a los aficionados una oportunidad \u00fanica para aprender y compartir, mientras disfrutan de una buena taza de caf\u00e9.<\/p>\n<p>Desde el norte hasta el sur del pa\u00eds, enamorados del caf\u00e9 y del turismo se reunir\u00e1n para explorar temas relevantes que van m\u00e1s all\u00e1 de lo cotidiano, como la sostenibilidad, la cultura cafetera y el impacto del turismo en las comunidades locales. En un mundo donde la conexi\u00f3n humana es m\u00e1s importante que nunca, estas charlas se presentan como un puente que une a los participantes con los productores de caf\u00e9, as\u00ed como con expertos en turismo, quienes compartir\u00e1n sus experiencias y conocimientos.<\/p>\n<p>Cada sesi\u00f3n se convertir\u00e1 en un espacio para el di\u00e1logo abierto, donde los asistentes podr\u00e1n interactuar, hacer preguntas y compartir sus propias vivencias. Pero no solo se trata de conversaci\u00f3n; la experiencia tambi\u00e9n incluir\u00e1 degustaciones de caf\u00e9, donde los participantes podr\u00e1n apreciar las diferencias de origen y los matices que hacen de cada taza una obra maestra. Es una oportunidad para descubrir, por ejemplo, c\u00f3mo el clima, la altitud y el tipo de suelo influyen en el sabor del caf\u00e9 que disfrutamos diariamente.<\/p>\n<p>Adem\u00e1s, las Charlas con Caf\u00e9 Oto\u00f1o 2026 buscan fomentar la importancia del turismo responsable, mostrando c\u00f3mo cada visita a una plantaci\u00f3n de caf\u00e9 puede contribuir al bienestar de las comunidades que dependen de esta actividad. Al final de cada charla, los asistentes saldr\u00e1n no solo con un mayor aprecio por la bebida, sino tambi\u00e9n con el deseo de ser embajadores de un turismo que respete y valore la cultura de cada lugar.<\/p>\n<p>Este ciclo de charlas es tambi\u00e9n un llamado a los amantes del caf\u00e9 a explorar el rico patrimonio cultural de M\u00e9xico. Cada estado en el que se llevar\u00e1 a cabo el evento tiene su propia historia, su propia cultura y, por supuesto, su propia forma de hacer caf\u00e9. Desde las tierras altas de Veracruz hasta las llanuras de Chiapas, los participantes tendr\u00e1n la oportunidad de hacer un recorrido virtual que los llevar\u00e1 a descubrir no solo los procesos de producci\u00f3n, sino las tradiciones que se entrelazan con el cultivo del caf\u00e9.<\/p>\n<p>En un mundo donde las conexiones se han vuelto m\u00e1s digitales que personales, iniciativas como &#8220;Charlas con Caf\u00e9 Oto\u00f1o 2026&#8221; se presentan como un refrescante recordatorio de la importancia de la interacci\u00f3n humana, la cultura y el turismo responsable. Si eres un amante del caf\u00e9 o simplemente alguien que busca enriquecer su experiencia viajera, no te pierdas la oportunidad de participar en este evento que celebra la diversidad y la riqueza cultural de M\u00e9xico, taza a taza.<\/p>\n<p>Ya sea que vivas en uno de los estados donde se llevar\u00e1n a cabo las charlas o que simplemente est\u00e9s de paso, este evento es una invitaci\u00f3n a explorar, aprender y, sobre todo, disfrutar de una de las bebidas m\u00e1s queridas del mundo. \u00a1Prep\u00e1rate para un oto\u00f1o lleno de caf\u00e9 y conocimiento!<\/p>\n<p><em> &#8221; Sources www.cartademexico.com &#8221; <\/em><\/p>\n","protected":false},"excerpt":{"rendered":"<p>Explorando el Encanto del Caf\u00e9: Mega Travel y las Charlas con Caf\u00e9 Oto\u00f1o 2026 La magia del caf\u00e9 no solo reside en su aroma y sabor, sino en las historias que cada taza puede contar. Mega Travel ha decidido llevar esta experiencia m\u00e1s all\u00e1 de las fronteras de una simple bebida, organizando un ciclo de [&hellip;]<\/p>\n","protected":false},"author":4,"featured_media":1206507,"comment_status":"open","ping_status":"closed","sticky":false,"template":"","format":"standard","meta":{"om_disable_all_campaigns":false,"jnews-multi-image_gallery":[],"jnews_single_post":[],"jnews_primary_category":[],"jnews_social_meta":[],"footnotes":""},"categories":[40],"tags":[153116,296622,272728,30835,662,724,178203,264030,544,681],"class_list":["post-1206506","post","type-post","status-publish","format-standard","has-post-thumbnail","hentry","category-industria","tag-11-estados","tag-carta-de-mexico","tag-charlas-con-cafe","tag-conferencias","tag-cultura","tag-eventos","tag-mega-travel","tag-otono-2026","tag-turismo","tag-viaje"],"_links":{"self":[{"href":"https:\/\/dimensionturistica.com\/es\/wp-json\/wp\/v2\/posts\/1206506","targetHints":{"allow":["GET"]}}],"collection":[{"href":"https:\/\/dimensionturistica.com\/es\/wp-json\/wp\/v2\/posts"}],"about":[{"href":"https:\/\/dimensionturistica.com\/es\/wp-json\/wp\/v2\/types\/post"}],"author":[{"embeddable":true,"href":"https:\/\/dimensionturistica.com\/es\/wp-json\/wp\/v2\/users\/4"}],"replies":[{"embeddable":true,"href":"https:\/\/dimensionturistica.com\/es\/wp-json\/wp\/v2\/comments?post=1206506"}],"version-history":[{"count":1,"href":"https:\/\/dimensionturistica.com\/es\/wp-json\/wp\/v2\/posts\/1206506\/revisions"}],"predecessor-version":[{"id":1206508,"href":"https:\/\/dimensionturistica.com\/es\/wp-json\/wp\/v2\/posts\/1206506\/revisions\/1206508"}],"wp:featuredmedia":[{"embeddable":true,"href":"https:\/\/dimensionturistica.com\/es\/wp-json\/wp\/v2\/media\/1206507"}],"wp:attachment":[{"href":"https:\/\/dimensionturistica.com\/es\/wp-json\/wp\/v2\/media?parent=1206506"}],"wp:term":[{"taxonomy":"category","embeddable":true,"href":"https:\/\/dimensionturistica.com\/es\/wp-json\/wp\/v2\/categories?post=1206506"},{"taxonomy":"post_tag","embeddable":true,"href":"https:\/\/dimensionturistica.com\/es\/wp-json\/wp\/v2\/tags?post=1206506"}],"curies":[{"name":"wp","href":"https:\/\/api.w.org\/{rel}","templated":true}]}}