{"id":1206463,"date":"2026-09-03T04:29:24","date_gmt":"2026-09-03T04:29:24","guid":{"rendered":"https:\/\/dimensionturistica.com\/es\/?p=1206463"},"modified":"2026-09-03T04:29:24","modified_gmt":"2026-09-03T04:29:24","slug":"los-estilos-de-jeans-imprescindibles-para-la-temporada-otono-invierno-2026-pitillo-holgados-acampanados-y-mucho-mas","status":"publish","type":"post","link":"https:\/\/dimensionturistica.com\/es\/los-estilos-de-jeans-imprescindibles-para-la-temporada-otono-invierno-2026-pitillo-holgados-acampanados-y-mucho-mas\/","title":{"rendered":"Los estilos de jeans imprescindibles para la temporada Oto\u00f1o-Invierno 2026: pitillo, holgados, acampanados y mucho m\u00e1s."},"content":{"rendered":"<h3>La evoluci\u00f3n del jeans: Tendencias clave para el oto\u00f1o-invierno 2026<\/h3>\n<p>Cada temporada, los jeans se reinventan, adapt\u00e1ndose a las demandas de un mundo en constante cambio. Este oto\u00f1o-invierno 2026, el denim promete convertirse en el protagonista indiscutible del armario, fusionando nostalgia, vanguardia y comodidad. Descubramos juntos las tendencias que marcar\u00e1n el rumbo de este cl\u00e1sico atemporal.<\/p>\n<h4>1. Cortes con audacia<\/h4>\n<p>Uno de los elementos m\u00e1s destacados para esta temporada es la variedad en los cortes. Desde los cl\u00e1sicos de tiro alto hasta opciones m\u00e1s modernas de tiro bajo, la versatilidad es el sello distintivo. Los jeans rectos ganan terreno, permitiendo una silueta alargada y estilizada. Por otro lado, los modelos desiguales, con largos asim\u00e9tricos, aportan un toque de modernidad y audacia.<\/p>\n<h4>2. Colores que sorprenden<\/h4>\n<p>El negro y el azul seguir\u00e1n siendo favoritos, sin embargo, este oto\u00f1o-invierno la paleta de colores se expande. Los tonos tierra, verdes oliva y rojizos aparecen como protagonistas. Estos matices no solo refrescan la est\u00e9tica de los jeans, sino que tambi\u00e9n ofrecen infinitas posibilidades para combinaciones vers\u00e1tiles en el guardarropa.<\/p>\n<h4>3. Texturas y acabados<\/h4>\n<p>La textura juega un papel fundamental en la moda actual. Los acabados lavados, as\u00ed como los detalles desgastados, aportan car\u00e1cter al denim. Se introducen tambi\u00e9n opciones con toques de terciopelo y acabados brillantes, que desencadenan una sensaci\u00f3n de lujo en esta prenda esencial. Buscar un jeans que no solo luzca bien, sino que tambi\u00e9n ofrezca una experiencia t\u00e1ctil, se convertir\u00e1 en una prioridad.<\/p>\n<h4>4. Sostenibilidad en el primer plano<\/h4>\n<p>La moda sostenible sigue marcando pauta en la industria. Este a\u00f1o, los jeans confeccionados con materiales org\u00e1nicos y procesos de producci\u00f3n ecol\u00f3gicos estar\u00e1n en el centro de atenci\u00f3n. Las marcas est\u00e1n tomando medidas para reducir su huella de carbono, y los consumidores son cada vez m\u00e1s conscientes de la importancia de elegir productos que respeten el medio ambiente.<\/p>\n<h4>5. Estilo y funcionalidad<\/h4>\n<p>El equilibrio entre estilo y comodidad se reafirma. Las siluetas relajadas, como los jeans de pierna ancha y los mom jeans, permiten libertad de movimiento sin sacrificar la est\u00e9tica. Adem\u00e1s, el dise\u00f1o ergon\u00f3mico y los detalles como bolsillos amplios a\u00f1aden una capa de funcionalidad que resuena con las necesidades del d\u00eda a d\u00eda.<\/p>\n<h4>6. Accesorios que complementan<\/h4>\n<p>Los jeans de esta temporada no vienen solos. Se acompa\u00f1an de una variedad de accesorios que realzan el estilo final. Desde cinturones anchos hasta bufandas de tejido suave, cada componente cuenta. La clave est\u00e1 en equilibrar las piezas para lograr un look cohesivo que se adapte a diversas ocasiones.<\/p>\n<h4>7. Inspiraci\u00f3n en la cultura pop<\/h4>\n<p>Finalmente, la influencia de la cultura pop y los \u00edconos de estilo tambi\u00e9n se har\u00e1 notar. Estilos que evocan los a\u00f1os 90 y 2000 vuelven a escalar posiciones, integr\u00e1ndose en las tendencias actuales. La nostalgia juega un papel importante, convirtiendo a los jeans en un lienzo donde la historia de la moda se reinterpreta y se actualiza.<\/p>\n<h3>Conclusi\u00f3n<\/h3>\n<p>El denim sigue siendo un b\u00e1sico indispensable, y este oto\u00f1o-invierno 2026 ofrecer\u00e1 a los amantes de la moda oportunidades emocionantes para expresarse. La variedad de estilos, texturas y acabados permitir\u00e1 que cada persona encuentre su par ideal. Estar al tanto de estas tendencias no solo garantiza un armario actualizado, sino que tambi\u00e9n brinda la oportunidad de ser parte de una conversaci\u00f3n m\u00e1s amplia sobre estilo, sostenibilidad y la evoluci\u00f3n continua de la moda. \u00a1Descubre cu\u00e1l ser\u00e1 tu pr\u00f3ximo jeans favorito y prep\u00e1rate para marcar tendencia!<\/p>\n<p><em> &#8221; Fuentes www.vogue.mx &#8221; <\/em><\/p>\n","protected":false},"excerpt":{"rendered":"<p>La evoluci\u00f3n del jeans: Tendencias clave para el oto\u00f1o-invierno 2026 Cada temporada, los jeans se reinventan, adapt\u00e1ndose a las demandas de un mundo en constante cambio. Este oto\u00f1o-invierno 2026, el denim promete convertirse en el protagonista indiscutible del armario, fusionando nostalgia, vanguardia y comodidad. Descubramos juntos las tendencias que marcar\u00e1n el rumbo de este cl\u00e1sico [&hellip;]<\/p>\n","protected":false},"author":14,"featured_media":1206464,"comment_status":"open","ping_status":"closed","sticky":false,"template":"","format":"standard","meta":{"om_disable_all_campaigns":false,"jnews-multi-image_gallery":[],"jnews_single_post":[],"jnews_primary_category":[],"jnews_social_meta":[],"footnotes":""},"categories":[144872],"tags":[203144,219314,112287,16596,659,214561,1252],"class_list":["post-1206463","post","type-post","status-publish","format-standard","has-post-thumbnail","hentry","category-fashion","tag-acampanados","tag-baggy","tag-cigarette","tag-jeans","tag-moda","tag-otono-invierno-2026","tag-tendencia"],"_links":{"self":[{"href":"https:\/\/dimensionturistica.com\/es\/wp-json\/wp\/v2\/posts\/1206463","targetHints":{"allow":["GET"]}}],"collection":[{"href":"https:\/\/dimensionturistica.com\/es\/wp-json\/wp\/v2\/posts"}],"about":[{"href":"https:\/\/dimensionturistica.com\/es\/wp-json\/wp\/v2\/types\/post"}],"author":[{"embeddable":true,"href":"https:\/\/dimensionturistica.com\/es\/wp-json\/wp\/v2\/users\/14"}],"replies":[{"embeddable":true,"href":"https:\/\/dimensionturistica.com\/es\/wp-json\/wp\/v2\/comments?post=1206463"}],"version-history":[{"count":1,"href":"https:\/\/dimensionturistica.com\/es\/wp-json\/wp\/v2\/posts\/1206463\/revisions"}],"predecessor-version":[{"id":1206465,"href":"https:\/\/dimensionturistica.com\/es\/wp-json\/wp\/v2\/posts\/1206463\/revisions\/1206465"}],"wp:featuredmedia":[{"embeddable":true,"href":"https:\/\/dimensionturistica.com\/es\/wp-json\/wp\/v2\/media\/1206464"}],"wp:attachment":[{"href":"https:\/\/dimensionturistica.com\/es\/wp-json\/wp\/v2\/media?parent=1206463"}],"wp:term":[{"taxonomy":"category","embeddable":true,"href":"https:\/\/dimensionturistica.com\/es\/wp-json\/wp\/v2\/categories?post=1206463"},{"taxonomy":"post_tag","embeddable":true,"href":"https:\/\/dimensionturistica.com\/es\/wp-json\/wp\/v2\/tags?post=1206463"}],"curies":[{"name":"wp","href":"https:\/\/api.w.org\/{rel}","templated":true}]}}