{"id":1206460,"date":"2026-09-03T04:27:32","date_gmt":"2026-09-03T04:27:32","guid":{"rendered":"https:\/\/dimensionturistica.com\/es\/?p=1206460"},"modified":"2026-09-03T04:27:32","modified_gmt":"2026-09-03T04:27:32","slug":"interrupcion-del-transporte-aereo-y-destruccion-en-multiples-destinos-turisticos-de-colombia-tras-el-seismo-de-7-4-grados","status":"publish","type":"post","link":"https:\/\/dimensionturistica.com\/es\/interrupcion-del-transporte-aereo-y-destruccion-en-multiples-destinos-turisticos-de-colombia-tras-el-seismo-de-7-4-grados\/","title":{"rendered":"Interrupci\u00f3n del transporte a\u00e9reo y destrucci\u00f3n en m\u00faltiples destinos tur\u00edsticos de Colombia tras el se\u00edsmo de 7.4 grados."},"content":{"rendered":"<p><strong>Recuperaci\u00f3n y resiliencia: El futuro del turismo en Colombia tras la tragedia natural<\/strong><\/p>\n<p>Colombia, un pa\u00eds conocido por su vibrante cultura, paisajes impresionantes y una biodiversidad sin igual, ha enfrentado en las \u00faltimas semanas un desaf\u00edo sin precedentes: un potente terremoto que ha dejado huellas profundas en varios de sus destinos tur\u00edsticos m\u00e1s emblem\u00e1ticos. La paralizaci\u00f3n a\u00e9rea y la devastaci\u00f3n en zonas como el Eje Cafetero y el Caribe colombiano han planteado un reto significativo no solo para la infraestructura del turismo, sino tambi\u00e9n para la econom\u00eda local y la vida de miles de colombianos que dependen de esta actividad.<\/p>\n<p>La magnitud del sismo, registrado en una de las regiones m\u00e1s visitadas, ha suscitado preocupaci\u00f3n y tristeza entre los amantes de los viajes y los habitantes que ven c\u00f3mo su sustento se tambalea. Las impresionantes haciendas cafeteras, los vibrantes festivales locales y las playas paradis\u00edacas que atraen a turistas nacionales e internacionales se enfrentan a una dura realidad tras la cat\u00e1strofe.<\/p>\n<p>Sin embargo, en medio de esta adversidad, la resiliencia del pueblo colombiano brilla con fuerza. Las autoridades locales, en colaboraci\u00f3n con el sector tur\u00edstico, han comenzado a implementar planes de recuperaci\u00f3n para restablecer los servicios b\u00e1sicos y la conectividad a\u00e9rea. Las iniciativas de reconstrucci\u00f3n buscan no solo restaurar la infraestructura, sino tambi\u00e9n revitalizar la imagen del pa\u00eds como un destino tur\u00edstico seguro. <\/p>\n<p>A pesar de la magnitud de la tragedia, muchas regiones a\u00fan mantienen su encanto y est\u00e1n listas para recibir visitantes curiosos. Las comunidades est\u00e1n unidas, trabajando incansablemente para lavar las heridas que ha dejado el terremoto, restaurando con mano firme sus tradiciones y su hospitalidad. Se est\u00e1n desarrollando campa\u00f1as para incentivar el turismo interno, animando a los colombianos a redescubrir su propio pa\u00eds y apoyar a sus compatriotas. <\/p>\n<p>El contexto actual tambi\u00e9n ha generado una reflexi\u00f3n profunda sobre la sostenibilidad del turismo. La tragedia ha dejado al descubierto la necesidad de fortalecer las infraestructuras y los protocolos de seguridad, as\u00ed como de fomentar un modelo tur\u00edstico m\u00e1s consciente y responsable. Los viajeros est\u00e1n siendo llamados a ser part\u00edcipes de este proceso, a conocer y apoyar a las comunidades locales en su camino hacia la recuperaci\u00f3n.<\/p>\n<p>A medida que la vida vuelve poco a poco a la normalidad, Colombia sigue siendo un destino atractivo que ofrece experiencias \u00fanicas. Desde la impresionante selva amaz\u00f3nica hasta la calidez de sus gentes, el pa\u00eds renace con un esp\u00edritu de esperanza. Visitar estas tierras en este momento, no solo es una oportunidad para explorar su belleza, sino tambi\u00e9n para ser parte de un proceso transformador que promueve la solidaridad y la uni\u00f3n.<\/p>\n<p>La comunidad internacional observa con atenci\u00f3n c\u00f3mo Colombia se enfrenta a esta adversidad y se esfuerza por redefinir su futuro. Con cada medida tomada, cada puerta que se abre y cada sonrisa que se encuentra, el pa\u00eds demuestra que, aunque la naturaleza pueda causar estragos, la fuerza y el amor por la tierra y su gente siempre prevalecer\u00e1n. Es tiempo de que el mundo, lleno de viajeros incansables, renueve su compromiso de regresar a ese rinc\u00f3n del Caribe y el Eje Cafetero, destino de alegr\u00eda y resiliencia.<\/p>\n<p><em> &#8221; Sources www.caribbeannewsdigital.com &#8221; <\/em><\/p>\n","protected":false},"excerpt":{"rendered":"<p>Recuperaci\u00f3n y resiliencia: El futuro del turismo en Colombia tras la tragedia natural Colombia, un pa\u00eds conocido por su vibrante cultura, paisajes impresionantes y una biodiversidad sin igual, ha enfrentado en las \u00faltimas semanas un desaf\u00edo sin precedentes: un potente terremoto que ha dejado huellas profundas en varios de sus destinos tur\u00edsticos m\u00e1s emblem\u00e1ticos. La [&hellip;]<\/p>\n","protected":false},"author":4,"featured_media":1206461,"comment_status":"open","ping_status":"closed","sticky":false,"template":"","format":"standard","meta":{"om_disable_all_campaigns":false,"jnews-multi-image_gallery":[],"jnews_single_post":[],"jnews_primary_category":[],"jnews_social_meta":[],"footnotes":""},"categories":[40],"tags":[58822,5694,771,1318,174164,45589,39514,296607,296606,58823,2673,544],"class_list":["post-1206460","post","type-post","status-publish","format-standard","has-post-thumbnail","hentry","category-industria","tag-caribbean-news-digital","tag-cnd","tag-colombia","tag-destinos-turisticos","tag-devastacion","tag-excelencias","tag-grupo-excelencias","tag-magnitud-7-4","tag-paralisis-aerea","tag-periodico-electronico","tag-terremoto","tag-turismo"],"_links":{"self":[{"href":"https:\/\/dimensionturistica.com\/es\/wp-json\/wp\/v2\/posts\/1206460","targetHints":{"allow":["GET"]}}],"collection":[{"href":"https:\/\/dimensionturistica.com\/es\/wp-json\/wp\/v2\/posts"}],"about":[{"href":"https:\/\/dimensionturistica.com\/es\/wp-json\/wp\/v2\/types\/post"}],"author":[{"embeddable":true,"href":"https:\/\/dimensionturistica.com\/es\/wp-json\/wp\/v2\/users\/4"}],"replies":[{"embeddable":true,"href":"https:\/\/dimensionturistica.com\/es\/wp-json\/wp\/v2\/comments?post=1206460"}],"version-history":[{"count":1,"href":"https:\/\/dimensionturistica.com\/es\/wp-json\/wp\/v2\/posts\/1206460\/revisions"}],"predecessor-version":[{"id":1206462,"href":"https:\/\/dimensionturistica.com\/es\/wp-json\/wp\/v2\/posts\/1206460\/revisions\/1206462"}],"wp:featuredmedia":[{"embeddable":true,"href":"https:\/\/dimensionturistica.com\/es\/wp-json\/wp\/v2\/media\/1206461"}],"wp:attachment":[{"href":"https:\/\/dimensionturistica.com\/es\/wp-json\/wp\/v2\/media?parent=1206460"}],"wp:term":[{"taxonomy":"category","embeddable":true,"href":"https:\/\/dimensionturistica.com\/es\/wp-json\/wp\/v2\/categories?post=1206460"},{"taxonomy":"post_tag","embeddable":true,"href":"https:\/\/dimensionturistica.com\/es\/wp-json\/wp\/v2\/tags?post=1206460"}],"curies":[{"name":"wp","href":"https:\/\/api.w.org\/{rel}","templated":true}]}}