{"id":1206431,"date":"2026-09-03T02:46:23","date_gmt":"2026-09-03T02:46:23","guid":{"rendered":"https:\/\/dimensionturistica.com\/es\/?p=1206431"},"modified":"2026-09-03T02:46:23","modified_gmt":"2026-09-03T02:46:23","slug":"estilos-de-belleza-para-la-temporada-otono-invierno-2026-cortes-de-cabello-peinados-cejas-y-maquillaje","status":"publish","type":"post","link":"https:\/\/dimensionturistica.com\/es\/estilos-de-belleza-para-la-temporada-otono-invierno-2026-cortes-de-cabello-peinados-cejas-y-maquillaje\/","title":{"rendered":"Estilos de belleza para la temporada Oto\u00f1o-Invierno 2026: Cortes de cabello, peinados, cejas y maquillaje."},"content":{"rendered":"<p><strong>Tendencias de Belleza Oto\u00f1o-Invierno 2026: El Renacer de la Expresi\u00f3n Est\u00e9tica<\/strong><\/p>\n<p>La temporada de oto\u00f1o e invierno 2026 se perfila como un momento crucial en la evoluci\u00f3n de la belleza y la est\u00e9tica personal. Este a\u00f1o, las pasarelas y las calles se entrelazan en un juego de colores vibrantes, texturas audaces y un enfoque renovado en la autenticidad. Vamos a desglosar los elementos m\u00e1s destacados que marcar\u00e1n tendencia y c\u00f3mo puedes incorporarlos a tu rutina de belleza.<\/p>\n<p><strong>Ojos que Cuentan Historias<\/strong><\/p>\n<p>En este ciclo, los ojos se convierten en el lienzo principal de la expresi\u00f3n. Sombras brillantes en tonos inesperados como el malva, esmeralda y dorado ocupan un lugar central. La t\u00e9cnica de difuminado se reinventa, incorporando capas y mezclas que juegan con la luz. Adem\u00e1s, el delineado gr\u00e1fico hace un regreso triunfal, debiendo llevarse con confianza, marcando un estilo audaz que puede transformar cualquier mirada.<\/p>\n<p><strong>Labios que Atrapan Miradas<\/strong><\/p>\n<p>El maquillaje de labios se orienta hacia acabados atrevidos. Los colores en tonos berry, borgo\u00f1a y terracota dominar\u00e1n el panorama, destacando la variedad de texturas: desde mates intensos hasta brillantes gloss. La clave est\u00e1 en la personalizaci\u00f3n; cada persona puede jugar con la forma y el acabado para expresar su individualidad, convirtiendo los labios en un punto focal de atracci\u00f3n.<\/p>\n<p><strong>Piel Radiante y Natural<\/strong><\/p>\n<p>La tendencia hacia la piel fresca y luminosa sigue a la vanguardia. Este invierno, el enfoque se desplaza de las coberturas pesadas hacia f\u00f3rmulas ligeras que permiten que la piel respire, resaltando la salud y el brillo natural. Los iluminadores se aplican estrat\u00e9gicamente para aportar un efecto de piel de &#8216;resort&#8217;, asegur\u00e1ndose de que cada producto utilizado potencie la luminosidad del rostro.<\/p>\n<p><strong>Capas de Textura<\/strong><\/p>\n<p>La moda no solo se limita a la ropa; tambi\u00e9n abarca la forma en que interactuamos con nuestros productos de belleza. Este a\u00f1o, el concepto de &#8220;capas&#8221; se hace fundamental. Mezclar diferentes consistencias y acabados, como aceites, cremas y serums, permite un enfoque m\u00e1s din\u00e1mico y personal en el cuidado de la piel. Esto no solo fomenta la experimentaci\u00f3n, sino que tambi\u00e9n invita a una conversaci\u00f3n sobre la forma en que los productos pueden funcionar juntos para potenciar el bienestar personal.<\/p>\n<p><strong>Regreso a lo Esencial<\/strong><\/p>\n<p>Frente a la sobrecarga de informaci\u00f3n y productos, esta temporada invita a una vuelta a lo esencial. La tendencia apunta a una simplicidad intencionada que prioriza la calidad sobre la cantidad. Ingredientes naturales y f\u00f3rmulas limpias se convierten en aliados para aquellos que buscan una conexi\u00f3n m\u00e1s aut\u00e9ntica con su rutina de belleza, destac\u00e1ndose marcas que apuestan por la sostenibilidad y la transparencia.<\/p>\n<p><strong>Innovaci\u00f3n en Estilo<\/strong><\/p>\n<p>No podemos olvidar que la innovaci\u00f3n tecnol\u00f3gica tambi\u00e9n marca el rumbo de la belleza. Apps de asesor\u00eda de maquillaje y herramientas de realidad aumentada est\u00e1n transformando la manera en que experimentamos y aplicamos productos de belleza. Con s\u00f3lo un clic, es posible visualizar diferentes looks, conseguir inspiraci\u00f3n y recibir recomendaciones personalizadas, haciendo que el proceso sea tanto divertido como accesible.<\/p>\n<p><strong>Conclusi\u00f3n: Un Viaje Sensorial<\/strong><\/p>\n<p>Con cada mes que pasa, se hace evidente que la belleza moderna es un viaje sensorial que invita a la creatividad y la autoexpresi\u00f3n. Con estas tendencias de oto\u00f1o-invierno 2026, hay una especial invitaci\u00f3n a abrazar la diversidad y celebrar la individualidad. Ya sea a trav\u00e9s de colores audaces, texturas inesperadas o el retorno a la esencia, este es el momento perfecto para experimentar y disfrutar el arte de la belleza en su m\u00e1xima expresi\u00f3n, haciendo de cada d\u00eda una pasarela en s\u00ed misma.<\/p>\n<p><em> &#8221; Fuentes www.vogue.mx &#8221; <\/em><\/p>\n","protected":false},"excerpt":{"rendered":"<p>Tendencias de Belleza Oto\u00f1o-Invierno 2026: El Renacer de la Expresi\u00f3n Est\u00e9tica La temporada de oto\u00f1o e invierno 2026 se perfila como un momento crucial en la evoluci\u00f3n de la belleza y la est\u00e9tica personal. Este a\u00f1o, las pasarelas y las calles se entrelazan en un juego de colores vibrantes, texturas audaces y un enfoque renovado [&hellip;]<\/p>\n","protected":false},"author":14,"featured_media":1206432,"comment_status":"open","ping_status":"closed","sticky":false,"template":"","format":"standard","meta":{"om_disable_all_campaigns":false,"jnews-multi-image_gallery":[],"jnews_single_post":[],"jnews_primary_category":[],"jnews_social_meta":[],"footnotes":""},"categories":[144872],"tags":[3381,39783,58791,223512,200508,5713,21502,4330,202184,2182,12543],"class_list":["post-1206431","post","type-post","status-publish","format-standard","has-post-thumbnail","hentry","category-fashion","tag-belleza","tag-cabello","tag-cejas","tag-color-de-cabello","tag-cortes-de-cabello","tag-invierno","tag-maquillaje","tag-otono","tag-peinados","tag-tendencias","tag-unas"],"_links":{"self":[{"href":"https:\/\/dimensionturistica.com\/es\/wp-json\/wp\/v2\/posts\/1206431","targetHints":{"allow":["GET"]}}],"collection":[{"href":"https:\/\/dimensionturistica.com\/es\/wp-json\/wp\/v2\/posts"}],"about":[{"href":"https:\/\/dimensionturistica.com\/es\/wp-json\/wp\/v2\/types\/post"}],"author":[{"embeddable":true,"href":"https:\/\/dimensionturistica.com\/es\/wp-json\/wp\/v2\/users\/14"}],"replies":[{"embeddable":true,"href":"https:\/\/dimensionturistica.com\/es\/wp-json\/wp\/v2\/comments?post=1206431"}],"version-history":[{"count":1,"href":"https:\/\/dimensionturistica.com\/es\/wp-json\/wp\/v2\/posts\/1206431\/revisions"}],"predecessor-version":[{"id":1206433,"href":"https:\/\/dimensionturistica.com\/es\/wp-json\/wp\/v2\/posts\/1206431\/revisions\/1206433"}],"wp:featuredmedia":[{"embeddable":true,"href":"https:\/\/dimensionturistica.com\/es\/wp-json\/wp\/v2\/media\/1206432"}],"wp:attachment":[{"href":"https:\/\/dimensionturistica.com\/es\/wp-json\/wp\/v2\/media?parent=1206431"}],"wp:term":[{"taxonomy":"category","embeddable":true,"href":"https:\/\/dimensionturistica.com\/es\/wp-json\/wp\/v2\/categories?post=1206431"},{"taxonomy":"post_tag","embeddable":true,"href":"https:\/\/dimensionturistica.com\/es\/wp-json\/wp\/v2\/tags?post=1206431"}],"curies":[{"name":"wp","href":"https:\/\/api.w.org\/{rel}","templated":true}]}}