{"id":120643,"date":"2021-05-03T15:01:12","date_gmt":"2021-05-03T15:01:12","guid":{"rendered":"https:\/\/dimensionturistica.com\/es\/?p=120643"},"modified":"2021-05-03T15:01:12","modified_gmt":"2021-05-03T15:01:12","slug":"ue-busca-abrir-sus-fronteras-tras-un-ano-de-aislamiento","status":"publish","type":"post","link":"https:\/\/dimensionturistica.com\/es\/ue-busca-abrir-sus-fronteras-tras-un-ano-de-aislamiento\/","title":{"rendered":"UE busca abrir sus fronteras tras un a\u00f1o de aislamiento"},"content":{"rendered":"<p> <br \/>\n<\/p>\n<div>\n<div class=\"visual__image  image_container\"><img decoding=\"async\" alt=\"\" height=\"1190\" width=\"1296\" src=\"https:\/\/www.infobae.com\/new-resizer\/wuQRq0zy5RCqJeMMKQpfcUc83VM=\/420x420\/filters:format(jpg):quality(85)\/cloudfront-us-east-1.images.arcpublishing.com\/infobae\/LJU4GQOHKVAQTKWXQUTCGMH33E.jpg\" srcset=\"https:\/\/www.infobae.com\/new-resizer\/wuQRq0zy5RCqJeMMKQpfcUc83VM=\/420x420\/filters:format(jpg):quality(85)\/cloudfront-us-east-1.images.arcpublishing.com\/infobae\/LJU4GQOHKVAQTKWXQUTCGMH33E.jpg 420w,https:\/\/www.infobae.com\/new-resizer\/ciBj2mcKoke6l5q4H7bx-V5aXRw=\/768x768\/filters:format(jpg):quality(85)\/cloudfront-us-east-1.images.arcpublishing.com\/infobae\/LJU4GQOHKVAQTKWXQUTCGMH33E.jpg 768w,https:\/\/www.infobae.com\/new-resizer\/-XnebOnBTMmnSXstOojhDF_FLP4=\/992x992\/filters:format(jpg):quality(85)\/cloudfront-us-east-1.images.arcpublishing.com\/infobae\/LJU4GQOHKVAQTKWXQUTCGMH33E.jpg 992w,https:\/\/www.infobae.com\/new-resizer\/r7UWm9-7rGrKfDGmnb4lRcKkniE=\/1200x1200\/filters:format(jpg):quality(85)\/cloudfront-us-east-1.images.arcpublishing.com\/infobae\/LJU4GQOHKVAQTKWXQUTCGMH33E.jpg 1200w\" sizes=\"auto, (min-width: 800px) 50vw, 90vw\" loading=\"lazy\"\/><\/div>\n<p>(Bloomberg) &#8212; El Uni\u00f3n Europea pretende dar un paso importante hacia la vuelta a la normalidad con planes para reabrir sus fronteras tras meses de restricciones provocadas por la pandemia.<\/p>\n<p>Justo a tiempo para la temporada de viajes de verano, las playas espa\u00f1olas, italianas y griegas, junto con ciudades como Par\u00eds, Roma y Berl\u00edn, podr\u00e1n recibir a los viajeros que hayan sido completamente vacunados contra el covid-19, seg\u00fan una propuesta de la Comisi\u00f3n Europea.<\/p>\n<p>Es \u201cmomento de revivir la industria tur\u00edstica de la UE y de reavivar las amistades transfronterizas de manera segura\u201d, dijo en Twitter la presidenta de la Comisi\u00f3n, Ursula von der Leyen.<\/p>\n<p>Aunque Europa sigue luchando contra una tercera ola, muestra signos de estar controlando la enfermedad, que ha infectado a m\u00e1s de 30 millones de personas en la regi\u00f3n. Las restricciones en varios pa\u00edses se est\u00e1n flexibilizando a medida que las tasas de contagio disminuyen y las inoculaciones aumentan.<\/p>\n<p>El brazo ejecutivo de la UE recomend\u00f3 recibir a los visitantes de pa\u00edses con tasas de infecci\u00f3n relativamente bajas, as\u00ed como a los que est\u00e9n completamente vacunados, seg\u00fan un comunicado emitido el lunes. Las propuestas requieren la aprobaci\u00f3n de una mayor\u00eda ponderada de los 27 Estados miembros del bloque y podr\u00edan adoptarse a fines de mayo, seg\u00fan un funcionario de la Comisi\u00f3n.<\/p>\n<p>Los nuevos par\u00e1metros reemplazar\u00edan una prohibici\u00f3n normal de viajes no esenciales a la UE para residentes de todos los pa\u00edses, excepto unos pocos. La normativa lleva m\u00e1s de un a\u00f1o en vigor y supuso un duro golpe para una regi\u00f3n que se enorgullece de tener las fronteras abiertas.<\/p>\n<p>Seg\u00fan la propuesta, los Estados miembros estar\u00e1n obligados a aceptar la prueba de todas las vacunas aprobadas en la UE, incluidas las producidas por Pfizer Inc.-BioNTech SE, AstraZeneca Plc, Moderna Inc. y Johnson &amp; Johnson.<\/p>\n<p>Los Gobiernos nacionales tendr\u00e1n la facultad de aceptar las vacunas que hayan superado el proceso de inclusi\u00f3n en la lista de uso de emergencia de la Organizaci\u00f3n Mundial de la Salud (OMS), pero no podr\u00e1n reconocer otras vacunas por su cuenta. Esto significa que las personas inoculadas con la vacuna rusa Sputnik o las vacunas Sinopharm y Sinovac de China no podr\u00e1n viajar libremente a la UE \u00fanicamente por su estado de vacunaci\u00f3n.<\/p>\n<p>Las nuevas normas incluyen un llamado freno de emergencia, que permitir\u00e1 a los Estados miembros restablecer las prohibiciones de viaje en pa\u00edses donde surjan nuevas variantes de riesgo o aumenten las tasas de contagio. En tal caso, solo se permitir\u00e1 el ingreso de trabajadores esenciales, como diplom\u00e1ticos y private sanitario, e incluso en ese caso, estar\u00e1n sujetos a pruebas estrictas y requisitos de cuarentena.<\/p>\n<p>Un funcionario de la comisi\u00f3n dijo a periodistas en Bruselas que Israel definitivamente estar\u00e1 en la lista de pa\u00edses cuyos residentes vacunados podr\u00e1n viajar a la UE. La reciprocidad tambi\u00e9n se tendr\u00e1 en cuenta como issue para facilitar los viajes de ocio, a\u00f1adi\u00f3 el funcionario cuando se le pregunt\u00f3 por los residentes del Reino Unido.<\/p>\n<p>La Comisi\u00f3n elaborar\u00e1 una lista de certificados de vacunaci\u00f3n aprobados emitidos por pa\u00edses no pertenecientes a la UE. Se espera que las conversaciones con Washington conduzcan a la introducci\u00f3n de un certificado uniforme que cumpla las normas de seguridad y precisi\u00f3n de la UE, dijo el funcionario de la Comisi\u00f3n.<\/p>\n<p>Nota Unique:EU Appears to Open Its Borders After a 12 months of Pandemic Isolation<\/p>\n<p>For extra articles like this, please go to us at <a rel=\"nofollow noopener\" target=\"_blank\" href=\"https:\/\/www.bloomberg.com\">bloomberg.com<\/a><\/p>\n<p>\u00a92021 Bloomberg L.P.<\/p>\n<\/div>\n<p><script defer=\"\">!function(f,b,e,v,n,t,s) {if(f.fbq)return;n=f.fbq=function(){n.callMethod? n.callMethod.apply(n,arguments):n.queue.push(arguments)}; if(!f._fbq)f._fbq=n;n.push=n;n.loaded=!0;n.version='2.0'; n.queue=[];t=b.createElement(e);t.async=!0; t.src=v;s=b.getElementsByTagName(e)[0]; s.parentNode.insertBefore(t,s)}(window, document,'script', 'https:\/\/connect.facebook.net\/en_US\/fbevents.js'); fbq('init', '336383993555320'); fbq('track', 'PageView'); fbq('track', 'ViewContent');<\/script><br \/>\n<br \/><\/p>\n<p><em> &#8221; Fuentes www.infobae.com &#8221; <\/em><\/p>\n","protected":false},"excerpt":{"rendered":"<p>(Bloomberg) &#8212; El Uni\u00f3n Europea pretende dar un paso importante hacia la vuelta a la normalidad con planes para reabrir sus fronteras tras meses de restricciones provocadas por la pandemia. Justo a tiempo para la temporada de viajes de verano, las playas espa\u00f1olas, italianas y griegas, junto con ciudades como Par\u00eds, Roma y Berl\u00edn, podr\u00e1n [&hellip;]<\/p>\n","protected":false},"author":4,"featured_media":120644,"comment_status":"open","ping_status":"closed","sticky":false,"template":"","format":"standard","meta":{"om_disable_all_campaigns":false,"jnews-multi-image_gallery":[],"jnews_single_post":[],"jnews_primary_category":[],"jnews_social_meta":[],"footnotes":""},"categories":[40],"tags":[],"class_list":["post-120643","post","type-post","status-publish","format-standard","has-post-thumbnail","hentry","category-industria"],"_links":{"self":[{"href":"https:\/\/dimensionturistica.com\/es\/wp-json\/wp\/v2\/posts\/120643","targetHints":{"allow":["GET"]}}],"collection":[{"href":"https:\/\/dimensionturistica.com\/es\/wp-json\/wp\/v2\/posts"}],"about":[{"href":"https:\/\/dimensionturistica.com\/es\/wp-json\/wp\/v2\/types\/post"}],"author":[{"embeddable":true,"href":"https:\/\/dimensionturistica.com\/es\/wp-json\/wp\/v2\/users\/4"}],"replies":[{"embeddable":true,"href":"https:\/\/dimensionturistica.com\/es\/wp-json\/wp\/v2\/comments?post=120643"}],"version-history":[{"count":0,"href":"https:\/\/dimensionturistica.com\/es\/wp-json\/wp\/v2\/posts\/120643\/revisions"}],"wp:featuredmedia":[{"embeddable":true,"href":"https:\/\/dimensionturistica.com\/es\/wp-json\/wp\/v2\/media\/120644"}],"wp:attachment":[{"href":"https:\/\/dimensionturistica.com\/es\/wp-json\/wp\/v2\/media?parent=120643"}],"wp:term":[{"taxonomy":"category","embeddable":true,"href":"https:\/\/dimensionturistica.com\/es\/wp-json\/wp\/v2\/categories?post=120643"},{"taxonomy":"post_tag","embeddable":true,"href":"https:\/\/dimensionturistica.com\/es\/wp-json\/wp\/v2\/tags?post=120643"}],"curies":[{"name":"wp","href":"https:\/\/api.w.org\/{rel}","templated":true}]}}