{"id":1206395,"date":"2026-09-03T01:04:23","date_gmt":"2026-09-03T01:04:23","guid":{"rendered":"https:\/\/dimensionturistica.com\/es\/?p=1206395"},"modified":"2026-09-03T01:04:23","modified_gmt":"2026-09-03T01:04:23","slug":"actividades-y-atracciones-en-septiembre-2025-en-la-cdmx-que-explorar-disfrutar-y-degustar","status":"publish","type":"post","link":"https:\/\/dimensionturistica.com\/es\/actividades-y-atracciones-en-septiembre-2025-en-la-cdmx-que-explorar-disfrutar-y-degustar\/","title":{"rendered":"Actividades y atracciones en septiembre 2025 en la CDMX: \u00bfQu\u00e9 explorar, disfrutar y degustar?"},"content":{"rendered":"<h3>Eventos Imperdibles en CDMX: Septiembre de 2026<\/h3>\n<p>El mes de septiembre promete ser un fest\u00edn de experiencias en la Ciudad de M\u00e9xico, donde la moda se fusiona con el arte, la m\u00fasica y la cultura. Para quienes buscan estar a la vanguardia, este mes se viste de gala con una serie de eventos que no solo atraer\u00e1n a los apasionados de la moda, sino que tambi\u00e9n invitar\u00e1n a todos a disfrutar de la rica diversidad cultural que ofrece la capital. <\/p>\n<h4>1. <strong>Semana de la Moda de la CDMX<\/strong><\/h4>\n<p>Uno de los acontecimientos m\u00e1s esperados del a\u00f1o es, sin duda, la Semana de la Moda de la CDMX. Este escaparate del talento local e internacional es la plataforma ideal para que dise\u00f1adores emergentes y consagrados muestren sus colecciones m\u00e1s innovadoras. Los amantes de la moda podr\u00e1n disfrutar de pasarelas espectaculares, exposiciones y paneles de discusi\u00f3n. Adem\u00e1s, la oportunidad de interactuar con los creadores y entender el proceso detr\u00e1s de cada prenda es un valor a\u00f1adido que nadie deber\u00eda perderse.<\/p>\n<h4>2. <strong>D\u00eda de la Independencia<\/strong><\/h4>\n<p>El 16 de septiembre no solo se conmemora la independencia del pa\u00eds, sino que tambi\u00e9n se celebra con una serie de eventos culturales en toda la ciudad. Este a\u00f1o, las festividades prometer\u00e1n un despliegue vibrante de colores, m\u00fasica y gastronom\u00eda. Desde desfiles hasta actividades culturales, la ciudad vibrar\u00e1 con la energ\u00eda patri\u00f3tica que la caracteriza, ofreciendo una experiencia \u00fanica en un ambiente festivo que une a todos los asistentes.<\/p>\n<h4>3. <strong>Arte y Moda: Una Conexi\u00f3n Inquebrantable<\/strong><\/h4>\n<p>Durante todo el mes, diversos espacios culturales ofrecer\u00e1n exposiciones que exploran la intersecci\u00f3n entre el arte y la moda. Esta es una oportunidad para descubrir c\u00f3mo la est\u00e9tica contempor\u00e1nea y los movimientos art\u00edsticos han influido en la forma de vestir, y viceversa. Las galer\u00edas de arte de la ciudad se preparan para recibir a dise\u00f1adores y artistas que compartir\u00e1n su visi\u00f3n y creatividad a trav\u00e9s de instalaciones y colecciones que desaf\u00edan las normas convencionales.<\/p>\n<h4>4. <strong>Festivales de M\u00fasica y Moda<\/strong><\/h4>\n<p>El formato de los festivales ha evolucionado, y en septiembre, la m\u00fasica y la moda convergen en eventos que destacan tanto a artistas emergentes como a grandes nombres de la industria. La combinaci\u00f3n de desfiles de moda con actuaciones musicales en vivo atraer\u00e1 a un p\u00fablico diverso, donde cada asistente podr\u00e1 sumergirse en una experiencia multisensorial.<\/p>\n<h4>5. <strong>Pop-Up Stores y Mercados de Dise\u00f1o<\/strong><\/h4>\n<p>Los pop-up stores est\u00e1n en auge y este septiembre no ser\u00e1 la excepci\u00f3n. Varias marcas emergentes aprovechar\u00e1n la oportunidad para presentar sus \u00faltimas creaciones en mercados de dise\u00f1o. Estos espacios no solo ofrecen la posibilidad de adquirir piezas \u00fanicas, sino que tambi\u00e9n fomentan un ambiente de creatividad e interacci\u00f3n directa con los dise\u00f1adores. Conocer las historias detr\u00e1s de cada producto y el proceso de creaci\u00f3n es, sin duda, un atractivo que eleva la experiencia de compra.<\/p>\n<h4>6. <strong>Cine de Moda<\/strong><\/h4>\n<p>El septuagenario Festival de Cine de la Moda, que se celebrar\u00e1 a finales de septiembre, mostrar\u00e1 proyecciones de documentales y cortometrajes que abordan la historia de la moda, as\u00ed como temas contempor\u00e1neos que resonan en la industria. Este evento es un punto de encuentro para cin\u00e9filos y fashionistas, donde la proyecci\u00f3n de pel\u00edculas se combinar\u00e1 con debates y charlas de expertos en el campo.<\/p>\n<h3>Conclusi\u00f3n<\/h3>\n<p>Septiembre de 2026 se presenta como un mes lleno de oportunidades para disfrutar de la riqueza cultural y creativa que emana de la Ciudad de M\u00e9xico. La combinaci\u00f3n de moda, arte, m\u00fasica y celebraciones patrias convierte a la capital en un destino imperdible para todos los amantes de la cultura. No se debe subestimar el impacto de estos eventos, que no solo realzan la oferta cultural de la ciudad, sino que tambi\u00e9n invitan al di\u00e1logo y a la reflexi\u00f3n sobre la moda como una forma de expresi\u00f3n social y art\u00edstica. \u00a1Mantente al tanto y no te pierdas ninguna de estas experiencias \u00fanicas!<\/p>\n<p><em> &#8221; Fuentes www.vogue.mx &#8221; <\/em><\/p>\n","protected":false},"excerpt":{"rendered":"<p>Eventos Imperdibles en CDMX: Septiembre de 2026 El mes de septiembre promete ser un fest\u00edn de experiencias en la Ciudad de M\u00e9xico, donde la moda se fusiona con el arte, la m\u00fasica y la cultura. Para quienes buscan estar a la vanguardia, este mes se viste de gala con una serie de eventos que no [&hellip;]<\/p>\n","protected":false},"author":14,"featured_media":1206396,"comment_status":"open","ping_status":"closed","sticky":false,"template":"","format":"standard","meta":{"om_disable_all_campaigns":false,"jnews-multi-image_gallery":[],"jnews_single_post":[],"jnews_primary_category":[],"jnews_social_meta":[],"footnotes":""},"categories":[144872],"tags":[1105,1689,662,1371,724,550,873,743,181897,167720,544],"class_list":["post-1206395","post","type-post","status-publish","format-standard","has-post-thumbnail","hentry","category-fashion","tag-actividades","tag-cdmx","tag-cultura","tag-entretenimiento","tag-eventos","tag-exposiciones","tag-festivales","tag-gastronomia","tag-lugares-para-visitar-en-cdmx","tag-septiembre-2025","tag-turismo"],"_links":{"self":[{"href":"https:\/\/dimensionturistica.com\/es\/wp-json\/wp\/v2\/posts\/1206395","targetHints":{"allow":["GET"]}}],"collection":[{"href":"https:\/\/dimensionturistica.com\/es\/wp-json\/wp\/v2\/posts"}],"about":[{"href":"https:\/\/dimensionturistica.com\/es\/wp-json\/wp\/v2\/types\/post"}],"author":[{"embeddable":true,"href":"https:\/\/dimensionturistica.com\/es\/wp-json\/wp\/v2\/users\/14"}],"replies":[{"embeddable":true,"href":"https:\/\/dimensionturistica.com\/es\/wp-json\/wp\/v2\/comments?post=1206395"}],"version-history":[{"count":1,"href":"https:\/\/dimensionturistica.com\/es\/wp-json\/wp\/v2\/posts\/1206395\/revisions"}],"predecessor-version":[{"id":1206397,"href":"https:\/\/dimensionturistica.com\/es\/wp-json\/wp\/v2\/posts\/1206395\/revisions\/1206397"}],"wp:featuredmedia":[{"embeddable":true,"href":"https:\/\/dimensionturistica.com\/es\/wp-json\/wp\/v2\/media\/1206396"}],"wp:attachment":[{"href":"https:\/\/dimensionturistica.com\/es\/wp-json\/wp\/v2\/media?parent=1206395"}],"wp:term":[{"taxonomy":"category","embeddable":true,"href":"https:\/\/dimensionturistica.com\/es\/wp-json\/wp\/v2\/categories?post=1206395"},{"taxonomy":"post_tag","embeddable":true,"href":"https:\/\/dimensionturistica.com\/es\/wp-json\/wp\/v2\/tags?post=1206395"}],"curies":[{"name":"wp","href":"https:\/\/api.w.org\/{rel}","templated":true}]}}