{"id":1206360,"date":"2026-09-02T23:09:34","date_gmt":"2026-09-02T23:09:34","guid":{"rendered":"https:\/\/dimensionturistica.com\/es\/?p=1206360"},"modified":"2026-09-02T23:09:34","modified_gmt":"2026-09-02T23:09:34","slug":"explorando-las-motivaciones-de-los-profesionales-para-embarcarse-en-un-viaje-geroasistencial","status":"publish","type":"post","link":"https:\/\/dimensionturistica.com\/es\/explorando-las-motivaciones-de-los-profesionales-para-embarcarse-en-un-viaje-geroasistencial\/","title":{"rendered":"Explorando las Motivaciones de los Profesionales para Embarcarse en un Viaje Geroasistencial"},"content":{"rendered":"<p><strong>Descubriendo el Valle de Los Pedroches: Un Para\u00edso Rural en el Coraz\u00f3n de Andaluc\u00eda<\/strong><\/p>\n<p>En el sur de Espa\u00f1a, donde los campos se adornan con un paisaje verde y las tradiciones se entrelazan con la modernidad, se encuentra el Valle de Los Pedroches, un rinc\u00f3n de Andaluc\u00eda que invita a los viajeros a sumergirse en su esencia. Esta comarca, situada en la provincia de C\u00f3rdoba, es un aut\u00e9ntico tesoro de naturaleza, cultura y gastronom\u00eda, ideal para aquellos que buscan una escapada de paz en un entorno rural.<\/p>\n<h3>Paisajes de Ensue\u00f1o<\/h3>\n<p>Los Pedroches se extiende entre colinas suaves y llanuras densas, ofreciendo una variedad de escenarios naturales que van desde bosques de encinas hasta tierras agr\u00edcolas. El Parque Natural de Carde\u00f1a-Montoro, que forma parte de esta comarca, es conocido por su rica biodiversidad, donde los amantes del senderismo y la observaci\u00f3n de aves encontrar\u00e1n en sus rutas y rincones un verdadero refugio.<\/p>\n<p>Este valle se caracteriza por su clima mediterr\u00e1neo, lo que permite disfrutar de actividades al aire libre casi durante todo el a\u00f1o. Caminar por los senderos que serpentean entre olivos, encinas y dehesas es una experiencia que invita a desconectar de la rutina y conectarse con la naturaleza. En primavera, los campos florecen en un espect\u00e1culo de colores, mientras que en oto\u00f1o la recolecci\u00f3n de la aceituna ofrece un sinf\u00edn de oportunidades para experimentar la vida rural de primera mano.<\/p>\n<h3>Un Viaje a Trav\u00e9s de la Historia<\/h3>\n<p>La herencia cultural de Los Pedroches es vasta y rica. A lo largo de sus pueblos, se pueden encontrar vestigios de civilizaciones que dejaron su marca en la regi\u00f3n; desde los romanos hasta los \u00e1rabes, cada cultura ha contribuido a la esencia de este lugar. En localidades como Pozoblanco y Villanueva de C\u00f3rdoba, el viajero puede admirar edificios hist\u00f3ricos, iglesias, plazas y museos que cuentan historias de \u00e9pocas pasadas.<\/p>\n<p>Uno de los aspectos m\u00e1s destacados es la arquitectura tradicional de la comarca, con sus casas encaladas y patios adornados con plantas aut\u00f3ctonas. Pasear por las calles de estos pueblos es como retroceder en el tiempo, y cada esquina puede ofrecer un rinc\u00f3n pintoresco que invita a ser fotografiado.<\/p>\n<h3>Sabor Local: La Gastronom\u00eda de Los Pedroches<\/h3>\n<p>La cocina de Los Pedroches es otra de sus grandes atracciones. En esta regi\u00f3n, la gastronom\u00eda se basa en productos de calidad, como la carne de cerdo ib\u00e9rico, que se ha convertido en uno de los s\u00edmbolos de la cultura alimentaria espa\u00f1ola. Los viajeros pueden deleitarse con platos t\u00edpicos que reflejan el saber hacer de la cocina rural, como el rabo de toro, el salmorejo o el famoso aceite de oliva virgen extra, que proviene de sus extensos olivares.<\/p>\n<p>Los mercados y ferias gastron\u00f3micas son una excelente oportunidad para probar sabores aut\u00e9nticos y conocer de cerca a los productores locales. As\u00ed, cada bocado es una celebraci\u00f3n de la identidad de Los Pedroches, una invitaci\u00f3n a disfrutar de la comida en su forma m\u00e1s pura.<\/p>\n<h3>Actividades para Todos los Gustos<\/h3>\n<p>Los Pedroches no solo es un destino id\u00f3neo para los amantes de la naturaleza y la cultura, sino que tambi\u00e9n ofrece una amplia gama de actividades para todos los estilos de viaje. Ya sea que prefieras la tranquilidad de una cata de vinos en alguna de sus bodegas, la adrenalina de monta\u00f1ismo o las jornadas tranquilas de observaci\u00f3n de fauna en el parque, hay un plan que se adapta a ti.<\/p>\n<p>Adem\u00e1s, durante todo el a\u00f1o se celebran diversas fiestas y eventos que hacen vibrar a la comunidad, ya sean ferias, rutas de tapas o festivales culturales. Estas celebraciones permiten a los visitantes sumergirse en la vida local y vivir momentos memorables mientras intercambian risas con los habitantes.<\/p>\n<h3>Conclusi\u00f3n<\/h3>\n<p>El Valle de Los Pedroches es un destino que revela un Andaluc\u00eda diferente, donde se a\u00fanan la belleza natural, la historia y la gastronom\u00eda en un abrazo que promete momentos de satisfacci\u00f3n y desconexi\u00f3n. Atr\u00e9vete a explorar esta joya escondida, y dejarte seducir por sus paisajes, su cultura y su gastronom\u00eda. Aqu\u00ed, cada viaje se convierte en una experiencia enriquecedora, llena de an\u00e9cdotas y recuerdos que perduran en el tiempo. \u00bfTe animas a descubrirlo?<\/p>\n<p><em> &#8221; Fuentes dependencia.info &#8221; <\/em><\/p>\n","protected":false},"excerpt":{"rendered":"<p>Descubriendo el Valle de Los Pedroches: Un Para\u00edso Rural en el Coraz\u00f3n de Andaluc\u00eda En el sur de Espa\u00f1a, donde los campos se adornan con un paisaje verde y las tradiciones se entrelazan con la modernidad, se encuentra el Valle de Los Pedroches, un rinc\u00f3n de Andaluc\u00eda que invita a los viajeros a sumergirse en [&hellip;]<\/p>\n","protected":false},"author":4,"featured_media":1206361,"comment_status":"open","ping_status":"closed","sticky":false,"template":"","format":"standard","meta":{"om_disable_all_campaigns":false,"jnews-multi-image_gallery":[],"jnews_single_post":[],"jnews_primary_category":[],"jnews_social_meta":[],"footnotes":""},"categories":[39],"tags":[190216,3491,296562,296565,6859,296561,587,256941,7680,2539,69803,1809,296564,10391,681,296563],"class_list":["post-1206360","post","type-post","status-publish","format-standard","has-post-thumbnail","hentry","category-viajes","tag-atencion-a-mayores","tag-canal","tag-canal-inforesidencias","tag-cuidado-de-ancianos","tag-formacion","tag-geroasistencial","tag-hacer","tag-inforesidencias","tag-lleva","tag-profesionales","tag-profesionales-del-sector","tag-sector","tag-sector-geriatrico","tag-turismo-senior","tag-viaje","tag-viaje-geroasistencial"],"_links":{"self":[{"href":"https:\/\/dimensionturistica.com\/es\/wp-json\/wp\/v2\/posts\/1206360","targetHints":{"allow":["GET"]}}],"collection":[{"href":"https:\/\/dimensionturistica.com\/es\/wp-json\/wp\/v2\/posts"}],"about":[{"href":"https:\/\/dimensionturistica.com\/es\/wp-json\/wp\/v2\/types\/post"}],"author":[{"embeddable":true,"href":"https:\/\/dimensionturistica.com\/es\/wp-json\/wp\/v2\/users\/4"}],"replies":[{"embeddable":true,"href":"https:\/\/dimensionturistica.com\/es\/wp-json\/wp\/v2\/comments?post=1206360"}],"version-history":[{"count":1,"href":"https:\/\/dimensionturistica.com\/es\/wp-json\/wp\/v2\/posts\/1206360\/revisions"}],"predecessor-version":[{"id":1206362,"href":"https:\/\/dimensionturistica.com\/es\/wp-json\/wp\/v2\/posts\/1206360\/revisions\/1206362"}],"wp:featuredmedia":[{"embeddable":true,"href":"https:\/\/dimensionturistica.com\/es\/wp-json\/wp\/v2\/media\/1206361"}],"wp:attachment":[{"href":"https:\/\/dimensionturistica.com\/es\/wp-json\/wp\/v2\/media?parent=1206360"}],"wp:term":[{"taxonomy":"category","embeddable":true,"href":"https:\/\/dimensionturistica.com\/es\/wp-json\/wp\/v2\/categories?post=1206360"},{"taxonomy":"post_tag","embeddable":true,"href":"https:\/\/dimensionturistica.com\/es\/wp-json\/wp\/v2\/tags?post=1206360"}],"curies":[{"name":"wp","href":"https:\/\/api.w.org\/{rel}","templated":true}]}}