{"id":1206346,"date":"2026-09-02T22:29:23","date_gmt":"2026-09-02T22:29:23","guid":{"rendered":"https:\/\/dimensionturistica.com\/es\/?p=1206346"},"modified":"2026-09-02T22:29:23","modified_gmt":"2026-09-02T22:29:23","slug":"semana-gama-2026-un-fin-de-semana-de-exposiciones-artisticas-en-la-cdmx-del-3-al-6-de-septiembre","status":"publish","type":"post","link":"https:\/\/dimensionturistica.com\/es\/semana-gama-2026-un-fin-de-semana-de-exposiciones-artisticas-en-la-cdmx-del-3-al-6-de-septiembre\/","title":{"rendered":"Semana Gama 2026: Un fin de semana de exposiciones art\u00edsticas en la CDMX del 3 al 6 de septiembre."},"content":{"rendered":"<p><strong>Gama Week 2026: Una Revoluci\u00f3n en el Dise\u00f1o de Moda<\/strong><\/p>\n<p>En el vertiginoso mundo de la moda, hay eventos que marcan un hito y dejan una huella imborrable en la industria. La Gama Week 2026 es uno de esos momentos decisivos, donde la innovaci\u00f3n, la sostenibilidad y la creatividad se unen para presentarnos las tendencias que definir\u00e1n el futuro. Este evento, ya anticipado por los aficionados al estilo y los creadores, promete ser un escaparate de lo mejor que la moda contempor\u00e1nea puede ofrecer.<\/p>\n<p><strong>Estilo y Sostenibilidad: Una Combinaci\u00f3n Esencial<\/strong><\/p>\n<p>Los dise\u00f1adores que participan en la Gama Week est\u00e1n redefiniendo el concepto mismo de la moda a trav\u00e9s de enfoques sostenibles. No se trata \u00fanicamente de crear piezas impactantes; el enfoque actual gira en torno al respeto por el medio ambiente. Materiales reciclados, procesos de fabricaci\u00f3n \u00e9ticos y un compromiso inquebrantable hacia la reducci\u00f3n de la huella de carbono marcan el tono de esta edici\u00f3n. La moda ya no solo busca impresionar; busca hacerlo de una manera responsable.<\/p>\n<p><strong>Nuevas Tecnolog\u00edas y la Moda del Futuro<\/strong><\/p>\n<p>La Gama Week 2026 tambi\u00e9n es un espacio donde la tecnolog\u00eda se entrelaza con el dise\u00f1o. Presentaciones en l\u00ednea, realidad aumentada y experiencias interactivas est\u00e1n transformando la manera en que los dise\u00f1adores muestran sus creaciones. Esto no solo permite a los asistentes del evento vivir la moda de una forma m\u00e1s intensa, sino que tambi\u00e9n abre las puertas a un p\u00fablico global, rompiendo las barreras geogr\u00e1ficas y tem\u00e1ticas.<\/p>\n<p><strong>Diversidad y Representaci\u00f3n: Una Voz para Todos<\/strong><\/p>\n<p>Uno de los aspectos m\u00e1s destacados de este evento es la celebraci\u00f3n de la diversidad. Marcas que han emergido de diversas culturas han encontrado su lugar en la pasarela, mostrando que el dise\u00f1o de moda no conoce fronteras. Las narrativas locales se entrelazan con tendencias globales, creando una fusi\u00f3n \u00fanica que invita a la audiencia a explorar y celebrar la pluralidad de la moda. Este enfoque no solo da visibilidad a nuevas voces, sino que tambi\u00e9n desaf\u00eda las convenciones establecidas de lo que puede ser considerado &#8220;alta costura.&#8221;<\/p>\n<p><strong>Impacto en las Redes Sociales: La Moda Que Conecta<\/strong><\/p>\n<p>La Gama Week 2026 est\u00e1 dise\u00f1ada para ser vista y compartida. Las plataformas digitales han cobrado gran relevancia en la diseminaci\u00f3n de contenido y en la construcci\u00f3n de narrativas alrededor de las tendencias. Las casas de moda se est\u00e1n volcando en crear campa\u00f1as que no solo atraen al espectador, sino que tambi\u00e9n fomentan la interacci\u00f3n. Un simple video de una colecci\u00f3n puede volverse viral, generando debates y creando comunidades alrededor de las propuestas presentadas.<\/p>\n<p><strong>Tendencias Emergentes: Lo Que Nos Espera<\/strong><\/p>\n<p>Las pasarelas de la Gama Week no solo ofrecen un vistazo a colecciones que pronto estar\u00e1n en las tiendas, sino que tambi\u00e9n marcan el inicio de tendencias que influir\u00e1n en la moda de los pr\u00f3ximos a\u00f1os. Desde siluetas audaces hasta paletas de colores inesperadas, los creadores est\u00e1n desafiando las normas establecidas, invitando a todos a experimentar con su estilo personal. La moda de 2026 ya se perfila como un espacio de libertad y autoexpresi\u00f3n, donde cada individuo puede encontrar su propia voz.<\/p>\n<p><strong>Cierre Inspirador: La Moda Como Motor de Cambio<\/strong><\/p>\n<p>Estamos en medio de una transformaci\u00f3n en la que la moda se erige como una poderosa herramienta para el cambio social. La Gama Week 2026 no es solo un evento; es una declaraci\u00f3n de intenciones. Al unir la creatividad, la sostenibilidad y la diversidad, la industria de la moda est\u00e1 preparada para dar un paso adelante hacia un futuro donde cada elecci\u00f3n cuenta y cada dise\u00f1o tiene un prop\u00f3sito m\u00e1s all\u00e1 de lo est\u00e9tico.<\/p>\n<p>La Gama Week 2026 estar\u00e1 en el centro de la conversaci\u00f3n mundial, invitando a cada persona a involucrarse en este cambio y a descubrir el impacto que la moda puede tener en sus propias vidas. \u00a1Prep\u00e1rense para ser parte de esta revoluci\u00f3n!<\/p>\n<p><em> &#8221; Fuentes www.vogue.mx &#8221; <\/em><\/p>\n","protected":false},"excerpt":{"rendered":"<p>Gama Week 2026: Una Revoluci\u00f3n en el Dise\u00f1o de Moda En el vertiginoso mundo de la moda, hay eventos que marcan un hito y dejan una huella imborrable en la industria. La Gama Week 2026 es uno de esos momentos decisivos, donde la innovaci\u00f3n, la sostenibilidad y la creatividad se unen para presentarnos las tendencias [&hellip;]<\/p>\n","protected":false},"author":14,"featured_media":1206347,"comment_status":"open","ping_status":"closed","sticky":false,"template":"","format":"standard","meta":{"om_disable_all_campaigns":false,"jnews-multi-image_gallery":[],"jnews_single_post":[],"jnews_primary_category":[],"jnews_social_meta":[],"footnotes":""},"categories":[144872],"tags":[55723,2185,1689,55734,117735,243073,181897,5606],"class_list":["post-1206346","post","type-post","status-publish","format-standard","has-post-thumbnail","hentry","category-fashion","tag-55723","tag-arte","tag-cdmx","tag-eventos-culturales","tag-galerias-de-arte","tag-gama-week","tag-lugares-para-visitar-en-cdmx","tag-septiembre"],"_links":{"self":[{"href":"https:\/\/dimensionturistica.com\/es\/wp-json\/wp\/v2\/posts\/1206346","targetHints":{"allow":["GET"]}}],"collection":[{"href":"https:\/\/dimensionturistica.com\/es\/wp-json\/wp\/v2\/posts"}],"about":[{"href":"https:\/\/dimensionturistica.com\/es\/wp-json\/wp\/v2\/types\/post"}],"author":[{"embeddable":true,"href":"https:\/\/dimensionturistica.com\/es\/wp-json\/wp\/v2\/users\/14"}],"replies":[{"embeddable":true,"href":"https:\/\/dimensionturistica.com\/es\/wp-json\/wp\/v2\/comments?post=1206346"}],"version-history":[{"count":1,"href":"https:\/\/dimensionturistica.com\/es\/wp-json\/wp\/v2\/posts\/1206346\/revisions"}],"predecessor-version":[{"id":1206348,"href":"https:\/\/dimensionturistica.com\/es\/wp-json\/wp\/v2\/posts\/1206346\/revisions\/1206348"}],"wp:featuredmedia":[{"embeddable":true,"href":"https:\/\/dimensionturistica.com\/es\/wp-json\/wp\/v2\/media\/1206347"}],"wp:attachment":[{"href":"https:\/\/dimensionturistica.com\/es\/wp-json\/wp\/v2\/media?parent=1206346"}],"wp:term":[{"taxonomy":"category","embeddable":true,"href":"https:\/\/dimensionturistica.com\/es\/wp-json\/wp\/v2\/categories?post=1206346"},{"taxonomy":"post_tag","embeddable":true,"href":"https:\/\/dimensionturistica.com\/es\/wp-json\/wp\/v2\/tags?post=1206346"}],"curies":[{"name":"wp","href":"https:\/\/api.w.org\/{rel}","templated":true}]}}