{"id":1206294,"date":"2026-09-02T20:46:12","date_gmt":"2026-09-02T20:46:12","guid":{"rendered":"https:\/\/dimensionturistica.com\/es\/?p=1206294"},"modified":"2026-09-02T20:46:12","modified_gmt":"2026-09-02T20:46:12","slug":"los-sabores-y-tradiciones-y-las-experiencias-asi-celebra-hilton-la-esencia-de-mexico-en-su-independencia","status":"publish","type":"post","link":"https:\/\/dimensionturistica.com\/es\/los-sabores-y-tradiciones-y-las-experiencias-asi-celebra-hilton-la-esencia-de-mexico-en-su-independencia\/","title":{"rendered":"Los Sabores, y tradiciones y las experiencias, as\u00ed celebra Hilton la esencia de M\u00e9xico en su Independencia"},"content":{"rendered":"\n<p class=\"wp-block-paragraph\">La Independencia de M\u00e9xico es una de las fechas m\u00e1s representativas del pa\u00eds, un momento que conmemora la lucha por la libertad y que, con el paso de los a\u00f1os, se ha convertido tambi\u00e9n en una de las m\u00e1ximas expresiones&nbsp; de la identidad y la riqueza cultural mexicana. Cada septiembre, las calles, plazas y hogares se llenan de m\u00fasica, colores, sabores y tradiciones que re\u00fanen a familias, amigos y visitantes en torno al tradicional Grito de Independencia y una gastronom\u00eda que recorre las distintas regiones del pa\u00eds.<\/p>\n\n\n\n<figure class=\"wp-block-gallery has-nested-images columns-default is-cropped wp-block-gallery-1 is-layout-flex wp-block-gallery-is-layout-flex\">\n<figure class=\"wp-block-image size-large\"><img decoding=\"async\" width=\"500\" height=\"281\" data-id=\"1206295\" src=\"https:\/\/dimensionturistica.com\/es\/wp-content\/uploads\/2026\/09\/1HILTON.jpg\" alt=\"\" class=\"wp-image-1206295\" srcset=\"https:\/\/dimensionturistica.com\/es\/wp-content\/uploads\/2026\/09\/1HILTON.jpg 500w, https:\/\/dimensionturistica.com\/es\/wp-content\/uploads\/2026\/09\/1HILTON-300x169.jpg 300w\" sizes=\"(max-width: 500px) 100vw, 500px\" \/><\/figure>\n<\/figure>\n\n\n\n<p class=\"wp-block-paragraph\">En este contexto, Hilton invita a viajeros y locales a vivir la temporada de patria a trav\u00e9s de experiencias que combinan gastronom\u00eda, cultura, entretenimiento y hospitalidad. Los hoteles en M\u00e9xico han preparado una selecci\u00f3n de actividades para vivir el esp\u00edritu de esta fecha de una manera memorable.<\/p>\n\n\n\n<p class=\"wp-block-paragraph\">Una noche de M\u00e9xico, lucha libre y tradici\u00f3n<\/p>\n\n\n\n<p class=\"wp-block-paragraph\">Hilton Mexico City Reforma<\/p>\n\n\n\n<figure class=\"wp-block-gallery has-nested-images columns-default is-cropped wp-block-gallery-2 is-layout-flex wp-block-gallery-is-layout-flex\">\n<figure class=\"wp-block-image size-large\"><img decoding=\"async\" width=\"500\" height=\"333\" data-id=\"1206296\" src=\"https:\/\/dimensionturistica.com\/es\/wp-content\/uploads\/2026\/09\/2HILTON.jpg\" alt=\"\" class=\"wp-image-1206296\" srcset=\"https:\/\/dimensionturistica.com\/es\/wp-content\/uploads\/2026\/09\/2HILTON.jpg 500w, https:\/\/dimensionturistica.com\/es\/wp-content\/uploads\/2026\/09\/2HILTON-300x200.jpg 300w\" sizes=\"(max-width: 500px) 100vw, 500px\" \/><\/figure>\n<\/figure>\n\n\n\n<p class=\"wp-block-paragraph\">En el hotel se celebrar\u00e1 la Independencia con la Fiesta Mexicana 2026, una experiencia inmersiva que reunir\u00e1 gastronom\u00eda, cultura y entretenimiento. El evento protagonista de la noche estar\u00e1 a cargo de una alianza exclusiva con el Consejo Mundial de Lucha Libre (CMLL), la principal organizaci\u00f3n de lucha libre profesional de M\u00e9xico, que llevar\u00e1 al hotel dos combates en vivo con reconocidos talentos de la organizaci\u00f3n.<\/p>\n\n\n\n<figure class=\"wp-block-gallery has-nested-images columns-default is-cropped wp-block-gallery-3 is-layout-flex wp-block-gallery-is-layout-flex\">\n<figure class=\"wp-block-image size-large\"><img decoding=\"async\" width=\"500\" height=\"399\" data-id=\"1206297\" src=\"https:\/\/dimensionturistica.com\/es\/wp-content\/uploads\/2026\/09\/3HILTON.jpg\" alt=\"\" class=\"wp-image-1206297\" srcset=\"https:\/\/dimensionturistica.com\/es\/wp-content\/uploads\/2026\/09\/3HILTON.jpg 500w, https:\/\/dimensionturistica.com\/es\/wp-content\/uploads\/2026\/09\/3HILTON-300x239.jpg 300w\" sizes=\"(max-width: 500px) 100vw, 500px\" \/><\/figure>\n<\/figure>\n\n\n\n<p class=\"wp-block-paragraph\">La experiencia comenzar\u00e1 con una kerm\u00e9s mexicana y continuar\u00e1 con un gran buffet que recorrer\u00e1 los sabores de distintas regiones del pa\u00eds, desde antojitos y comida callejera hasta mariscos, pozole, birria, mole poblano, cochinita pibil y una selecci\u00f3n de postres tradicionales. Habr\u00e1 m\u00fasica en vivo con mariachi, banda y la transmisi\u00f3n del tradicional Grito de Independencia. Para finalizar, habr\u00e1 una Tornafiesta, celebraci\u00f3n que se extender\u00e1 hasta las primeras horas de la madrugada.<\/p>\n\n\n\n<p class=\"wp-block-paragraph\">Una celebraci\u00f3n que recorre los sabores de M\u00e9xico<\/p>\n\n\n\n<p class=\"wp-block-paragraph\">Hilton Los Cabos Beach &amp; Golf Resort<\/p>\n\n\n\n<figure class=\"wp-block-gallery has-nested-images columns-default is-cropped wp-block-gallery-4 is-layout-flex wp-block-gallery-is-layout-flex\">\n<figure class=\"wp-block-image size-large\"><img decoding=\"async\" width=\"500\" height=\"333\" data-id=\"1206298\" src=\"https:\/\/dimensionturistica.com\/es\/wp-content\/uploads\/2026\/09\/4HILNTON.jpg\" alt=\"\" class=\"wp-image-1206298\" srcset=\"https:\/\/dimensionturistica.com\/es\/wp-content\/uploads\/2026\/09\/4HILNTON.jpg 500w, https:\/\/dimensionturistica.com\/es\/wp-content\/uploads\/2026\/09\/4HILNTON-300x200.jpg 300w\" sizes=\"(max-width: 500px) 100vw, 500px\" \/><\/figure>\n<\/figure>\n\n\n\n<p class=\"wp-block-paragraph\">La celebraci\u00f3n principal se llevar\u00e1 a cabo en el restaurante Talavera el pr\u00f3ximo 15 de septiembre con la fiesta Mexicana \u201cViva M\u00e9xico\u201d, una experiencia que tendr\u00e1 como protagonista un buffet mexicano con especialidades tradicionales como los chiles en nogada, acompa\u00f1ado de margaritas, mezcalitas y vinos mexicanos. Una presentaci\u00f3n de mariachi en vivo completar\u00e1 la velada, creando una atm\u00f3sfera que celebra la calidez y las tradiciones del pa\u00eds.<\/p>\n\n\n\n<figure class=\"wp-block-gallery has-nested-images columns-default is-cropped wp-block-gallery-5 is-layout-flex wp-block-gallery-is-layout-flex\">\n<figure class=\"wp-block-image size-large\"><img decoding=\"async\" width=\"500\" height=\"333\" data-id=\"1206299\" src=\"https:\/\/dimensionturistica.com\/es\/wp-content\/uploads\/2026\/09\/7HILTON.jpg\" alt=\"\" class=\"wp-image-1206299\" srcset=\"https:\/\/dimensionturistica.com\/es\/wp-content\/uploads\/2026\/09\/7HILTON.jpg 500w, https:\/\/dimensionturistica.com\/es\/wp-content\/uploads\/2026\/09\/7HILTON-300x200.jpg 300w\" sizes=\"(max-width: 500px) 100vw, 500px\" \/><\/figure>\n<\/figure>\n\n\n\n<p class=\"wp-block-paragraph\">Adem\u00e1s, durante todo septiembre, el hotel extender\u00e1 la celebraci\u00f3n con clases de cocina mexicana en Talavera, donde los hu\u00e9spedes podr\u00e1n aprender sobre recetas, ingredientes y t\u00e9cnicas tradicionales, as\u00ed como una experiencia gastron\u00f3mica en La Biblioteca, una Sala de Degustaci\u00f3n de Agave, que combina vinos mexicanos y mezcales con un recorrido culinario inspirado en las tradiciones de Oaxaca, Yucat\u00e1n, Puebla, Jalisco, Sinaloa y Chihuahua, de la mano del chef ejecutivo Mauricio L\u00f3pez.<\/p>\n\n\n\n<p class=\"wp-block-paragraph\">Una fiesta mexicana junto a la alberca<\/p>\n\n\n\n<figure class=\"wp-block-gallery has-nested-images columns-default is-cropped wp-block-gallery-6 is-layout-flex wp-block-gallery-is-layout-flex\">\n<figure class=\"wp-block-image size-large\"><img decoding=\"async\" width=\"500\" height=\"333\" data-id=\"1206300\" src=\"https:\/\/dimensionturistica.com\/es\/wp-content\/uploads\/2026\/09\/8HILTON.jpg\" alt=\"\" class=\"wp-image-1206300\" srcset=\"https:\/\/dimensionturistica.com\/es\/wp-content\/uploads\/2026\/09\/8HILTON.jpg 500w, https:\/\/dimensionturistica.com\/es\/wp-content\/uploads\/2026\/09\/8HILTON-300x200.jpg 300w\" sizes=\"(max-width: 500px) 100vw, 500px\" \/><\/figure>\n<\/figure>\n\n\n\n<p class=\"wp-block-paragraph\">DoubleTree by Hilton Mexico City Santa Fe &amp; Hilton Garden Inn Mexico City Santa Fe<\/p>\n\n\n\n<p class=\"wp-block-paragraph\">Ambas propiedades celebrar\u00e1n la temporada de Independencia el 12 de septiembre con una experiencia familiar junto a la alberca, en el coraz\u00f3n de la Ciudad de M\u00e9xico. La jornada combinar\u00e1 acceso a la piscina, un buffet mexicano tradicional, cerveza y refrescos ilimitados, m\u00fasica de inspiraci\u00f3n mexicana y una ambientaci\u00f3n festiva pensada para disfrutar en familia.<\/p>\n\n\n\n<p class=\"wp-block-paragraph\">La celebraci\u00f3n gastron\u00f3mica continuar\u00e1 con propuestas de temporada. Del 15 de agosto al 30 de septiembre, los hu\u00e9spedes podr\u00e1n disfrutar de chiles en nogada, uno de los platillos m\u00e1s emblem\u00e1ticos de la temporada, acompa\u00f1ados de una limonada o naranjada. Del 1 de septiembre al 19 de octubre, los Cantaritos 2&#215;1 se sumar\u00e1n a la propuesta para prolongar el esp\u00edritu festivo.<\/p>\n\n\n\n<p class=\"wp-block-paragraph\">El mole como protagonista de la celebraci\u00f3n<\/p>\n\n\n\n<figure class=\"wp-block-gallery has-nested-images columns-default is-cropped wp-block-gallery-7 is-layout-flex wp-block-gallery-is-layout-flex\">\n<figure class=\"wp-block-image size-large\"><img decoding=\"async\" width=\"500\" height=\"333\" data-id=\"1206301\" src=\"https:\/\/dimensionturistica.com\/es\/wp-content\/uploads\/2026\/09\/98HYAT.jpg\" alt=\"\" class=\"wp-image-1206301\" srcset=\"https:\/\/dimensionturistica.com\/es\/wp-content\/uploads\/2026\/09\/98HYAT.jpg 500w, https:\/\/dimensionturistica.com\/es\/wp-content\/uploads\/2026\/09\/98HYAT-300x200.jpg 300w\" sizes=\"(max-width: 500px) 100vw, 500px\" \/><\/figure>\n<\/figure>\n\n\n\n<p class=\"wp-block-paragraph\">Conrad Punta de Mita<\/p>\n\n\n\n<p class=\"wp-block-paragraph\">La gastronom\u00eda mexicana ser\u00e1 protagonista en el Festival del Mole en C\u00f3dex, una experiencia culinaria exclusiva que rinde homenaje a la Independencia de M\u00e9xico a trav\u00e9s de uno de los platillos m\u00e1s emblem\u00e1ticos del pa\u00eds. El recorrido gastron\u00f3mico, presentado en un men\u00fa servido a la mesa, explora la profundidad de sus sabores, las tradiciones regionales y la herencia culinaria que han convertido al mole en un s\u00edmbolo de la gastronom\u00eda mexicana.<\/p>\n\n\n\n<p class=\"wp-block-paragraph\">La experiencia se complementa con un programa de mixolog\u00eda inspirado en las ra\u00edces de M\u00e9xico, que re\u00fane destilados premium, ingredientes nativos, frutas de temporada y t\u00e9cnicas contempor\u00e1neas. Una propuesta donde la historia, la tradici\u00f3n y la alta gastronom\u00eda convergen para celebrar los aut\u00e9nticos sabores y el esp\u00edritu de la naci\u00f3n.<\/p>\n\n\n\n<p class=\"wp-block-paragraph\">M\u00e9xico se celebra en familia y al ritmo de la noche<\/p>\n\n\n\n<figure class=\"wp-block-gallery has-nested-images columns-default is-cropped wp-block-gallery-8 is-layout-flex wp-block-gallery-is-layout-flex\">\n<figure class=\"wp-block-image size-large\"><img decoding=\"async\" width=\"500\" height=\"333\" data-id=\"1206302\" src=\"https:\/\/dimensionturistica.com\/es\/wp-content\/uploads\/2026\/09\/12HYAT.jpg\" alt=\"\" class=\"wp-image-1206302\" srcset=\"https:\/\/dimensionturistica.com\/es\/wp-content\/uploads\/2026\/09\/12HYAT.jpg 500w, https:\/\/dimensionturistica.com\/es\/wp-content\/uploads\/2026\/09\/12HYAT-300x200.jpg 300w\" sizes=\"(max-width: 500px) 100vw, 500px\" \/><\/figure>\n<\/figure>\n\n\n\n<p class=\"wp-block-paragraph\">Hilton Cancun, an All-Inclusive Resort<\/p>\n\n\n\n<p class=\"wp-block-paragraph\">La celebraci\u00f3n se vivir\u00e1 durante el d\u00eda y se extender\u00e1 hasta la noche con una programaci\u00f3n pensada para todas las edades. La experiencia combinar\u00e1 mariachi, juegos tradicionales, entretenimiento en vivo y espect\u00e1culos de mixolog\u00eda acrob\u00e1tica, acompa\u00f1ados de una ambientaci\u00f3n festiva. Para cerrar la jornada, un Silent Disco y una fiesta de espuma llevar\u00e1n la festividad&nbsp; a un ambiente m\u00e1s din\u00e1mico y contempor\u00e1neo, creando una experiencia donde las tradiciones mexicanas se encuentran con nuevas formas de disfrutar y celebrar.<\/p>\n","protected":false},"excerpt":{"rendered":"<p>La Independencia de M\u00e9xico es una de las fechas m\u00e1s representativas del pa\u00eds, un momento que conmemora la lucha por la libertad y que, con el paso de los a\u00f1os, se ha convertido tambi\u00e9n en una de las m\u00e1ximas expresiones&nbsp; de la identidad y la riqueza cultural mexicana. Cada septiembre, las calles, plazas y hogares [&hellip;]<\/p>\n","protected":false},"author":1,"featured_media":1206303,"comment_status":"open","ping_status":"closed","sticky":false,"template":"","format":"standard","meta":{"om_disable_all_campaigns":false,"jnews-multi-image_gallery":[],"jnews_single_post":[],"jnews_primary_category":[],"jnews_social_meta":[],"footnotes":""},"categories":[43],"tags":[],"class_list":["post-1206294","post","type-post","status-publish","format-standard","has-post-thumbnail","hentry","category-gourmet"],"_links":{"self":[{"href":"https:\/\/dimensionturistica.com\/es\/wp-json\/wp\/v2\/posts\/1206294","targetHints":{"allow":["GET"]}}],"collection":[{"href":"https:\/\/dimensionturistica.com\/es\/wp-json\/wp\/v2\/posts"}],"about":[{"href":"https:\/\/dimensionturistica.com\/es\/wp-json\/wp\/v2\/types\/post"}],"author":[{"embeddable":true,"href":"https:\/\/dimensionturistica.com\/es\/wp-json\/wp\/v2\/users\/1"}],"replies":[{"embeddable":true,"href":"https:\/\/dimensionturistica.com\/es\/wp-json\/wp\/v2\/comments?post=1206294"}],"version-history":[{"count":1,"href":"https:\/\/dimensionturistica.com\/es\/wp-json\/wp\/v2\/posts\/1206294\/revisions"}],"predecessor-version":[{"id":1206304,"href":"https:\/\/dimensionturistica.com\/es\/wp-json\/wp\/v2\/posts\/1206294\/revisions\/1206304"}],"wp:featuredmedia":[{"embeddable":true,"href":"https:\/\/dimensionturistica.com\/es\/wp-json\/wp\/v2\/media\/1206303"}],"wp:attachment":[{"href":"https:\/\/dimensionturistica.com\/es\/wp-json\/wp\/v2\/media?parent=1206294"}],"wp:term":[{"taxonomy":"category","embeddable":true,"href":"https:\/\/dimensionturistica.com\/es\/wp-json\/wp\/v2\/categories?post=1206294"},{"taxonomy":"post_tag","embeddable":true,"href":"https:\/\/dimensionturistica.com\/es\/wp-json\/wp\/v2\/tags?post=1206294"}],"curies":[{"name":"wp","href":"https:\/\/api.w.org\/{rel}","templated":true}]}}