{"id":1206279,"date":"2026-09-02T19:37:34","date_gmt":"2026-09-02T19:37:34","guid":{"rendered":"https:\/\/dimensionturistica.com\/es\/?p=1206279"},"modified":"2026-09-02T19:37:34","modified_gmt":"2026-09-02T19:37:34","slug":"morena-se-distancia-de-mara-lezama-por-sus-viajes-en-aviones-privados","status":"publish","type":"post","link":"https:\/\/dimensionturistica.com\/es\/morena-se-distancia-de-mara-lezama-por-sus-viajes-en-aviones-privados\/","title":{"rendered":"Morena se distancia de Mara Lezama por sus viajes en aviones privados."},"content":{"rendered":"<p><strong>La \u00c9tica en los Viajes de Lujo: Un Desaf\u00edo para el Turismo Sustentable<\/strong><\/p>\n<p>En un mundo donde la transparencia y la responsabilidad social son cada vez m\u00e1s valoradas por los viajeros, el esc\u00e1ndalo reciente en torno a los viajes en aeronaves privadas de ciertas figuras pol\u00edticas destaca un dilema \u00e9tico en la industria del turismo. Las decisiones de aquellos que ocupan cargos p\u00fablicos no solo impactan sus carreras, sino que tambi\u00e9n afectan la percepci\u00f3n de un destino y la confianza de los turistas.<\/p>\n<p>La pol\u00e9mica desatada por las escapadas en jets privados ha puesto de relieve la brecha entre la opulencia de unos pocos y la realidad de la mayor\u00eda. Cuando se habla de turismo, se suele pensar en experiencias de enriquecimiento cultural, en la conexi\u00f3n con la naturaleza y en la b\u00fasqueda de un desarrollo sostenible. Sin embargo, las elecciones de viajar en lujo extremo son un recordatorio de que no todos los viajeros comparten los mismos valores o recursos.<\/p>\n<p>Las aeronaves privadas, emblem\u00e1ticas de un estilo de vida exclusivo, plantean preguntas cruciales: \u00bfEs \u00e9tico el uso de estos medios de transporte en un contexto donde muchos ciudadanos a\u00fan luchan por acceder a lo b\u00e1sico? La percepci\u00f3n de inequidad puede impactar negativamente el atractivo de un destino, desviando a los viajeros hacia lugares que se alinean m\u00e1s con sus ideales de sostenibilidad y justicia social.<\/p>\n<p>El turismo moderno invita a reflexionar sobre los impactos sociales y ambientales de nuestras decisiones de viaje. Los destinos que promueven una conexi\u00f3n aut\u00e9ntica con la comunidad local y que priorizan la sostenibilidad est\u00e1n ganando terreno. En este contexto, los lujos excesivos pueden volverse un lastre, alejando a los turistas que buscan experiencias significativas y aut\u00e9nticas.<\/p>\n<p>Adem\u00e1s, el cuestionamiento del uso de aviones privados se extiende a la pr\u00e1ctica de adoptar estilos de vida que claman por la &#8220;responsabilidad ecol\u00f3gica&#8221;. La industria del turismo, que es a la vez una de las m\u00e1s grandes y m\u00e1s contaminantes del mundo, se enfrenta a la presi\u00f3n de reinventarse. Los consumidores buscan cada vez m\u00e1s informaci\u00f3n sobre el impacto que sus elecciones tienen en el medio ambiente y en las comunidades receptoras.<\/p>\n<p>Iron\u00edas de la vida moderna, los viajes que deber\u00edan ser una oportunidad de crecimiento y aprendizaje pueden transformarse en s\u00edmbolos de desconexi\u00f3n si no se abordan con la sensibilidad debida. Al final, la forma en que los l\u00edderes eligen experimentar el mundo tambi\u00e9n puede influir en c\u00f3mo los dem\u00e1s lo ven y lo recorren.<\/p>\n<p>Por lo tanto, al planificar nuestro pr\u00f3ximo viaje, es fundamental considerar no solo el destino, sino tambi\u00e9n c\u00f3mo nuestro estilo de viaje se alinea con nuestras creencias y valores. Optar por pr\u00e1cticas tur\u00edsticas responsables no solo mejora nuestra experiencia, sino que tambi\u00e9n contribuye a generar un cambio positivo en las comunidades que visitamos.<\/p>\n<p>El futuro del turismo debe estar anclado en la inclusi\u00f3n, la sostenibilidad y la conexi\u00f3n genuina entre las personas, por lo que es esencial que todos, desde turistas hasta l\u00edderes, reflexionemos sobre c\u00f3mo nuestras decisiones afectan el mundo que nos rodea. En este sentido, cada viaje tambi\u00e9n se convierte en una declaraci\u00f3n sobre el tipo de futuro que deseamos construir.<\/p>\n<p><em> &#8221; Fuentes www.meganoticias.mx &#8221; <\/em><\/p>\n","protected":false},"excerpt":{"rendered":"<p>La \u00c9tica en los Viajes de Lujo: Un Desaf\u00edo para el Turismo Sustentable En un mundo donde la transparencia y la responsabilidad social son cada vez m\u00e1s valoradas por los viajeros, el esc\u00e1ndalo reciente en torno a los viajes en aeronaves privadas de ciertas figuras pol\u00edticas destaca un dilema \u00e9tico en la industria del turismo. [&hellip;]<\/p>\n","protected":false},"author":4,"featured_media":1206280,"comment_status":"open","ping_status":"closed","sticky":false,"template":"","format":"standard","meta":{"om_disable_all_campaigns":false,"jnews-multi-image_gallery":[],"jnews_single_post":[],"jnews_primary_category":[],"jnews_social_meta":[],"footnotes":""},"categories":[39],"tags":[296539,20262,114946,2013,2511,20124,546,947],"class_list":["post-1206279","post","type-post","status-publish","format-standard","has-post-thumbnail","hentry","category-viajes","tag-aeronaves-privadas","tag-escandalo","tag-hipocresia","tag-mara-lezama","tag-morena","tag-partidos-politicos","tag-politica","tag-transporte-aereo"],"_links":{"self":[{"href":"https:\/\/dimensionturistica.com\/es\/wp-json\/wp\/v2\/posts\/1206279","targetHints":{"allow":["GET"]}}],"collection":[{"href":"https:\/\/dimensionturistica.com\/es\/wp-json\/wp\/v2\/posts"}],"about":[{"href":"https:\/\/dimensionturistica.com\/es\/wp-json\/wp\/v2\/types\/post"}],"author":[{"embeddable":true,"href":"https:\/\/dimensionturistica.com\/es\/wp-json\/wp\/v2\/users\/4"}],"replies":[{"embeddable":true,"href":"https:\/\/dimensionturistica.com\/es\/wp-json\/wp\/v2\/comments?post=1206279"}],"version-history":[{"count":1,"href":"https:\/\/dimensionturistica.com\/es\/wp-json\/wp\/v2\/posts\/1206279\/revisions"}],"predecessor-version":[{"id":1206281,"href":"https:\/\/dimensionturistica.com\/es\/wp-json\/wp\/v2\/posts\/1206279\/revisions\/1206281"}],"wp:featuredmedia":[{"embeddable":true,"href":"https:\/\/dimensionturistica.com\/es\/wp-json\/wp\/v2\/media\/1206280"}],"wp:attachment":[{"href":"https:\/\/dimensionturistica.com\/es\/wp-json\/wp\/v2\/media?parent=1206279"}],"wp:term":[{"taxonomy":"category","embeddable":true,"href":"https:\/\/dimensionturistica.com\/es\/wp-json\/wp\/v2\/categories?post=1206279"},{"taxonomy":"post_tag","embeddable":true,"href":"https:\/\/dimensionturistica.com\/es\/wp-json\/wp\/v2\/tags?post=1206279"}],"curies":[{"name":"wp","href":"https:\/\/api.w.org\/{rel}","templated":true}]}}