{"id":1206268,"date":"2026-09-02T19:04:29","date_gmt":"2026-09-02T19:04:29","guid":{"rendered":"https:\/\/dimensionturistica.com\/es\/?p=1206268"},"modified":"2026-09-02T19:04:29","modified_gmt":"2026-09-02T19:04:29","slug":"esta-disenadora-nupcial-creo-todo-su-vestuario-de-boda-para-sus-nupcias-tropicales-en-nevis","status":"publish","type":"post","link":"https:\/\/dimensionturistica.com\/es\/esta-disenadora-nupcial-creo-todo-su-vestuario-de-boda-para-sus-nupcias-tropicales-en-nevis\/","title":{"rendered":"Esta Dise\u00f1adora nupcial Cre\u00f3 Todo su Vestuario de Boda para sus Nupcias Tropicales en Nevis"},"content":{"rendered":"<p><strong>La Revoluci\u00f3n del Estilo: Un Viaje hacia lo Inesperado en la Moda<\/strong><\/p>\n<p>En el vertiginoso mundo de la moda, donde las tendencias parecen nacer y morir en un abrir y cerrar de ojos, surge la figura de un dise\u00f1ador que desaf\u00eda lo convencional. Su enfoque audaz est\u00e1 destinado a dejar una huella imborrable, invitando a los amantes del estilo a explorar un universo donde la tradici\u00f3n se fusiona con la innovaci\u00f3n.<\/p>\n<p>Este creador, conocido por su est\u00e9tica atrevida y \u00fanica, propone un viaje que trasciende la mera vestimenta. Cada colecci\u00f3n se convierte en una narraci\u00f3n visual que invita al espectador a sumergirse en un mundo de emociones y sensaciones. Desde las l\u00edneas arquitect\u00f3nicas hasta los colores vibrantes, su trabajo evoca una combinaci\u00f3n de pasado y futuro, empleando materiales que invitan a la reflexi\u00f3n sobre el proceso de creaci\u00f3n y la sostenibilidad en la moda.<\/p>\n<p>La paleta de colores que utiliza es un reflejo de su visi\u00f3n atrevida; tonos que parecen chocar y coexistir en perfecta armon\u00eda. Cada pieza es un di\u00e1logo que desaf\u00eda las nociones preestablecidas, llevando al usuario a cuestionar sus propias elecciones y a abrazar lo inesperado. En sus desfiles, la inclusi\u00f3n juega un papel fundamental, rompiendo barreras y promoviendo la diversidad en todas sus formas. La moda, seg\u00fan este visionario, debe ser un espacio donde todos se sientan representados y dignos.<\/p>\n<p>Adem\u00e1s de la est\u00e9tica, hay un fuerte componente de historia detr\u00e1s de cada colecci\u00f3n. Inspirado por la cultura y las experiencias vividas, cada prenda cuenta una historia que conecta con el espectador a un nivel m\u00e1s profundo. Cada desfile es una celebraci\u00f3n de la autoexpresi\u00f3n y una invitaci\u00f3n a cada individuo para que redescubra su propio estilo personal. La idea de que &#8220;menos es m\u00e1s&#8221; se ve reemplazada por &#8220;m\u00e1s es m\u00e1s&#8221;, donde cada capa, textura y accesorio contribuye a un look audaz y llamativo.<\/p>\n<p>Una de las estrategias m\u00e1s interesantes bajo este enfoque es el uso de la moda como medio de comunicaci\u00f3n social. Cada colecci\u00f3n aborda temas relevantes y urgentes, abriendo un espacio para el di\u00e1logo sobre cuestiones que trascienden la industria. A trav\u00e9s de la moda, se da voz a la lucha por la igualdad, la sostenibilidad y el respeto a la individualidad, convirtiendo cada prenda en una declaraci\u00f3n de intenciones.<\/p>\n<p>El concepto de &#8220;atreverse&#8221; se vuelve central en este nuevo paradigma del dise\u00f1o. La moda no se trata solo de seguir reglas, sino de romper con ellas, de experimentar y jugar con las formas de expresi\u00f3n. Desde siluetas exageradas hasta la mezcla de texturas inusuales, cada elecci\u00f3n estil\u00edstica desaf\u00eda los l\u00edmites y se convierte en un manifiesto de libertad personal.<\/p>\n<p>En un mercado saturado de tendencias fugaces, la propuesta de este dise\u00f1ador se destaca como una ola de frescura y autenticidad. Invita a los apasionados de la moda a mirar m\u00e1s all\u00e1 de lo superficial, a involucrarse m\u00e1s profundamente con lo que visten y a reconocer el poder transformador que la moda puede tener en la vida personal y social.<\/p>\n<p>Al final de cuentas, la moda es un continuo di\u00e1logo en evoluci\u00f3n, y aquellos que deciden participar de este viaje audaz son parte esencial de este movimiento. Con este enfoque provocador, se establece un nuevo est\u00e1ndar que celebra la individualidad, la historia y la autoexpresi\u00f3n. La moda ya no es solo un reflejo de tendencias, sino un medio para contar historias que resuenan en un mundo en constante cambio.<\/p>\n<p><em> &#8221; Fuentes www.vogue.com &#8221; <\/em><\/p>\n","protected":false},"excerpt":{"rendered":"<p>La Revoluci\u00f3n del Estilo: Un Viaje hacia lo Inesperado en la Moda En el vertiginoso mundo de la moda, donde las tendencias parecen nacer y morir en un abrir y cerrar de ojos, surge la figura de un dise\u00f1ador que desaf\u00eda lo convencional. Su enfoque audaz est\u00e1 destinado a dejar una huella imborrable, invitando a [&hellip;]<\/p>\n","protected":false},"author":14,"featured_media":1206269,"comment_status":"open","ping_status":"closed","sticky":false,"template":"","format":"standard","meta":{"om_disable_all_campaigns":false,"jnews-multi-image_gallery":[],"jnews_single_post":[],"jnews_primary_category":[],"jnews_social_meta":[],"footnotes":""},"categories":[144872],"tags":[244147,203861,91848,296538,119496,198607,198608,296537,202893,226836,199147,211016,296536],"class_list":["post-1206268","post","type-post","status-publish","format-standard","has-post-thumbnail","hentry","category-fashion","tag-bridal-designer","tag-bridal-fashion","tag-destination-wedding","tag-island-wedding","tag-nevis","tag-something-bold","tag-something-new","tag-tropical-nuptials","tag-vogue-weddings","tag-wedding-accessories","tag-wedding-dress","tag-wedding-fashion","tag-wedding-wardrobe"],"_links":{"self":[{"href":"https:\/\/dimensionturistica.com\/es\/wp-json\/wp\/v2\/posts\/1206268","targetHints":{"allow":["GET"]}}],"collection":[{"href":"https:\/\/dimensionturistica.com\/es\/wp-json\/wp\/v2\/posts"}],"about":[{"href":"https:\/\/dimensionturistica.com\/es\/wp-json\/wp\/v2\/types\/post"}],"author":[{"embeddable":true,"href":"https:\/\/dimensionturistica.com\/es\/wp-json\/wp\/v2\/users\/14"}],"replies":[{"embeddable":true,"href":"https:\/\/dimensionturistica.com\/es\/wp-json\/wp\/v2\/comments?post=1206268"}],"version-history":[{"count":1,"href":"https:\/\/dimensionturistica.com\/es\/wp-json\/wp\/v2\/posts\/1206268\/revisions"}],"predecessor-version":[{"id":1206270,"href":"https:\/\/dimensionturistica.com\/es\/wp-json\/wp\/v2\/posts\/1206268\/revisions\/1206270"}],"wp:featuredmedia":[{"embeddable":true,"href":"https:\/\/dimensionturistica.com\/es\/wp-json\/wp\/v2\/media\/1206269"}],"wp:attachment":[{"href":"https:\/\/dimensionturistica.com\/es\/wp-json\/wp\/v2\/media?parent=1206268"}],"wp:term":[{"taxonomy":"category","embeddable":true,"href":"https:\/\/dimensionturistica.com\/es\/wp-json\/wp\/v2\/categories?post=1206268"},{"taxonomy":"post_tag","embeddable":true,"href":"https:\/\/dimensionturistica.com\/es\/wp-json\/wp\/v2\/tags?post=1206268"}],"curies":[{"name":"wp","href":"https:\/\/api.w.org\/{rel}","templated":true}]}}