{"id":120626,"date":"2021-05-03T14:45:44","date_gmt":"2021-05-03T14:45:44","guid":{"rendered":"https:\/\/dimensionturistica.com\/es\/?p=120626"},"modified":"2021-05-03T14:45:44","modified_gmt":"2021-05-03T14:45:44","slug":"opt-de-nueva-york-y-orlando-promueven-vuelo-directo-charlotte-samana-noticias-de-turismo","status":"publish","type":"post","link":"https:\/\/dimensionturistica.com\/es\/opt-de-nueva-york-y-orlando-promueven-vuelo-directo-charlotte-samana-noticias-de-turismo\/","title":{"rendered":"OPT de Nueva York y Orlando promueven vuelo directo Charlotte-Saman\u00e1 &#8211; Noticias de turismo"},"content":{"rendered":"<p> <br \/>\n<\/p>\n<div id=\"post-132073\">\n\t<\/p>\n<p>\t  <span class=\"antetitulo\">A partir del pr\u00f3ximo 5 de junio, con dos frecuencias semanales, mi\u00e9rcoles y s\u00e1bados <\/span><\/p>\n<p class=\"relacionadosSingle\" style=\"clear:both\">Temas relacionados: <b><a rel=\"nofollow noopener\" target=\"_blank\" href=\"https:\/\/www.arecoa.com\/tag\/american-airlines\/\">American Airlines<\/a>, <a rel=\"nofollow noopener\" target=\"_blank\" href=\"https:\/\/www.arecoa.com\/tag\/charlotte-nc\/\">Charlotte NC<\/a>, <a rel=\"nofollow noopener\" target=\"_blank\" href=\"https:\/\/www.arecoa.com\/tag\/cluster-turistico-de-samana\/\">Cl\u00faster Tur\u00edstico de Saman\u00e1<\/a>, <a rel=\"nofollow noopener\" target=\"_blank\" href=\"https:\/\/www.arecoa.com\/tag\/fernando-abreu\/\">Fernando Abreu<\/a>, <a rel=\"nofollow noopener\" target=\"_blank\" href=\"https:\/\/www.arecoa.com\/tag\/javier-lara\/\">Javier Lara<\/a>, <a rel=\"nofollow noopener\" target=\"_blank\" href=\"https:\/\/www.arecoa.com\/tag\/mitur\/\">Mitur<\/a>, <a rel=\"nofollow noopener\" target=\"_blank\" href=\"https:\/\/www.arecoa.com\/tag\/new-york\/\">New York<\/a>, <a rel=\"nofollow noopener\" target=\"_blank\" href=\"https:\/\/www.arecoa.com\/tag\/opt\/\">OPT<\/a>, <a rel=\"nofollow noopener\" target=\"_blank\" href=\"https:\/\/www.arecoa.com\/tag\/orlando\/\">Orlando<\/a>, <a rel=\"nofollow noopener\" target=\"_blank\" href=\"https:\/\/www.arecoa.com\/tag\/raquel-reyes\/\">Raquel Reyes<\/a>, <a rel=\"nofollow noopener\" target=\"_blank\" href=\"https:\/\/www.arecoa.com\/tag\/rebeca-ovalle\/\">Rebeca Ovalle<\/a>, <a rel=\"nofollow noopener\" target=\"_blank\" href=\"https:\/\/www.arecoa.com\/tag\/samana\/\">Saman\u00e1<\/a><\/b><\/p>\n<p>\n\t\t<small>3 mayo, 2021<\/small><\/p>\n<p>\t\t<a rel=\"nofollow noopener\" target=\"_blank\" href=\"https:\/\/www.arecoa.com\/destinos\/2021\/05\/03\/opt-nueva-york-orlando-promueven-vuelo-directo-charlotte-samana\/#respond\" style=\"float:right;\">&#13;<br \/>\n    <img decoding=\"async\" src=\"https:\/\/www.arecoa.com\/wp-content\/themes\/arecoa\/images\/comment.png\" align=\"absmiddle\" \/> Deja un comentario\t\t<\/a>\t<\/p>\n<p>      <!--\n\t  \t\t\t\t  --><\/p>\n<div class=\"post content\">\n<p>Las Oficinas de Promoci\u00f3n Tur\u00edsticas (<strong>OPT<\/strong>) del Ministerio de Turismo (<strong>Mitur<\/strong>) en\u00a0<strong>New York<\/strong> y <strong>Orlando<\/strong>, en coordinaci\u00f3n con el <strong>Cl\u00faster Tur\u00edstico de Saman\u00e1<\/strong>, contin\u00faan promoviendo el nuevo servicio directo de <strong>American Airways<\/strong> que iniciar\u00e1 desde la ciudad de <strong>Charlotte NC<\/strong>, hac\u00eda Saman\u00e1 RD, a partir del pr\u00f3ximo 5 de junio 2021.<\/p>\n<p><a rel=\"nofollow noopener\" target=\"_blank\" href=\"https:\/\/www.arecoa.com\/wp-content\/uploads\/2021\/05\/samana.jpg\"><img decoding=\"async\" class=\"alignleft wp-image-132082\" src=\"https:\/\/www.arecoa.com\/wp-content\/uploads\/2021\/05\/samana.jpg\" alt=\"\" width=\"348\" height=\"209\" srcset=\"https:\/\/www.arecoa.com\/wp-content\/uploads\/2021\/05\/samana.jpg 1000w, https:\/\/www.arecoa.com\/wp-content\/uploads\/2021\/05\/samana-300x180.jpg 300w, https:\/\/www.arecoa.com\/wp-content\/uploads\/2021\/05\/samana-768x461.jpg 768w, https:\/\/www.arecoa.com\/wp-content\/uploads\/2021\/05\/samana-250x150.jpg 250w, https:\/\/www.arecoa.com\/wp-content\/uploads\/2021\/05\/samana-423x254.jpg 423w\" sizes=\"(max-width: 348px) 100vw, 348px\" \/><\/a>La ruta estar\u00e1 operada por un equipo Embraer con capacidad de 76 asientos, con dos frecuencias semanales los d\u00edas mi\u00e9rcoles y s\u00e1bados.<\/p>\n<p>En ese sentido, <strong>Fernando Abreu<\/strong>, director de la OPT de New York, resalt\u00f3 la importancia del \u00a0vuelo ya que el mismo representa la apertura del mercado americano hacia Saman\u00e1 porque ser\u00e1 el \u00fanico vuelo desde los Estados Unidos hacia el destino, adem\u00e1s que servir\u00e1 como vuelo de conexi\u00f3n desde otras ciudades del Nordeste Medio Oeste y Suroeste de USA.<\/p>\n<p>De su lado, <strong>Raquel Reyes<\/strong>, directora de la OPT de Orlando, realiz\u00f3 una presentaci\u00f3n basic del destino, destacando los nuevos requerimientos de entrada y salida al pa\u00eds (E-Ticket), protocolos implementados por el Gobierno dominicano en referencia al Covid-19 y enfatiz\u00f3 las herramientas disponibles para los Agentes de Viajes como son el Centro de Informaci\u00f3n del Viajero y la Certificaci\u00f3n de Experto en Rep\u00fablica Dominicana.<\/p>\n<p><strong>Javier Lara<\/strong>, vicepresidente del Cl\u00faster Tur\u00edstico de Saman\u00e1, proyect\u00f3 una presentaci\u00f3n de Saman\u00e1 mostrando la rica diversidad de opciones que ofrece; enfatizando que es el destino excellent para los amantes de la naturaleza, aventura y bienestar.<\/p>\n<p>Asimismo,\u00a0<strong>Rebeca Ovalle<\/strong>, representante de American Airways, agradeci\u00f3 el esfuerzo de las OPT quienes le han apoyado promoviendo esta ruta, lo que genera una expectativa muy positiva de otros posibles servicios que a corto plazo puedan estar siendo confirmados por esta aerol\u00ednea.<\/p>\n<p>Dichas informaciones fueron ofrecidas mediante un webinar, que cont\u00f3, con una destacada participaci\u00f3n de Agentes de Viajes quienes mostraron su entusiasmo y est\u00e1n ansiosos por ofrecer a Saman\u00e1 como opci\u00f3n excellent para las vacaciones de sus clientes, a prop\u00f3sito de la llegada del verano.<\/p>\n<p><!-- AddThis Advanced Settings above via filter on the_content --><!-- AddThis Advanced Settings below via filter on the_content --><!-- AddThis Advanced Settings generic via filter on the_content --><!-- AddThis Share Buttons above via filter on the_content --><!-- AddThis Share Buttons below via filter on the_content --><!-- AddThis Share Buttons generic via filter on the_content --><\/div>\n<hr class=\"noCss\" \/><\/div>\n\n<p><em> &#8221; Fuentes www.arecoa.com &#8221; <\/em><\/p>\n","protected":false},"excerpt":{"rendered":"<p>A partir del pr\u00f3ximo 5 de junio, con dos frecuencias semanales, mi\u00e9rcoles y s\u00e1bados Temas relacionados: American Airlines, Charlotte NC, Cl\u00faster Tur\u00edstico de Saman\u00e1, Fernando Abreu, Javier Lara, Mitur, New York, OPT, Orlando, Raquel Reyes, Rebeca Ovalle, Saman\u00e1 3 mayo, 2021 &#13; Deja un comentario Las Oficinas de Promoci\u00f3n Tur\u00edsticas (OPT) del Ministerio de Turismo [&hellip;]<\/p>\n","protected":false},"author":4,"featured_media":120627,"comment_status":"open","ping_status":"closed","sticky":false,"template":"","format":"standard","meta":{"om_disable_all_campaigns":false,"jnews-multi-image_gallery":[],"jnews_single_post":[],"jnews_primary_category":[],"jnews_social_meta":[],"footnotes":""},"categories":[40],"tags":[],"class_list":["post-120626","post","type-post","status-publish","format-standard","has-post-thumbnail","hentry","category-industria"],"_links":{"self":[{"href":"https:\/\/dimensionturistica.com\/es\/wp-json\/wp\/v2\/posts\/120626","targetHints":{"allow":["GET"]}}],"collection":[{"href":"https:\/\/dimensionturistica.com\/es\/wp-json\/wp\/v2\/posts"}],"about":[{"href":"https:\/\/dimensionturistica.com\/es\/wp-json\/wp\/v2\/types\/post"}],"author":[{"embeddable":true,"href":"https:\/\/dimensionturistica.com\/es\/wp-json\/wp\/v2\/users\/4"}],"replies":[{"embeddable":true,"href":"https:\/\/dimensionturistica.com\/es\/wp-json\/wp\/v2\/comments?post=120626"}],"version-history":[{"count":0,"href":"https:\/\/dimensionturistica.com\/es\/wp-json\/wp\/v2\/posts\/120626\/revisions"}],"wp:featuredmedia":[{"embeddable":true,"href":"https:\/\/dimensionturistica.com\/es\/wp-json\/wp\/v2\/media\/120627"}],"wp:attachment":[{"href":"https:\/\/dimensionturistica.com\/es\/wp-json\/wp\/v2\/media?parent=120626"}],"wp:term":[{"taxonomy":"category","embeddable":true,"href":"https:\/\/dimensionturistica.com\/es\/wp-json\/wp\/v2\/categories?post=120626"},{"taxonomy":"post_tag","embeddable":true,"href":"https:\/\/dimensionturistica.com\/es\/wp-json\/wp\/v2\/tags?post=120626"}],"curies":[{"name":"wp","href":"https:\/\/api.w.org\/{rel}","templated":true}]}}