{"id":1206254,"date":"2026-09-02T18:57:56","date_gmt":"2026-09-02T18:57:56","guid":{"rendered":"https:\/\/dimensionturistica.com\/es\/?p=1206254"},"modified":"2026-09-02T18:57:56","modified_gmt":"2026-09-02T18:57:56","slug":"francia-y-mexico-inauguran-la-gran-fiesta-franco-mexicana-con-una-exposicion-sobre-dos-siglos-de-historia-compartida","status":"publish","type":"post","link":"https:\/\/dimensionturistica.com\/es\/francia-y-mexico-inauguran-la-gran-fiesta-franco-mexicana-con-una-exposicion-sobre-dos-siglos-de-historia-compartida\/","title":{"rendered":"Francia y M\u00e9xico inauguran la Gran Fiesta Franco-Mexicana con una exposici\u00f3n sobre dos siglos de historia compartida"},"content":{"rendered":"\n<p class=\"wp-block-paragraph\">La Biblioteca Vasconcelos, de CDMX, alberga la muestra Francia-M\u00e9xico, 200 a\u00f1os de relaci\u00f3n y amistad: resonancias, disonancias y contrapuntos que abrir\u00e1 al p\u00fablico del 2 de septiembre al 18 de octubre.<\/p>\n\n\n\n<p class=\"wp-block-paragraph\">La curadur\u00eda de Philippe Oll\u00e9-Laprune y Conrado Tostado narra los claroscuros entre ambos pa\u00edses mediante m\u00e1s de un centenar de reproducciones fotogr\u00e1ficas y de documentos, as\u00ed como de obras de arte desplegadas en 52 paneles.<\/p>\n\n\n\n<p class=\"wp-block-paragraph\">Elaborada con apoyo del Acervo Hist\u00f3rico Diplom\u00e1tico y la colaboraci\u00f3n del Centro de Estudios Mexicanos y Centroamericanos, entre otras instituciones, es la primera actividad de la Gran Fiesta Franco-Mexicana, en el marco del Bicentenario de las Relaciones Diplom\u00e1ticas entre M\u00e9xico y Francia<\/p>\n\n\n\n<figure class=\"wp-block-gallery has-nested-images columns-default is-cropped wp-block-gallery-1 is-layout-flex wp-block-gallery-is-layout-flex\">\n<figure class=\"wp-block-image size-large\"><img decoding=\"async\" width=\"500\" height=\"666\" data-id=\"1206255\" src=\"https:\/\/dimensionturistica.com\/es\/wp-content\/uploads\/2026\/09\/1CINE.jpg\" alt=\"\" class=\"wp-image-1206255\" srcset=\"https:\/\/dimensionturistica.com\/es\/wp-content\/uploads\/2026\/09\/1CINE.jpg 500w, https:\/\/dimensionturistica.com\/es\/wp-content\/uploads\/2026\/09\/1CINE-225x300.jpg 225w\" sizes=\"(max-width: 500px) 100vw, 500px\" \/><\/figure>\n<\/figure>\n\n\n\n<p class=\"wp-block-paragraph\">La historia entre Francia y M\u00e9xico ha sido tan fecunda como accidentada. De esta relaci\u00f3n, que va de la inspiraci\u00f3n mutua a los desencuentros de la guerra, da cuenta la exposici\u00f3n Francia-M\u00e9xico, 200 a\u00f1os de relaci\u00f3n y amistad: resonancias, disonancias y contrapuntos, ser\u00e1 inaugurada este 1 de septiembre, a las 17 horas, en la Biblioteca Vasconcelos de la capital mexicana.<\/p>\n\n\n\n<p class=\"wp-block-paragraph\">Con ella da inicio la Gran Fiesta Franco-Mexicana, el programa cultural con que la Embajada de Francia en M\u00e9xico y el Institut fran\u00e7ais d\u2019Am\u00e9rique latine (IFAL), en colaboraci\u00f3n con la Secretar\u00eda de Relaciones Exteriores y la Secretar\u00eda de Cultura del Gobierno de M\u00e9xico, celebran el Bicentenario de las Relaciones Diplom\u00e1ticas entre ambos pa\u00edses.<\/p>\n\n\n\n<p class=\"wp-block-paragraph\">Elaborada con el apoyo del Acervo Hist\u00f3rico Diplom\u00e1tico y la colaboraci\u00f3n del Centro de Estudios Mexicanos y Centroamericanos (CEMCA), la muestra hilvana m\u00e1s de un centenar de im\u00e1genes fotogr\u00e1ficas y de documentos, as\u00ed como reproducciones de obras de arte, desplegadas en 52 paneles, para narrar de manera visual y cronol\u00f3gica el v\u00ednculo entre Francia y M\u00e9xico.<\/p>\n\n\n\n<figure class=\"wp-block-gallery has-nested-images columns-default is-cropped wp-block-gallery-2 is-layout-flex wp-block-gallery-is-layout-flex\">\n<figure class=\"wp-block-image size-large\"><img decoding=\"async\" width=\"459\" height=\"307\" data-id=\"1206256\" src=\"https:\/\/dimensionturistica.com\/es\/wp-content\/uploads\/2026\/09\/7CINE.jpg\" alt=\"\" class=\"wp-image-1206256\" srcset=\"https:\/\/dimensionturistica.com\/es\/wp-content\/uploads\/2026\/09\/7CINE.jpg 459w, https:\/\/dimensionturistica.com\/es\/wp-content\/uploads\/2026\/09\/7CINE-300x201.jpg 300w\" sizes=\"(max-width: 459px) 100vw, 459px\" \/><\/figure>\n<\/figure>\n\n\n\n<p class=\"wp-block-paragraph\">\u201cQueremos contar una historia muy rica entre dos culturas distintas, que se han atra\u00eddo e inspirado mutuamente. Es una relaci\u00f3n \u00fanica, animada por una fuerza que no tienen las relaciones con otros pa\u00edses de Am\u00e9rica Latina\u201d, dijo el escritor, editor y promotor cultural Philippe Oll\u00e9-Laprune, quien cura esta muestra con el investigador Conrado Tostado.<\/p>\n\n\n\n<p class=\"wp-block-paragraph\">Con m\u00e1s de tres d\u00e9cadas de impulsar intercambios culturales entre Francia y Am\u00e9rica Latina, Philippe Oll\u00e9-Laprune es el fundador de la Casa Refugio Citlalt\u00e9petl y dirigi\u00f3 la Oficina del Libro de la Embajada de Francia, desde donde public\u00f3 m\u00e1s de 80 traducciones del franc\u00e9s en M\u00e9xico. El escritor, traductor, editor y curador de arte contempor\u00e1neo Conrado Tostado ha sido coordinador de programas de transformaci\u00f3n social desde el arte, fue director de Exposiciones Internacionales en el INAH, agregado cultural en la Embajada de M\u00e9xico en la India y director del Museo de la Ciudad de M\u00e9xico.<\/p>\n\n\n\n<figure class=\"wp-block-gallery has-nested-images columns-default is-cropped wp-block-gallery-3 is-layout-flex wp-block-gallery-is-layout-flex\">\n<figure class=\"wp-block-image size-large\"><img decoding=\"async\" width=\"500\" height=\"666\" data-id=\"1206257\" src=\"https:\/\/dimensionturistica.com\/es\/wp-content\/uploads\/2026\/09\/3CINE.jpg\" alt=\"\" class=\"wp-image-1206257\" srcset=\"https:\/\/dimensionturistica.com\/es\/wp-content\/uploads\/2026\/09\/3CINE.jpg 500w, https:\/\/dimensionturistica.com\/es\/wp-content\/uploads\/2026\/09\/3CINE-225x300.jpg 225w\" sizes=\"(max-width: 500px) 100vw, 500px\" \/><\/figure>\n<\/figure>\n\n\n\n<p class=\"wp-block-paragraph\">El hilo curatorial de la exposici\u00f3n entreteje la dimensi\u00f3n pol\u00edtica y diplom\u00e1tica con una historia de las ideas y de las est\u00e9ticas, que toca los hitos y constantes, encuentros y desencuentros de esta aventura compartida. \u201cHay una fascinaci\u00f3n que M\u00e9xico ejerce hacia los franceses, que tiene que ver con un mundo ind\u00edgena, m\u00e1gico, de imaginaci\u00f3n, de fuerza y naturaleza; el universo prehisp\u00e1nico es un mundo que Francia va a imaginar en el Romanticismo, a veces de manera un poco delirante\u201d, explic\u00f3 Oll\u00e9-Laprune.<\/p>\n\n\n\n<p class=\"wp-block-paragraph\">Del lado mexicano -agreg\u00f3-, el acercamiento a Francia se sostiene desde el siglo XVIII en el terreno del pensamiento cr\u00edtico: \u201cEso se traduce en el campo pol\u00edtico; cabe que recordar que los dos son casi al mismo tiempo imperios y ambos son pa\u00edses que poco a poco buscan su sistema ideal de gobierno, una democracia, una Rep\u00fablica\u201d.<\/p>\n\n\n\n<figure class=\"wp-block-gallery has-nested-images columns-default is-cropped wp-block-gallery-4 is-layout-flex wp-block-gallery-is-layout-flex\">\n<figure class=\"wp-block-image size-large\"><img decoding=\"async\" width=\"500\" height=\"375\" data-id=\"1206261\" src=\"https:\/\/dimensionturistica.com\/es\/wp-content\/uploads\/2026\/09\/2CINE.jpg\" alt=\"\" class=\"wp-image-1206261\" srcset=\"https:\/\/dimensionturistica.com\/es\/wp-content\/uploads\/2026\/09\/2CINE.jpg 500w, https:\/\/dimensionturistica.com\/es\/wp-content\/uploads\/2026\/09\/2CINE-300x225.jpg 300w\" sizes=\"(max-width: 500px) 100vw, 500px\" \/><\/figure>\n<\/figure>\n\n\n\n<p class=\"wp-block-paragraph\">Tambi\u00e9n colaboraron para esta exposici\u00f3n, del lado mexicano, el Archivo General de la Naci\u00f3n, la Biblioteca Nacional de M\u00e9xico, el Archivo Manuel \u00c1lvarez Bravo, los institutos nacionales de Antropolog\u00eda e Historia y de Bellas Artes y Literatura, adem\u00e1s de colecciones privadas; del lado franc\u00e9s, el Centro Pompidou, el Museo del Louvre, los Archivos Nacionales de Francia, la Biblioteca Nacional de Francia y el Centro Nacional de las Artes Pl\u00e1sticas.<\/p>\n\n\n\n<p class=\"wp-block-paragraph\">Del siglo XVI al presente<\/p>\n\n\n\n<p class=\"wp-block-paragraph\">El recorrido se inicia en 1523, con el primer contacto documentado entre ambos mundos: el corsario franc\u00e9s Jean Fleury captur\u00f3 dos carabelas que Hern\u00e1n Cort\u00e9s enviaba a Espa\u00f1a con tesoros, exhibidos en Francia en 1527, en la primera muestra europea de objetos prehisp\u00e1nicos. Tres siglos despu\u00e9s, M\u00e9xico y Francia establecieron relaciones comerciales, antecedente de sus v\u00ednculos diplom\u00e1ticos en 1830.<\/p>\n\n\n\n<p class=\"wp-block-paragraph\">La muestra aborda episodios como la \u201cGuerra de los Pasteles\u201d y la llegada a M\u00e9xico del emperador Maximiliano de Habsburgo, impulsada por Napole\u00f3n III. Tambi\u00e9n recupera las cartas solidarias que V\u00edctor Hugo dedic\u00f3 a la resistencia mexicana durante la intervenci\u00f3n francesa, tras la batalla de Puebla, incluida una dirigida a Benito Ju\u00e1rez y otra a los habitantes y defensores de la ciudad. \u201cEs un momento pol\u00edtico muy bello, en el que V\u00edctor Hugo dice que no es Francia quien los est\u00e1 atacando, sino un imperio que va en contra de los valores de Francia\u201d, destac\u00f3 Oll\u00e9-Laprune.<\/p>\n\n\n\n<figure class=\"wp-block-gallery has-nested-images columns-default is-cropped wp-block-gallery-5 is-layout-flex wp-block-gallery-is-layout-flex\">\n<figure class=\"wp-block-image size-large\"><img decoding=\"async\" width=\"500\" height=\"351\" data-id=\"1206262\" src=\"https:\/\/dimensionturistica.com\/es\/wp-content\/uploads\/2026\/09\/9BIBLIO.jpg\" alt=\"\" class=\"wp-image-1206262\" srcset=\"https:\/\/dimensionturistica.com\/es\/wp-content\/uploads\/2026\/09\/9BIBLIO.jpg 500w, https:\/\/dimensionturistica.com\/es\/wp-content\/uploads\/2026\/09\/9BIBLIO-300x211.jpg 300w\" sizes=\"(max-width: 500px) 100vw, 500px\" \/><\/figure>\n<\/figure>\n\n\n\n<p class=\"wp-block-paragraph\">La exposici\u00f3n reivindica tambi\u00e9n la presencia y las aportaciones de las mujeres francesas que se afincaron en M\u00e9xico en los momentos convulsos del siglo XX, entre ellas la escritora Elena Poniatowska, la poeta y pintora surrealista Alice Rahon, la fot\u00f3grafa Colette Urbajtel y la arque\u00f3loga Laurette S\u00e9journ\u00e9, reconocida por sus innovadoras investigaciones en Teotihuac\u00e1n.<\/p>\n\n\n\n<p class=\"wp-block-paragraph\">\u201cTratamos de contar historias que nos parecen reveladoras\u201d, dijo el curador, quien record\u00f3 tambi\u00e9n el caso del pintor Henri Rousseau, \u201cel Aduanero\u201d, de quien durante mucho tiempo se crey\u00f3 que hab\u00eda estado en las selvas de M\u00e9xico, hasta que se demostr\u00f3 que nunca puso un pie en el pa\u00eds.<\/p>\n\n\n\n<p class=\"wp-block-paragraph\">La muestra dedica espacio a una obra de Gabriel Orozco inspirada en un autom\u00f3vil Citro\u00ebn, La DS (1993\/2013); exhibe una reproducci\u00f3n del cuadro de \u00c9douard Manet sobre el fusilamiento de Maximiliano, y de otras obras, entre ellas el autorretrato El marco (The Frame) de Frida Kahlo -que en 1939 el Museo del Louvre adquiri\u00f3 como la primera pieza de una artista mexicana- y cuadros de artistas nacionales como Diego Rivera, quien vivi\u00f3 en Par\u00eds.<\/p>\n\n\n\n<p class=\"wp-block-paragraph\">Incluye adem\u00e1s pinturas mexicanas del siglo XIX, as\u00ed como uno de los primeros dibujos de M\u00e9xico hechos por un franc\u00e9s, ligado a una expedici\u00f3n del astr\u00f3nomo Jean Chappe. La casa-taller de Andr\u00e9 Breton, en Par\u00eds, tambi\u00e9n aport\u00f3 materiales, complementados con fotograf\u00edas provenientes de colecciones particulares.<\/p>\n","protected":false},"excerpt":{"rendered":"<p>La Biblioteca Vasconcelos, de CDMX, alberga la muestra Francia-M\u00e9xico, 200 a\u00f1os de relaci\u00f3n y amistad: resonancias, disonancias y contrapuntos que abrir\u00e1 al p\u00fablico del 2 de septiembre al 18 de octubre. La curadur\u00eda de Philippe Oll\u00e9-Laprune y Conrado Tostado narra los claroscuros entre ambos pa\u00edses mediante m\u00e1s de un centenar de reproducciones fotogr\u00e1ficas y de [&hellip;]<\/p>\n","protected":false},"author":1,"featured_media":1206263,"comment_status":"open","ping_status":"closed","sticky":false,"template":"","format":"standard","meta":{"om_disable_all_campaigns":false,"jnews-multi-image_gallery":[],"jnews_single_post":[],"jnews_primary_category":[],"jnews_social_meta":[],"footnotes":""},"categories":[144872],"tags":[],"class_list":["post-1206254","post","type-post","status-publish","format-standard","has-post-thumbnail","hentry","category-fashion"],"_links":{"self":[{"href":"https:\/\/dimensionturistica.com\/es\/wp-json\/wp\/v2\/posts\/1206254","targetHints":{"allow":["GET"]}}],"collection":[{"href":"https:\/\/dimensionturistica.com\/es\/wp-json\/wp\/v2\/posts"}],"about":[{"href":"https:\/\/dimensionturistica.com\/es\/wp-json\/wp\/v2\/types\/post"}],"author":[{"embeddable":true,"href":"https:\/\/dimensionturistica.com\/es\/wp-json\/wp\/v2\/users\/1"}],"replies":[{"embeddable":true,"href":"https:\/\/dimensionturistica.com\/es\/wp-json\/wp\/v2\/comments?post=1206254"}],"version-history":[{"count":1,"href":"https:\/\/dimensionturistica.com\/es\/wp-json\/wp\/v2\/posts\/1206254\/revisions"}],"predecessor-version":[{"id":1206264,"href":"https:\/\/dimensionturistica.com\/es\/wp-json\/wp\/v2\/posts\/1206254\/revisions\/1206264"}],"wp:featuredmedia":[{"embeddable":true,"href":"https:\/\/dimensionturistica.com\/es\/wp-json\/wp\/v2\/media\/1206263"}],"wp:attachment":[{"href":"https:\/\/dimensionturistica.com\/es\/wp-json\/wp\/v2\/media?parent=1206254"}],"wp:term":[{"taxonomy":"category","embeddable":true,"href":"https:\/\/dimensionturistica.com\/es\/wp-json\/wp\/v2\/categories?post=1206254"},{"taxonomy":"post_tag","embeddable":true,"href":"https:\/\/dimensionturistica.com\/es\/wp-json\/wp\/v2\/tags?post=1206254"}],"curies":[{"name":"wp","href":"https:\/\/api.w.org\/{rel}","templated":true}]}}