{"id":1206248,"date":"2026-09-02T18:31:20","date_gmt":"2026-09-02T18:31:20","guid":{"rendered":"https:\/\/dimensionturistica.com\/es\/?p=1206248"},"modified":"2026-09-02T18:31:20","modified_gmt":"2026-09-02T18:31:20","slug":"pase-insta-a-capitalizar-afluencia-desarrollando-opciones-para-extender-estadia-y-explorar-otros-destinos","status":"publish","type":"post","link":"https:\/\/dimensionturistica.com\/es\/pase-insta-a-capitalizar-afluencia-desarrollando-opciones-para-extender-estadia-y-explorar-otros-destinos\/","title":{"rendered":"PASE insta a capitalizar afluencia desarrollando opciones para extender estad\u00eda y explorar otros destinos."},"content":{"rendered":"\n<p class=\"wp-block-paragraph\">La celebraci\u00f3n del torneo global de f\u00fatbol en M\u00e9xico dej\u00f3 un impacto que trascendi\u00f3 los estadios y las ciudades sede. De acuerdo con la Secretar\u00eda de Turismo (Sectur), 7.8 millones de viajeros nacionales e internacionales visitaron la Ciudad de M\u00e9xico, Monterrey y Guadalajara entre el 8 de junio y el 19 de julio, periodo en el que se gener\u00f3 una derrama tur\u00edstica de 42 mil 276 millones de pesos.<\/p>\n\n\n\n<figure class=\"wp-block-gallery has-nested-images columns-default is-cropped wp-block-gallery-1 is-layout-flex wp-block-gallery-is-layout-flex\">\n<figure class=\"wp-block-image size-large\"><img decoding=\"async\" width=\"500\" height=\"281\" data-id=\"1206249\" src=\"https:\/\/dimensionturistica.com\/es\/wp-content\/uploads\/2026\/09\/2PASE.jpg\" alt=\"\" class=\"wp-image-1206249\" srcset=\"https:\/\/dimensionturistica.com\/es\/wp-content\/uploads\/2026\/09\/2PASE.jpg 500w, https:\/\/dimensionturistica.com\/es\/wp-content\/uploads\/2026\/09\/2PASE-300x169.jpg 300w\" sizes=\"(max-width: 500px) 100vw, 500px\" \/><\/figure>\n<\/figure>\n\n\n\n<p class=\"wp-block-paragraph\">Para PASE, el comportamiento observado durante este periodo permite identificar que eventos de esta magnitud pueden convertirse en oportunidades para la industria tur\u00edstica mexicana, ante la posibilidad de que los visitantes extiendan sus recorridos, conozcan otros destinos del pa\u00eds y vivan nuevas experiencias.<\/p>\n\n\n\n<p class=\"wp-block-paragraph\">\u201cEl valor de estas temporadas no est\u00e1 \u00fanicamente en que las personas llegan a una ciudad para asistir a una actividad espec\u00edfica, tambi\u00e9n est\u00e1 en todo lo que sucede alrededor: los viajes que realizan antes y despu\u00e9s, los destinos que deciden conocer y las experiencias que buscan. Ah\u00ed existe una oportunidad importante para que M\u00e9xico convierta un flujo temporal de visitantes en una experiencia tur\u00edstica mucho m\u00e1s amplia\u201d, se\u00f1alaron expertos en movilidad de PASE.<\/p>\n\n\n\n<p class=\"wp-block-paragraph\">Por ello, el reto para la industria tur\u00edstica es capitalizar la afluencia de visitantes a este tipo de celebraciones y desarrollar opciones que incentiven a los visitantes a permanecer m\u00e1s tiempo, conocer otros destinos y distribuir su consumo entre diferentes actividades.<\/p>\n\n\n\n<p class=\"wp-block-paragraph\">En este sentido, iniciativas como PASE por M\u00e9xico, que re\u00fane beneficios en hoteles, restaurantes, tours y otras experiencias, son un ejemplo de c\u00f3mo pueden construirse plataformas que diversifiquen la oferta tur\u00edstica m\u00e1s all\u00e1 de las ciudades que concentran los grandes eventos.<\/p>\n\n\n\n<figure class=\"wp-block-gallery has-nested-images columns-default is-cropped wp-block-gallery-2 is-layout-flex wp-block-gallery-is-layout-flex\">\n<figure class=\"wp-block-image size-large\"><img decoding=\"async\" width=\"500\" height=\"262\" data-id=\"1206250\" src=\"https:\/\/dimensionturistica.com\/es\/wp-content\/uploads\/2026\/09\/9PASE.jpg\" alt=\"\" class=\"wp-image-1206250\" srcset=\"https:\/\/dimensionturistica.com\/es\/wp-content\/uploads\/2026\/09\/9PASE.jpg 500w, https:\/\/dimensionturistica.com\/es\/wp-content\/uploads\/2026\/09\/9PASE-300x157.jpg 300w\" sizes=\"(max-width: 500px) 100vw, 500px\" \/><\/figure>\n<\/figure>\n\n\n\n<p class=\"wp-block-paragraph\">M\u00e9xico tiene la oportunidad de ir m\u00e1s all\u00e1 de concentrar visitantes durante los d\u00edas que dura una temporada especial, el reto est\u00e1 en impulsar a los viajeros a que recorran distintas regiones del pa\u00eds.<\/p>\n\n\n\n<p class=\"wp-block-paragraph\">\u201cLa movilidad es una pieza de esa ecuaci\u00f3n, sobre todo en la transici\u00f3n hacia el modelo cero efectivos. Por ejemplo, que un Tag PASE pueda utilizarse en las carreteras operadas por CAPUFE, gracias a la interoperabilidad, permite que los viajeros recorran distintas regiones del pa\u00eds sin detenerse, promoviendo trayectos m\u00e1s \u00e1giles y eficientes\u201d, dijeron desde PASE.<\/p>\n\n\n\n<p class=\"wp-block-paragraph\">Ya no se trata \u00fanicamente de atraer personas a un destino, sino de acompa\u00f1arlas durante todo su recorrido, desde la planeaci\u00f3n hasta las actividades que realizan, los lugares que visitan y las experiencias que viven. Este cambio de perspectiva tambi\u00e9n puede transformar la manera en que las empresas vinculadas al turismo entienden a los visitantes.<\/p>\n\n\n\n<figure class=\"wp-block-gallery has-nested-images columns-default is-cropped wp-block-gallery-3 is-layout-flex wp-block-gallery-is-layout-flex\">\n<figure class=\"wp-block-image size-large\"><img decoding=\"async\" width=\"500\" height=\"340\" data-id=\"1206251\" src=\"https:\/\/dimensionturistica.com\/es\/wp-content\/uploads\/2026\/09\/7PASE.jpg\" alt=\"\" class=\"wp-image-1206251\" srcset=\"https:\/\/dimensionturistica.com\/es\/wp-content\/uploads\/2026\/09\/7PASE.jpg 500w, https:\/\/dimensionturistica.com\/es\/wp-content\/uploads\/2026\/09\/7PASE-300x204.jpg 300w\" sizes=\"(max-width: 500px) 100vw, 500px\" \/><\/figure>\n<\/figure>\n\n\n\n<p class=\"wp-block-paragraph\">Para el turismo mexicano, la siguiente oportunidad no necesariamente consiste en esperar a que el pa\u00eds nuevamente sea la sede de partidos mundiales, sino en aprovechar los patrones de movilidad que los grandes eventos revelan para construir experiencias capaces de mantener al viajero en movimiento y extender su pase por M\u00e9xico.<\/p>\n","protected":false},"excerpt":{"rendered":"<p>La celebraci\u00f3n del torneo global de f\u00fatbol en M\u00e9xico dej\u00f3 un impacto que trascendi\u00f3 los estadios y las ciudades sede. De acuerdo con la Secretar\u00eda de Turismo (Sectur), 7.8 millones de viajeros nacionales e internacionales visitaron la Ciudad de M\u00e9xico, Monterrey y Guadalajara entre el 8 de junio y el 19 de julio, periodo en [&hellip;]<\/p>\n","protected":false},"author":1,"featured_media":1206252,"comment_status":"open","ping_status":"closed","sticky":false,"template":"","format":"standard","meta":{"om_disable_all_campaigns":false,"jnews-multi-image_gallery":[],"jnews_single_post":[],"jnews_primary_category":[],"jnews_social_meta":[],"footnotes":""},"categories":[39],"tags":[],"class_list":["post-1206248","post","type-post","status-publish","format-standard","has-post-thumbnail","hentry","category-viajes"],"_links":{"self":[{"href":"https:\/\/dimensionturistica.com\/es\/wp-json\/wp\/v2\/posts\/1206248","targetHints":{"allow":["GET"]}}],"collection":[{"href":"https:\/\/dimensionturistica.com\/es\/wp-json\/wp\/v2\/posts"}],"about":[{"href":"https:\/\/dimensionturistica.com\/es\/wp-json\/wp\/v2\/types\/post"}],"author":[{"embeddable":true,"href":"https:\/\/dimensionturistica.com\/es\/wp-json\/wp\/v2\/users\/1"}],"replies":[{"embeddable":true,"href":"https:\/\/dimensionturistica.com\/es\/wp-json\/wp\/v2\/comments?post=1206248"}],"version-history":[{"count":1,"href":"https:\/\/dimensionturistica.com\/es\/wp-json\/wp\/v2\/posts\/1206248\/revisions"}],"predecessor-version":[{"id":1206253,"href":"https:\/\/dimensionturistica.com\/es\/wp-json\/wp\/v2\/posts\/1206248\/revisions\/1206253"}],"wp:featuredmedia":[{"embeddable":true,"href":"https:\/\/dimensionturistica.com\/es\/wp-json\/wp\/v2\/media\/1206252"}],"wp:attachment":[{"href":"https:\/\/dimensionturistica.com\/es\/wp-json\/wp\/v2\/media?parent=1206248"}],"wp:term":[{"taxonomy":"category","embeddable":true,"href":"https:\/\/dimensionturistica.com\/es\/wp-json\/wp\/v2\/categories?post=1206248"},{"taxonomy":"post_tag","embeddable":true,"href":"https:\/\/dimensionturistica.com\/es\/wp-json\/wp\/v2\/tags?post=1206248"}],"curies":[{"name":"wp","href":"https:\/\/api.w.org\/{rel}","templated":true}]}}