{"id":1206240,"date":"2026-09-02T18:18:50","date_gmt":"2026-09-02T18:18:50","guid":{"rendered":"https:\/\/dimensionturistica.com\/es\/?p=1206240"},"modified":"2026-09-02T18:18:50","modified_gmt":"2026-09-02T18:18:50","slug":"este-septiembre-encuentro-oceania-celebra-contigo-las-fiestas-patrias-festeja-el-dia-del-chocolate-como-nunca","status":"publish","type":"post","link":"https:\/\/dimensionturistica.com\/es\/este-septiembre-encuentro-oceania-celebra-contigo-las-fiestas-patrias-festeja-el-dia-del-chocolate-como-nunca\/","title":{"rendered":"\u00a0Este septiembre, Encuentro Ocean\u00eda celebra contigo las fiestas patrias. Festeja el D\u00eda del Chocolate como nunca"},"content":{"rendered":"\n<p class=\"wp-block-paragraph\">El mes m\u00e1s especial para los mexicanos ha llegado y, durante toda la temporada, buscamos maneras de honrar y celebrar nuestras ra\u00edces de forma sencilla y desde la cotidianidad. Para ello, el centro comercial Encuentro Ocean\u00eda cuenta con variedad de opciones para acompa\u00f1arte a ti y a tus seres queridos durante estas fechas.<\/p>\n\n\n\n<p class=\"wp-block-paragraph\">Sin duda alguna, Juan Gabriel es uno de los m\u00e1s grandes \u00eddolos de M\u00e9xico, y a 10 a\u00f1os de su fallecimiento su legado sigue presente y dando de qu\u00e9 hablar, con este motivo, Cinemex trae a sus salas la funci\u00f3n titulada Juan Gabriel: Mi Primer Bellas Artes, la cual muestra el inolvidable concierto de El Divo de Ju\u00e1rez para que todos sus fan\u00e1ticos lo disfruten. Las proyecciones son por una corta temporada, as\u00ed que no te pierdas la oportunidad de recordar uno de los momentos m\u00e1s ic\u00f3nicos de la escena mexicana.<\/p>\n\n\n\n<figure class=\"wp-block-gallery has-nested-images columns-default is-cropped wp-block-gallery-1 is-layout-flex wp-block-gallery-is-layout-flex\">\n<figure class=\"wp-block-image size-large\"><img decoding=\"async\" width=\"500\" height=\"331\" data-id=\"1206241\" src=\"https:\/\/dimensionturistica.com\/es\/wp-content\/uploads\/2026\/09\/5OCEA.jpg\" alt=\"\" class=\"wp-image-1206241\" srcset=\"https:\/\/dimensionturistica.com\/es\/wp-content\/uploads\/2026\/09\/5OCEA.jpg 500w, https:\/\/dimensionturistica.com\/es\/wp-content\/uploads\/2026\/09\/5OCEA-300x199.jpg 300w\" sizes=\"(max-width: 500px) 100vw, 500px\" \/><\/figure>\n<\/figure>\n\n\n\n<p class=\"wp-block-paragraph\">Por otro lado, si quieres disfrutar de la deliciosa gastronom\u00eda del pa\u00eds, este 2 de septiembre se festeja el D\u00eda Nacional del Cacao y el Chocolate, la ocasi\u00f3n ideal para aprovechar todas las opciones que puedes encontrar en Encuentro Ocean\u00eda: un rol de canela ChocoBon en Cinnabon, un rico helado de chocolate en H\u00e4agen-Dazs, Santa Clara o Dairy Queen, o bien, elegir tu barra favorita en Tur\u00edn para preparar tu propio postre en casa.<\/p>\n\n\n\n<p class=\"wp-block-paragraph\">No olvides que si tu mascota es infaltable en los planes familiares, no tienes de qu\u00e9 preocuparte: Encuentro Ocean\u00eda es pet-friendly, as\u00ed que puedes llevarlo contigo a todas partes sin dejar de lado la diversi\u00f3n.<\/p>\n\n\n\n<figure class=\"wp-block-gallery has-nested-images columns-default is-cropped wp-block-gallery-2 is-layout-flex wp-block-gallery-is-layout-flex\">\n<figure class=\"wp-block-image size-large\"><img decoding=\"async\" width=\"360\" height=\"180\" data-id=\"1206242\" src=\"https:\/\/dimensionturistica.com\/es\/wp-content\/uploads\/2026\/09\/9OCEA.jpg\" alt=\"\" class=\"wp-image-1206242\" srcset=\"https:\/\/dimensionturistica.com\/es\/wp-content\/uploads\/2026\/09\/9OCEA.jpg 360w, https:\/\/dimensionturistica.com\/es\/wp-content\/uploads\/2026\/09\/9OCEA-300x150.jpg 300w\" sizes=\"(max-width: 360px) 100vw, 360px\" \/><\/figure>\n<\/figure>\n\n\n\n<p class=\"wp-block-paragraph\">Mientras t\u00fa disfrutas tu visita, aprovecha para que tu carro quede como nuevo en Auto Spa Park N\u2019 Wash, que ofrece m\u00e1s de 10 diferentes servicios para el cuidado de tu autom\u00f3vil. \u00a1Te esperamos en Encuentro Ocean\u00eda!<\/p>\n\n\n\n<p class=\"wp-block-paragraph\">S\u00edguela en sus redes sociales:<\/p>\n\n\n\n<p class=\"wp-block-paragraph\">@encuentrooceania<\/p>\n","protected":false},"excerpt":{"rendered":"<p>El mes m\u00e1s especial para los mexicanos ha llegado y, durante toda la temporada, buscamos maneras de honrar y celebrar nuestras ra\u00edces de forma sencilla y desde la cotidianidad. Para ello, el centro comercial Encuentro Ocean\u00eda cuenta con variedad de opciones para acompa\u00f1arte a ti y a tus seres queridos durante estas fechas. Sin duda [&hellip;]<\/p>\n","protected":false},"author":1,"featured_media":1206243,"comment_status":"open","ping_status":"closed","sticky":false,"template":"","format":"standard","meta":{"om_disable_all_campaigns":false,"jnews-multi-image_gallery":[],"jnews_single_post":[],"jnews_primary_category":[],"jnews_social_meta":[],"footnotes":""},"categories":[43],"tags":[],"class_list":["post-1206240","post","type-post","status-publish","format-standard","has-post-thumbnail","hentry","category-gourmet"],"_links":{"self":[{"href":"https:\/\/dimensionturistica.com\/es\/wp-json\/wp\/v2\/posts\/1206240","targetHints":{"allow":["GET"]}}],"collection":[{"href":"https:\/\/dimensionturistica.com\/es\/wp-json\/wp\/v2\/posts"}],"about":[{"href":"https:\/\/dimensionturistica.com\/es\/wp-json\/wp\/v2\/types\/post"}],"author":[{"embeddable":true,"href":"https:\/\/dimensionturistica.com\/es\/wp-json\/wp\/v2\/users\/1"}],"replies":[{"embeddable":true,"href":"https:\/\/dimensionturistica.com\/es\/wp-json\/wp\/v2\/comments?post=1206240"}],"version-history":[{"count":1,"href":"https:\/\/dimensionturistica.com\/es\/wp-json\/wp\/v2\/posts\/1206240\/revisions"}],"predecessor-version":[{"id":1206244,"href":"https:\/\/dimensionturistica.com\/es\/wp-json\/wp\/v2\/posts\/1206240\/revisions\/1206244"}],"wp:featuredmedia":[{"embeddable":true,"href":"https:\/\/dimensionturistica.com\/es\/wp-json\/wp\/v2\/media\/1206243"}],"wp:attachment":[{"href":"https:\/\/dimensionturistica.com\/es\/wp-json\/wp\/v2\/media?parent=1206240"}],"wp:term":[{"taxonomy":"category","embeddable":true,"href":"https:\/\/dimensionturistica.com\/es\/wp-json\/wp\/v2\/categories?post=1206240"},{"taxonomy":"post_tag","embeddable":true,"href":"https:\/\/dimensionturistica.com\/es\/wp-json\/wp\/v2\/tags?post=1206240"}],"curies":[{"name":"wp","href":"https:\/\/api.w.org\/{rel}","templated":true}]}}