{"id":1206227,"date":"2026-09-02T18:11:17","date_gmt":"2026-09-02T18:11:17","guid":{"rendered":"https:\/\/dimensionturistica.com\/es\/?p=1206227"},"modified":"2026-09-02T18:11:17","modified_gmt":"2026-09-02T18:11:17","slug":"el-carnaval-de-mazatlan-2027-tendra-un-nuevo-escenario-el-lienzo-charro-se-suma-a-una-edicion-inspirada-en-la-charreria-el-ulama-y-los-textiles-de-villa-union","status":"publish","type":"post","link":"https:\/\/dimensionturistica.com\/es\/el-carnaval-de-mazatlan-2027-tendra-un-nuevo-escenario-el-lienzo-charro-se-suma-a-una-edicion-inspirada-en-la-charreria-el-ulama-y-los-textiles-de-villa-union\/","title":{"rendered":"El Carnaval de Mazatl\u00e1n 2027 tendr\u00e1 un nuevo escenario.El Lienzo Charro se suma a una edici\u00f3n inspirada en la charrer\u00eda, el ulama y los textiles de Villa Uni\u00f3n"},"content":{"rendered":"\n<p class=\"wp-block-paragraph\">Del 4 al 9 de febrero de 2027, Mazatl\u00e1n celebrar\u00e1 una nueva edici\u00f3n de su Carnaval bajo el lema \u201cAmamos nuestras tradiciones\u201d. Entre las novedades de este a\u00f1o destaca la incorporaci\u00f3n del Lienzo Charro al programa de la celebraci\u00f3n. El recinto se suma a escenarios emblem\u00e1ticos que ya forman parte de estas fiestas, como el Paseo Olas Altas, el Teatro \u00c1ngela Peralta, el Estadio Teodoro Mariscal y el Estadio El Encanto, ampliando los espacios que albergar\u00e1n actividades durante el Carnaval.<\/p>\n\n\n\n<figure class=\"wp-block-gallery has-nested-images columns-default is-cropped wp-block-gallery-1 is-layout-flex wp-block-gallery-is-layout-flex\">\n<figure class=\"wp-block-image size-large\"><img decoding=\"async\" width=\"500\" height=\"185\" data-id=\"1206228\" src=\"https:\/\/dimensionturistica.com\/es\/wp-content\/uploads\/2026\/09\/9SINA.jpg\" alt=\"\" class=\"wp-image-1206228\" srcset=\"https:\/\/dimensionturistica.com\/es\/wp-content\/uploads\/2026\/09\/9SINA.jpg 500w, https:\/\/dimensionturistica.com\/es\/wp-content\/uploads\/2026\/09\/9SINA-300x111.jpg 300w\" sizes=\"(max-width: 500px) 100vw, 500px\" \/><\/figure>\n<\/figure>\n\n\n\n<p class=\"wp-block-paragraph\">La inclusi\u00f3n del Lienzo Charro responde a la tem\u00e1tica de esta edici\u00f3n, que integra a la charrer\u00eda como una expresi\u00f3n cultural vinculada con la vida rural y las tradiciones de la regi\u00f3n. Considerada deporte nacional, en 2016 fue declarada por la UNESCO como Patrimonio Cultural Inmaterial de la Humanidad.<\/p>\n\n\n\n<figure class=\"wp-block-gallery has-nested-images columns-default is-cropped wp-block-gallery-2 is-layout-flex wp-block-gallery-is-layout-flex\">\n<figure class=\"wp-block-image size-large\"><img decoding=\"async\" width=\"500\" height=\"280\" data-id=\"1206229\" src=\"https:\/\/dimensionturistica.com\/es\/wp-content\/uploads\/2026\/09\/2SINA.jpg\" alt=\"\" class=\"wp-image-1206229\" srcset=\"https:\/\/dimensionturistica.com\/es\/wp-content\/uploads\/2026\/09\/2SINA.jpg 500w, https:\/\/dimensionturistica.com\/es\/wp-content\/uploads\/2026\/09\/2SINA-300x168.jpg 300w\" sizes=\"(max-width: 500px) 100vw, 500px\" \/><\/figure>\n<\/figure>\n\n\n\n<p class=\"wp-block-paragraph\">En Mazatl\u00e1n, su presencia se mantiene en comunidades como El Quelite y La Noria, donde distintas pr\u00e1cticas asociadas con la cultura ecuestre forman parte de la vida local: en El Quelite se realizan espect\u00e1culos de charrer\u00eda y jaripeo, mientras que en La Noria permanece viva la tradici\u00f3n de la talabarter\u00eda, oficio dedicado a la elaboraci\u00f3n de art\u00edculos de piel utilizados en actividades ecuestres.<\/p>\n\n\n\n<p class=\"wp-block-paragraph\">El concepto \u201cAmamos nuestras tradiciones\u201d busca rescatar el orgullo por las expresiones locales y fortalecer su transmisi\u00f3n a nuevas generaciones. Por ello, la propuesta visual re\u00fane distintos s\u00edmbolos de la identidad mazatleca.<\/p>\n\n\n\n<figure class=\"wp-block-gallery has-nested-images columns-default is-cropped wp-block-gallery-3 is-layout-flex wp-block-gallery-is-layout-flex\">\n<figure class=\"wp-block-image size-large\"><img decoding=\"async\" width=\"500\" height=\"280\" data-id=\"1206230\" src=\"https:\/\/dimensionturistica.com\/es\/wp-content\/uploads\/2026\/09\/5SINA.jpg\" alt=\"\" class=\"wp-image-1206230\" srcset=\"https:\/\/dimensionturistica.com\/es\/wp-content\/uploads\/2026\/09\/5SINA.jpg 500w, https:\/\/dimensionturistica.com\/es\/wp-content\/uploads\/2026\/09\/5SINA-300x168.jpg 300w\" sizes=\"(max-width: 500px) 100vw, 500px\" \/><\/figure>\n<\/figure>\n\n\n\n<p class=\"wp-block-paragraph\">Entre ellos destacan el venado, representado mediante un dise\u00f1o vanguardista, y el ulama, juego tradicional de origen prehisp\u00e1nico que forma parte de las expresiones culturales de Sinaloa. Tambi\u00e9n aparecen la figura del marinero, relacionada con la historia mar\u00edtima de Mazatl\u00e1n; la mujer mazatleca y el litoral del Malec\u00f3n, referencias vinculadas con las ra\u00edces del puerto.<\/p>\n\n\n\n<figure class=\"wp-block-gallery has-nested-images columns-default is-cropped wp-block-gallery-4 is-layout-flex wp-block-gallery-is-layout-flex\">\n<figure class=\"wp-block-image size-large\"><img decoding=\"async\" width=\"500\" height=\"280\" data-id=\"1206231\" src=\"https:\/\/dimensionturistica.com\/es\/wp-content\/uploads\/2026\/09\/3SINA.jpg\" alt=\"\" class=\"wp-image-1206231\" srcset=\"https:\/\/dimensionturistica.com\/es\/wp-content\/uploads\/2026\/09\/3SINA.jpg 500w, https:\/\/dimensionturistica.com\/es\/wp-content\/uploads\/2026\/09\/3SINA-300x168.jpg 300w\" sizes=\"(max-width: 500px) 100vw, 500px\" \/><\/figure>\n<\/figure>\n\n\n\n<p class=\"wp-block-paragraph\">A esta selecci\u00f3n se suma una franja inspirada en la riqueza textil de Villa Uni\u00f3n, la sindicatura m\u00e1s grande del municipio de Mazatl\u00e1n. El dise\u00f1o retoma el entrelazado de los hilos para representar la uni\u00f3n comunitaria y recuperar la historia local, donde permanecen las ruinas de la antigua f\u00e1brica textilera de hilos y tejidos La Uni\u00f3n, pilar econ\u00f3mico de la regi\u00f3n en 1900.<\/p>\n\n\n\n<figure class=\"wp-block-gallery has-nested-images columns-default is-cropped wp-block-gallery-5 is-layout-flex wp-block-gallery-is-layout-flex\">\n<figure class=\"wp-block-image size-large\"><img decoding=\"async\" width=\"500\" height=\"644\" data-id=\"1206232\" src=\"https:\/\/dimensionturistica.com\/es\/wp-content\/uploads\/2026\/09\/4SINA.jpg\" alt=\"\" class=\"wp-image-1206232\" srcset=\"https:\/\/dimensionturistica.com\/es\/wp-content\/uploads\/2026\/09\/4SINA.jpg 500w, https:\/\/dimensionturistica.com\/es\/wp-content\/uploads\/2026\/09\/4SINA-233x300.jpg 233w\" sizes=\"(max-width: 500px) 100vw, 500px\" \/><\/figure>\n<\/figure>\n\n\n\n<p class=\"wp-block-paragraph\">Con m\u00e1s de un siglo de historia, el Carnaval de Mazatl\u00e1n se ha consolidado como una de las celebraciones m\u00e1s importantes del puerto y como una de las fiestas carnavalescas con mayor reconocimiento internacional. En 2026 reuni\u00f3 a m\u00e1s de 1.34 millones de asistentes y gener\u00f3 una derrama econ\u00f3mica superior a 1,582 millones de pesos. Para 2027, la celebraci\u00f3n pone en el centro las expresiones que forman parte de la identidad de la regi\u00f3n, desde la charrer\u00eda y el ulama hasta la tradici\u00f3n textil de Villa Uni\u00f3n.<\/p>\n\n\n\n<p class=\"wp-block-paragraph\">#VisitSinaloa #Sinaloa #Turismo #Mazatl\u00e1n #CarnavalDeMazatl\u00e1n<\/p>\n","protected":false},"excerpt":{"rendered":"<p>Del 4 al 9 de febrero de 2027, Mazatl\u00e1n celebrar\u00e1 una nueva edici\u00f3n de su Carnaval bajo el lema \u201cAmamos nuestras tradiciones\u201d. Entre las novedades de este a\u00f1o destaca la incorporaci\u00f3n del Lienzo Charro al programa de la celebraci\u00f3n. El recinto se suma a escenarios emblem\u00e1ticos que ya forman parte de estas fiestas, como el [&hellip;]<\/p>\n","protected":false},"author":1,"featured_media":1206233,"comment_status":"open","ping_status":"closed","sticky":false,"template":"","format":"standard","meta":{"om_disable_all_campaigns":false,"jnews-multi-image_gallery":[],"jnews_single_post":[],"jnews_primary_category":[],"jnews_social_meta":[],"footnotes":""},"categories":[39],"tags":[],"class_list":["post-1206227","post","type-post","status-publish","format-standard","has-post-thumbnail","hentry","category-viajes"],"_links":{"self":[{"href":"https:\/\/dimensionturistica.com\/es\/wp-json\/wp\/v2\/posts\/1206227","targetHints":{"allow":["GET"]}}],"collection":[{"href":"https:\/\/dimensionturistica.com\/es\/wp-json\/wp\/v2\/posts"}],"about":[{"href":"https:\/\/dimensionturistica.com\/es\/wp-json\/wp\/v2\/types\/post"}],"author":[{"embeddable":true,"href":"https:\/\/dimensionturistica.com\/es\/wp-json\/wp\/v2\/users\/1"}],"replies":[{"embeddable":true,"href":"https:\/\/dimensionturistica.com\/es\/wp-json\/wp\/v2\/comments?post=1206227"}],"version-history":[{"count":1,"href":"https:\/\/dimensionturistica.com\/es\/wp-json\/wp\/v2\/posts\/1206227\/revisions"}],"predecessor-version":[{"id":1206234,"href":"https:\/\/dimensionturistica.com\/es\/wp-json\/wp\/v2\/posts\/1206227\/revisions\/1206234"}],"wp:featuredmedia":[{"embeddable":true,"href":"https:\/\/dimensionturistica.com\/es\/wp-json\/wp\/v2\/media\/1206233"}],"wp:attachment":[{"href":"https:\/\/dimensionturistica.com\/es\/wp-json\/wp\/v2\/media?parent=1206227"}],"wp:term":[{"taxonomy":"category","embeddable":true,"href":"https:\/\/dimensionturistica.com\/es\/wp-json\/wp\/v2\/categories?post=1206227"},{"taxonomy":"post_tag","embeddable":true,"href":"https:\/\/dimensionturistica.com\/es\/wp-json\/wp\/v2\/tags?post=1206227"}],"curies":[{"name":"wp","href":"https:\/\/api.w.org\/{rel}","templated":true}]}}