{"id":1206223,"date":"2026-09-02T17:42:34","date_gmt":"2026-09-02T17:42:34","guid":{"rendered":"https:\/\/dimensionturistica.com\/es\/?p=1206223"},"modified":"2026-09-02T17:42:34","modified_gmt":"2026-09-02T17:42:34","slug":"queretaro-celebrara-la-vendimia-mas-mexicana-en-vinedos-azteca-se-realizara-el-sabado-12-de-septiembre","status":"publish","type":"post","link":"https:\/\/dimensionturistica.com\/es\/queretaro-celebrara-la-vendimia-mas-mexicana-en-vinedos-azteca-se-realizara-el-sabado-12-de-septiembre\/","title":{"rendered":"Quer\u00e9taro celebrar\u00e1 \u201cLa Vendimia m\u00e1s Mexicana\u201d en Vi\u00f1edos Azteca. Se realizar\u00e1 el s\u00e1bado 12 de septiembre,"},"content":{"rendered":"\n<p class=\"wp-block-paragraph\">Con el objetivo de fortalecer la oferta enotur\u00edstica de Quer\u00e9taro y promover la riqueza de la cultura vitivin\u00edcola, fue presentada \u201cLa Vendimia m\u00e1s Mexicana\u201d, celebraci\u00f3n que tendr\u00e1 lugar el pr\u00f3ximo s\u00e1bado 12 de septiembre en Vi\u00f1edos Azteca.<\/p>\n\n\n\n<p class=\"wp-block-paragraph\">El evento tendr\u00e1 un perfil familiar y pet friendly, con una propuesta que busca distinguirse por la incorporaci\u00f3n de diversos elementos representativos de la cultura mexicana.<\/p>\n\n\n\n<p class=\"wp-block-paragraph\">\u201cComo parte de la experiencia, los visitantes podr\u00e1n disfrutar de un programa que integra espect\u00e1culos ecuestres en lienzo charro, caballos y escaramuzas, adem\u00e1s de expresiones musicales tradicionales como mariachi, marimba y danzantes, en una celebraci\u00f3n que busca vincular la cultura mexicana con la experiencia del vino\u201d, subray\u00f3 Viridiana Dom\u00ednguez, coordinadora de Proyectos Especiales de la Secretar\u00eda de Turismo de Quer\u00e9taro.<\/p>\n\n\n\n<figure class=\"wp-block-gallery has-nested-images columns-default is-cropped wp-block-gallery-1 is-layout-flex wp-block-gallery-is-layout-flex\">\n<figure class=\"wp-block-image size-large\"><img decoding=\"async\" width=\"500\" height=\"294\" data-id=\"1206224\" src=\"https:\/\/dimensionturistica.com\/es\/wp-content\/uploads\/2026\/09\/BNHYYUU.jpg\" alt=\"\" class=\"wp-image-1206224\" srcset=\"https:\/\/dimensionturistica.com\/es\/wp-content\/uploads\/2026\/09\/BNHYYUU.jpg 500w, https:\/\/dimensionturistica.com\/es\/wp-content\/uploads\/2026\/09\/BNHYYUU-300x176.jpg 300w\" sizes=\"(max-width: 500px) 100vw, 500px\" \/><\/figure>\n<\/figure>\n\n\n\n<p class=\"wp-block-paragraph\">Las vendimias representan una oportunidad para acercar a visitantes y familias a la cultura del vino, al tiempo que fortalecen el posicionamiento de Quer\u00e9taro como destino de enoturismo y a generar beneficios para diferentes sectores de la econom\u00eda tur\u00edstica.<\/p>\n\n\n\n<p class=\"wp-block-paragraph\">La celebraci\u00f3n contribuye a impulsar la actividad econ\u00f3mica en restaurantes, hoteles, transporte, gu\u00edas y servicios tur\u00edsticos, adem\u00e1s de representar una oportunidad para promover el trabajo de artesanos de diversos municipios del estado.<\/p>\n\n\n\n<p class=\"wp-block-paragraph\">La \u201cVendimia m\u00e1s Mexicana\u201d busca tambi\u00e9n poner en valor la identidad de Quer\u00e9taro como territorio vitivin\u00edcola, ofreciendo una experiencia que va m\u00e1s all\u00e1 de la degustaci\u00f3n de vino para acercar al visitante a las tradiciones, expresiones culturales y gastronom\u00eda que forman parte de la identidad de la entidad.<\/p>\n\n\n\n<p class=\"wp-block-paragraph\">El programa contempla promover una visi\u00f3n de consumo responsable, destacando que el objetivo principal de la celebraci\u00f3n es acercar a las familias y visitantes a la cultura del vino y a la importancia del sector vitivin\u00edcola queretano.<\/p>\n\n\n\n<p class=\"wp-block-paragraph\">Con eventos como \u00e9ste, Quer\u00e9taro contin\u00faa consolidando su oferta de enoturismo, aprovechando la riqueza de sus vi\u00f1edos y vincul\u00e1ndola con la cultura, la gastronom\u00eda, las tradiciones y las experiencias que hacen del estado un destino tur\u00edstico diverso y competitivo.<\/p>\n","protected":false},"excerpt":{"rendered":"<p>Con el objetivo de fortalecer la oferta enotur\u00edstica de Quer\u00e9taro y promover la riqueza de la cultura vitivin\u00edcola, fue presentada \u201cLa Vendimia m\u00e1s Mexicana\u201d, celebraci\u00f3n que tendr\u00e1 lugar el pr\u00f3ximo s\u00e1bado 12 de septiembre en Vi\u00f1edos Azteca. El evento tendr\u00e1 un perfil familiar y pet friendly, con una propuesta que busca distinguirse por la incorporaci\u00f3n [&hellip;]<\/p>\n","protected":false},"author":1,"featured_media":1206225,"comment_status":"open","ping_status":"closed","sticky":false,"template":"","format":"standard","meta":{"om_disable_all_campaigns":false,"jnews-multi-image_gallery":[],"jnews_single_post":[],"jnews_primary_category":[],"jnews_social_meta":[],"footnotes":""},"categories":[43],"tags":[],"class_list":["post-1206223","post","type-post","status-publish","format-standard","has-post-thumbnail","hentry","category-gourmet"],"_links":{"self":[{"href":"https:\/\/dimensionturistica.com\/es\/wp-json\/wp\/v2\/posts\/1206223","targetHints":{"allow":["GET"]}}],"collection":[{"href":"https:\/\/dimensionturistica.com\/es\/wp-json\/wp\/v2\/posts"}],"about":[{"href":"https:\/\/dimensionturistica.com\/es\/wp-json\/wp\/v2\/types\/post"}],"author":[{"embeddable":true,"href":"https:\/\/dimensionturistica.com\/es\/wp-json\/wp\/v2\/users\/1"}],"replies":[{"embeddable":true,"href":"https:\/\/dimensionturistica.com\/es\/wp-json\/wp\/v2\/comments?post=1206223"}],"version-history":[{"count":1,"href":"https:\/\/dimensionturistica.com\/es\/wp-json\/wp\/v2\/posts\/1206223\/revisions"}],"predecessor-version":[{"id":1206226,"href":"https:\/\/dimensionturistica.com\/es\/wp-json\/wp\/v2\/posts\/1206223\/revisions\/1206226"}],"wp:featuredmedia":[{"embeddable":true,"href":"https:\/\/dimensionturistica.com\/es\/wp-json\/wp\/v2\/media\/1206225"}],"wp:attachment":[{"href":"https:\/\/dimensionturistica.com\/es\/wp-json\/wp\/v2\/media?parent=1206223"}],"wp:term":[{"taxonomy":"category","embeddable":true,"href":"https:\/\/dimensionturistica.com\/es\/wp-json\/wp\/v2\/categories?post=1206223"},{"taxonomy":"post_tag","embeddable":true,"href":"https:\/\/dimensionturistica.com\/es\/wp-json\/wp\/v2\/tags?post=1206223"}],"curies":[{"name":"wp","href":"https:\/\/api.w.org\/{rel}","templated":true}]}}