{"id":1206209,"date":"2026-09-02T17:24:59","date_gmt":"2026-09-02T17:24:59","guid":{"rendered":"https:\/\/dimensionturistica.com\/es\/?p=1206209"},"modified":"2026-09-02T17:24:59","modified_gmt":"2026-09-02T17:24:59","slug":"leon-guanajuato-te-invita-a-descubrir-todo-en-los-festejos-de-las-fiestas-patrias-y-gritar-en-la-cuna-de-la-independencia-viva-mexico","status":"publish","type":"post","link":"https:\/\/dimensionturistica.com\/es\/leon-guanajuato-te-invita-a-descubrir-todo-en-los-festejos-de-las-fiestas-patrias-y-gritar-en-la-cuna-de-la-independencia-viva-mexico\/","title":{"rendered":"\u00a0Le\u00f3n Guanajuato te invita a descubrir todo en los festejos de las fiestas patrias, y gritar en la cuna de la Independencia \u201cViva Mexico\u201d"},"content":{"rendered":"\n<p class=\"wp-block-paragraph\">Septiembre es una invitaci\u00f3n a celebrar lo que nos hace mexicanos, y Le\u00f3n, Guanajuato, prepara una agenda llena de m\u00fasica, danza, gastronom\u00eda y espect\u00e1culos para disfrutar en familia. Durante las Fiestas Patrias, la ciudad se llena de color y actividades que convierten sus calles, plazas y recintos culturales en escenarios para vivir la tradici\u00f3n mexicana.<\/p>\n\n\n\n<p class=\"wp-block-paragraph\">Este a\u00f1o, la celebraci\u00f3n contempla 38 actividades gratuitas, adem\u00e1s de decoraci\u00f3n patria en distintos puntos de la ciudad. Los festejos comenzaron el 21 de agosto y se extender\u00e1n hasta el 23 de septiembre, por lo que habr\u00e1 muchas oportunidades para descubrir Le\u00f3n durante tu visita.<\/p>\n\n\n\n<figure class=\"wp-block-gallery has-nested-images columns-default is-cropped wp-block-gallery-1 is-layout-flex wp-block-gallery-is-layout-flex\">\n<figure class=\"wp-block-image size-large\"><img decoding=\"async\" width=\"500\" height=\"336\" data-id=\"1206212\" src=\"https:\/\/dimensionturistica.com\/es\/wp-content\/uploads\/2026\/09\/7LEON.jpg\" alt=\"\" class=\"wp-image-1206212\" srcset=\"https:\/\/dimensionturistica.com\/es\/wp-content\/uploads\/2026\/09\/7LEON.jpg 500w, https:\/\/dimensionturistica.com\/es\/wp-content\/uploads\/2026\/09\/7LEON-300x202.jpg 300w\" sizes=\"(max-width: 500px) 100vw, 500px\" \/><\/figure>\n<\/figure>\n\n\n\n<p class=\"wp-block-paragraph\">Oaxaca llega a Le\u00f3n con su riqueza cultural<\/p>\n\n\n\n<p class=\"wp-block-paragraph\">Uno de los atractivos especiales de esta celebraci\u00f3n ser\u00e1 la participaci\u00f3n de Oaxaca como estado invitado, que traer\u00e1 a la ciudad una muestra de sus tradiciones, artesan\u00edas y expresiones culturales.<\/p>\n\n\n\n<p class=\"wp-block-paragraph\">La Expo Oaxaca ya forma parte de la programaci\u00f3n y tendr\u00e1 como complemento uno de los encuentros culturales m\u00e1s representativos del estado: La Guelaguetza, que llegar\u00e1 a Le\u00f3n los d\u00edas 5 y 6 de septiembre.<\/p>\n\n\n\n<p class=\"wp-block-paragraph\">La presencia de Oaxaca convierte las fiestas patrias en una oportunidad para conocer y disfrutar la diversidad cultural de M\u00e9xico sin salir de Le\u00f3n.<\/p>\n\n\n\n<p class=\"wp-block-paragraph\">M\u00fasica y danza para celebrar septiembre<\/p>\n\n\n\n<figure class=\"wp-block-gallery has-nested-images columns-default is-cropped wp-block-gallery-2 is-layout-flex wp-block-gallery-is-layout-flex\">\n<figure class=\"wp-block-image size-large\"><img decoding=\"async\" width=\"500\" height=\"281\" data-id=\"1206213\" src=\"https:\/\/dimensionturistica.com\/es\/wp-content\/uploads\/2026\/09\/2LEON.jpg\" alt=\"\" class=\"wp-image-1206213\" srcset=\"https:\/\/dimensionturistica.com\/es\/wp-content\/uploads\/2026\/09\/2LEON.jpg 500w, https:\/\/dimensionturistica.com\/es\/wp-content\/uploads\/2026\/09\/2LEON-300x169.jpg 300w\" sizes=\"(max-width: 500px) 100vw, 500px\" \/><\/figure>\n<\/figure>\n\n\n\n<p class=\"wp-block-paragraph\">La tradici\u00f3n tambi\u00e9n llegar\u00e1 a los escenarios de la ciudad.<\/p>\n\n\n\n<p class=\"wp-block-paragraph\">Del 3 al 6 de septiembre, la Plaza Expiatorio ser\u00e1 sede de la 41.\u00aa Muestra de Danza Folcl\u00f3rica, donde diferentes expresiones de la danza tradicional formar\u00e1n parte de la celebraci\u00f3n.<\/p>\n\n\n\n<p class=\"wp-block-paragraph\">El 4 de septiembre, la programaci\u00f3n continuar\u00e1 con \u201cRa\u00edces\u201d, una propuesta musical que reunir\u00e1 al director Juan Trigos con la Escuela de M\u00fasica de Le\u00f3n.<\/p>\n\n\n\n<p class=\"wp-block-paragraph\">Y la agenda cultural seguir\u00e1 durante los siguientes d\u00edas. El 14 de septiembre, el Teatro Manuel Doblado celebrar\u00e1 su 146.\u00ba aniversario con la participaci\u00f3n de la Banda Municipal de Le\u00f3n y la presentaci\u00f3n de Mar\u00eda Grever: Eternamente.<\/p>\n\n\n\n<figure class=\"wp-block-gallery has-nested-images columns-default is-cropped wp-block-gallery-3 is-layout-flex wp-block-gallery-is-layout-flex\"><\/figure>\n\n\n\n<figure class=\"wp-block-gallery has-nested-images columns-default is-cropped wp-block-gallery-4 is-layout-flex wp-block-gallery-is-layout-flex\">\n<figure class=\"wp-block-image size-large\"><img decoding=\"async\" width=\"500\" height=\"281\" data-id=\"1206214\" src=\"https:\/\/dimensionturistica.com\/es\/wp-content\/uploads\/2026\/09\/4LEON.jpg\" alt=\"\" class=\"wp-image-1206214\" srcset=\"https:\/\/dimensionturistica.com\/es\/wp-content\/uploads\/2026\/09\/4LEON.jpg 500w, https:\/\/dimensionturistica.com\/es\/wp-content\/uploads\/2026\/09\/4LEON-300x169.jpg 300w\" sizes=\"(max-width: 500px) 100vw, 500px\" \/><\/figure>\n<\/figure>\n\n\n\n<p class=\"wp-block-paragraph\">Adem\u00e1s, el 19 de septiembre llegar\u00e1 por primera vez a Le\u00f3n la obra Las Fridas, tambi\u00e9n en el Teatro Manuel Doblado, sumando una propuesta teatral a la celebraci\u00f3n.<\/p>\n\n\n\n<p class=\"wp-block-paragraph\">La gran noche mexicana ser\u00e1 el 15 de septiembre<\/p>\n\n\n\n<p class=\"wp-block-paragraph\">Si quieres vivir una noche llena de ambiente mexicano, el 15 de septiembre ser\u00e1 una de las fechas principales para visitar Le\u00f3n.<\/p>\n\n\n\n<p class=\"wp-block-paragraph\">\u201cNo solamente ser\u00e1 el d\u00eda 15 ni el Desfile del d\u00eda 16, sino que tendremos arreglado nuestro municipio en varias calles, el Palacio y en el Centro\u201d, comparti\u00f3 la presidenta municipal Ale Guti\u00e9rrez.<\/p>\n\n\n\n<p class=\"wp-block-paragraph\">La ciudad recibir\u00e1 una celebraci\u00f3n con banda, m\u00fasica norte\u00f1a y mariachi, que acompa\u00f1ar\u00e1 la tradicional ceremonia del Grito de Independencia.<\/p>\n\n\n\n<p class=\"wp-block-paragraph\">Uno de los momentos m\u00e1s esperados ser\u00e1 la presentaci\u00f3n de Alicia Villarreal, quien ser\u00e1 la artista invitada de la noche y se presentar\u00e1 ante el p\u00fablico reunido en el Palacio Municipal.<\/p>\n\n\n\n<p class=\"wp-block-paragraph\">Pero la m\u00fasica no ser\u00e1 el \u00fanico espect\u00e1culo. El cielo de Le\u00f3n tambi\u00e9n formar\u00e1 parte de la celebraci\u00f3n con un show de m\u00e1s de 350 drones, dise\u00f1ado para disfrutarse desde distintos puntos de la ciudad.<\/p>\n\n\n\n<figure class=\"wp-block-gallery has-nested-images columns-default is-cropped wp-block-gallery-5 is-layout-flex wp-block-gallery-is-layout-flex\">\n<figure class=\"wp-block-image size-large\"><img decoding=\"async\" width=\"500\" height=\"333\" data-id=\"1206215\" src=\"https:\/\/dimensionturistica.com\/es\/wp-content\/uploads\/2026\/09\/5LEON.jpg\" alt=\"\" class=\"wp-image-1206215\" srcset=\"https:\/\/dimensionturistica.com\/es\/wp-content\/uploads\/2026\/09\/5LEON.jpg 500w, https:\/\/dimensionturistica.com\/es\/wp-content\/uploads\/2026\/09\/5LEON-300x200.jpg 300w\" sizes=\"(max-width: 500px) 100vw, 500px\" \/><\/figure>\n<\/figure>\n\n\n\n<p class=\"wp-block-paragraph\">Adem\u00e1s, la celebraci\u00f3n contempla 425 sedes distribuidas en el municipio, con una expectativa de convivencia para m\u00e1s de 45 mil personas y la participaci\u00f3n de m\u00e1s de 450 comerciantes de antojitos y productos patrios.<\/p>\n\n\n\n<p class=\"wp-block-paragraph\">As\u00ed que, si est\u00e1s pensando en viajar a Le\u00f3n para celebrar el 15 de septiembre, tendr\u00e1s la oportunidad de combinar la fiesta mexicana con gastronom\u00eda, m\u00fasica y un recorrido por los espacios m\u00e1s emblem\u00e1ticos de la ciudad.<\/p>\n\n\n\n<p class=\"wp-block-paragraph\">El 16 de septiembre contin\u00faa la celebraci\u00f3n<\/p>\n\n\n\n<p class=\"wp-block-paragraph\">La fiesta no termina con el Grito, el 16 de septiembre, Le\u00f3n ser\u00e1 escenario del Desfile C\u00edvico Militar 450, que recorrer\u00e1 las calles de la ciudad con la participaci\u00f3n de m\u00e1s de 2 mil personas, m\u00e1s de 100 veh\u00edculos motorizados y 61 caballos.<\/p>\n\n\n\n<p class=\"wp-block-paragraph\">El desfile reunir\u00e1 contingentes de instituciones, asociaciones civiles, instituciones educativas y charros, creando un recorrido que permitir\u00e1 disfrutar de diferentes expresiones de la identidad mexicana.<\/p>\n\n\n\n<p class=\"wp-block-paragraph\">Una celebraci\u00f3n para disfrutar Le\u00f3n<\/p>\n\n\n\n<p class=\"wp-block-paragraph\">Las Fiestas Patrias son tambi\u00e9n una buena oportunidad para recorrer el Centro Hist\u00f3rico, conocer sus espacios culturales, disfrutar de la gastronom\u00eda local y descubrir el ambiente que se vive en la ciudad durante septiembre.<\/p>\n\n\n\n<p class=\"wp-block-paragraph\">Para esta temporada se ha preparado un operativo especial con alrededor de 1,800 elementos de diferentes \u00e1reas de seguridad y atenci\u00f3n, adem\u00e1s de acciones coordinadas para las zonas donde se concentrar\u00e1 el mayor n\u00famero de visitantes.<\/p>\n\n\n\n<p class=\"wp-block-paragraph\">As\u00ed que prepara tu visita, ponte los colores de M\u00e9xico y d\u00e9jate llevar por el ambiente festivo de una ciudad que durante septiembre celebra sus tradiciones con m\u00fasica, cultura y orgullo.<\/p>\n\n\n\n<p class=\"wp-block-paragraph\">Si est\u00e1s buscando un destino para vivir las Fiestas Patrias, Le\u00f3n te espera con una agenda para disfrutar en familia, con amigos o en pareja. \u00a1Ven a celebrar septiembre, descubre sus tradiciones y vive Le\u00f3n!<\/p>\n","protected":false},"excerpt":{"rendered":"<p>Septiembre es una invitaci\u00f3n a celebrar lo que nos hace mexicanos, y Le\u00f3n, Guanajuato, prepara una agenda llena de m\u00fasica, danza, gastronom\u00eda y espect\u00e1culos para disfrutar en familia. Durante las Fiestas Patrias, la ciudad se llena de color y actividades que convierten sus calles, plazas y recintos culturales en escenarios para vivir la tradici\u00f3n mexicana. [&hellip;]<\/p>\n","protected":false},"author":1,"featured_media":1206216,"comment_status":"open","ping_status":"closed","sticky":false,"template":"","format":"standard","meta":{"om_disable_all_campaigns":false,"jnews-multi-image_gallery":[],"jnews_single_post":[],"jnews_primary_category":[],"jnews_social_meta":[],"footnotes":""},"categories":[39],"tags":[],"class_list":["post-1206209","post","type-post","status-publish","format-standard","has-post-thumbnail","hentry","category-viajes"],"_links":{"self":[{"href":"https:\/\/dimensionturistica.com\/es\/wp-json\/wp\/v2\/posts\/1206209","targetHints":{"allow":["GET"]}}],"collection":[{"href":"https:\/\/dimensionturistica.com\/es\/wp-json\/wp\/v2\/posts"}],"about":[{"href":"https:\/\/dimensionturistica.com\/es\/wp-json\/wp\/v2\/types\/post"}],"author":[{"embeddable":true,"href":"https:\/\/dimensionturistica.com\/es\/wp-json\/wp\/v2\/users\/1"}],"replies":[{"embeddable":true,"href":"https:\/\/dimensionturistica.com\/es\/wp-json\/wp\/v2\/comments?post=1206209"}],"version-history":[{"count":1,"href":"https:\/\/dimensionturistica.com\/es\/wp-json\/wp\/v2\/posts\/1206209\/revisions"}],"predecessor-version":[{"id":1206217,"href":"https:\/\/dimensionturistica.com\/es\/wp-json\/wp\/v2\/posts\/1206209\/revisions\/1206217"}],"wp:featuredmedia":[{"embeddable":true,"href":"https:\/\/dimensionturistica.com\/es\/wp-json\/wp\/v2\/media\/1206216"}],"wp:attachment":[{"href":"https:\/\/dimensionturistica.com\/es\/wp-json\/wp\/v2\/media?parent=1206209"}],"wp:term":[{"taxonomy":"category","embeddable":true,"href":"https:\/\/dimensionturistica.com\/es\/wp-json\/wp\/v2\/categories?post=1206209"},{"taxonomy":"post_tag","embeddable":true,"href":"https:\/\/dimensionturistica.com\/es\/wp-json\/wp\/v2\/tags?post=1206209"}],"curies":[{"name":"wp","href":"https:\/\/api.w.org\/{rel}","templated":true}]}}