{"id":1206203,"date":"2026-09-02T17:09:01","date_gmt":"2026-09-02T17:09:01","guid":{"rendered":"https:\/\/dimensionturistica.com\/es\/?p=1206203"},"modified":"2026-09-02T17:09:01","modified_gmt":"2026-09-02T17:09:01","slug":"el-festival-internacional-de-cine-cannabico-reafirma-su-compromiso-con-acercar-el-septimo-arte-a-la-poblacion-y-ampliar-el-acceso-a-nuevas-propuestas-cinematograficas","status":"publish","type":"post","link":"https:\/\/dimensionturistica.com\/es\/el-festival-internacional-de-cine-cannabico-reafirma-su-compromiso-con-acercar-el-septimo-arte-a-la-poblacion-y-ampliar-el-acceso-a-nuevas-propuestas-cinematograficas\/","title":{"rendered":"El Festival Internacional de Cine Cann\u00e1bico reafirma su compromiso con acercar el s\u00e9ptimo arte a la poblaci\u00f3n y ampliar el acceso a nuevas propuestas cinematogr\u00e1ficas"},"content":{"rendered":"\n<p class=\"wp-block-paragraph\">El Festival Internacional de Cine Cann\u00e1bico (FEICCA) concluy\u00f3 su edici\u00f3n 2026 con una gran respuesta del p\u00fablico en M\u00e9xico y Colombia, donde las proyecciones de su selecci\u00f3n internacional acercaron al p\u00fablico historias y miradas diversas alrededor del cannabis. Este a\u00f1o, FEICCA lleg\u00f3 por primera vez a Toluca, mantuvo su presencia en Ciudad de M\u00e9xico y cont\u00f3 nuevamente con una sede alterna en Colombia, adem\u00e1s de su modalidad en streaming.<\/p>\n\n\n\n<p class=\"wp-block-paragraph\">Con esta edici\u00f3n, FEICCA reafirma su compromiso de llevar el s\u00e9ptimo arte a la poblaci\u00f3n y<\/p>\n\n\n\n<p class=\"wp-block-paragraph\">acercar pel\u00edculas que dif\u00edcilmente encuentran espacio en los circuitos comerciales, manteniendo la gratuidad como uno de los pilares de su propuesta. A trav\u00e9s de su selecci\u00f3n cinematogr\u00e1fica, el festival busca generar nuevas miradas y conversaciones en torno al cannabis desde la cultura, abordando temas como salud, derechos, activismo, identidad y sociedad.<\/p>\n\n\n\n<figure class=\"wp-block-gallery has-nested-images columns-default is-cropped wp-block-gallery-1 is-layout-flex wp-block-gallery-is-layout-flex\">\n<figure class=\"wp-block-image size-large\"><img decoding=\"async\" width=\"500\" height=\"334\" data-id=\"1206204\" src=\"https:\/\/dimensionturistica.com\/es\/wp-content\/uploads\/2026\/09\/2FICA.jpg\" alt=\"\" class=\"wp-image-1206204\" srcset=\"https:\/\/dimensionturistica.com\/es\/wp-content\/uploads\/2026\/09\/2FICA.jpg 500w, https:\/\/dimensionturistica.com\/es\/wp-content\/uploads\/2026\/09\/2FICA-300x200.jpg 300w\" sizes=\"(max-width: 500px) 100vw, 500px\" \/><\/figure>\n<\/figure>\n\n\n\n<p class=\"wp-block-paragraph\">La edici\u00f3n 2026 present\u00f3 pel\u00edculas provenientes de distintos pa\u00edses, entre ellas \u201cMarisa y Gomoso\u201d, producci\u00f3n argentina que aborda la cultura cann\u00e1bica desde el humor; \u201cArmando la historia\u201d, sobre la lucha de mujeres por el acceso a la medicina cann\u00e1bica; \u201cEl mal viaje\u201d,<\/p>\n\n\n\n<p class=\"wp-block-paragraph\">cortometraje de producci\u00f3n mexicana, y el documental colombiano \u201cLas caras del cannabis\u201d. A lo largo de su trayectoria, FEICCA ha recibido pel\u00edculas provenientes de m\u00e1s de 120 pa\u00edses, consolidando un espacio para acercar al p\u00fablico a distintas realidades y propuestas cinematogr\u00e1ficas.<\/p>\n\n\n\n<p class=\"wp-block-paragraph\">En Colombia, las proyecciones realizadas el 28 y 29 tuv\u00f3 las proyecciones de \u201cMar\u00eda llena eres de ganja\u201d y \u201cLas caras del cannabis\u201d, quienes acompa\u00f1aron las funciones y compartieron con el p\u00fablico las historias detr\u00e1s de sus pel\u00edculas.<\/p>\n\n\n\n<figure class=\"wp-block-gallery has-nested-images columns-default is-cropped wp-block-gallery-2 is-layout-flex wp-block-gallery-is-layout-flex\">\n<figure class=\"wp-block-image size-large\"><img decoding=\"async\" width=\"333\" height=\"333\" data-id=\"1206205\" src=\"https:\/\/dimensionturistica.com\/es\/wp-content\/uploads\/2026\/09\/6FICA.jpg\" alt=\"\" class=\"wp-image-1206205\" srcset=\"https:\/\/dimensionturistica.com\/es\/wp-content\/uploads\/2026\/09\/6FICA.jpg 333w, https:\/\/dimensionturistica.com\/es\/wp-content\/uploads\/2026\/09\/6FICA-300x300.jpg 300w, https:\/\/dimensionturistica.com\/es\/wp-content\/uploads\/2026\/09\/6FICA-150x150.jpg 150w, https:\/\/dimensionturistica.com\/es\/wp-content\/uploads\/2026\/09\/6FICA-75x75.jpg 75w\" sizes=\"(max-width: 333px) 100vw, 333px\" \/><\/figure>\n<\/figure>\n\n\n\n<p class=\"wp-block-paragraph\">Una clausura que reuni\u00f3 a la comunidad cinematogr\u00e1fica Como cierre de esta edici\u00f3n, FEICCA realiz\u00f3 una ceremonia de clausura en l\u00ednea que reuni\u00f3 a integrantes del jurado, directores, programadores y realizadores participantes del festival, generando un espacio para compartir el balance de esta edici\u00f3n y reconocer el trabajo de quienes hicieron posible la selecci\u00f3n y programaci\u00f3n de 2026.<\/p>\n\n\n\n<p class=\"wp-block-paragraph\">El jurado de esta edici\u00f3n estuvo integrado por Zara Snapp, Iv\u00e1n Aristiz\u00e1bal, Luis Fernando Palatos, H\u00e9ctor Orbegoso Rivera y Carlos Monta\u00f1a, representantes de distintas \u00e1reas vinculadas con el cine, la cultura y los derechos. Adem\u00e1s, FEICCA cont\u00f3 con la colaboraci\u00f3n de UniFest Film, la uni\u00f3n de festivales de cine, fortaleciendo sus v\u00ednculos con otros espacios<\/p>\n\n\n\n<p class=\"wp-block-paragraph\">cinematogr\u00e1ficos y ampliando el alcance de su programaci\u00f3n.<\/p>\n\n\n\n<figure class=\"wp-block-gallery has-nested-images columns-default is-cropped wp-block-gallery-3 is-layout-flex wp-block-gallery-is-layout-flex\">\n<figure class=\"wp-block-image size-large\"><img decoding=\"async\" width=\"500\" height=\"500\" data-id=\"1206206\" src=\"https:\/\/dimensionturistica.com\/es\/wp-content\/uploads\/2026\/09\/4FICA.jpg\" alt=\"\" class=\"wp-image-1206206\" srcset=\"https:\/\/dimensionturistica.com\/es\/wp-content\/uploads\/2026\/09\/4FICA.jpg 500w, https:\/\/dimensionturistica.com\/es\/wp-content\/uploads\/2026\/09\/4FICA-300x300.jpg 300w, https:\/\/dimensionturistica.com\/es\/wp-content\/uploads\/2026\/09\/4FICA-150x150.jpg 150w, https:\/\/dimensionturistica.com\/es\/wp-content\/uploads\/2026\/09\/4FICA-75x75.jpg 75w, https:\/\/dimensionturistica.com\/es\/wp-content\/uploads\/2026\/09\/4FICA-350x350.jpg 350w\" sizes=\"(max-width: 500px) 100vw, 500px\" \/><\/figure>\n<\/figure>\n\n\n\n<p class=\"wp-block-paragraph\">Aunque las proyecciones presenciales concluyeron, FEICCA 2026 mantiene disponible su programaci\u00f3n en streaming hasta el 4 de septiembre, como parte de su compromiso por ampliar el acceso al cine y permitir que m\u00e1s personas puedan descubrir las pel\u00edculas que forman parte de esta edici\u00f3n.La programaci\u00f3n puede disfrutarse de manera gratuita a trav\u00e9s de Wahu, en la secci\u00f3n Festivales Con esta edici\u00f3n, FEICCA refrenda su apuesta por un cine accesible, diverso y capaz de abrir nuevas conversaciones, llevando el s\u00e9ptimo arte a p\u00fablicos m\u00e1s amplios y creando puentes entre realizadores, programadores, especialistas y espectadores.<\/p>\n\n\n\n<p class=\"wp-block-paragraph\">\u00a1Conocimiento, diversi\u00f3n y m\u00e1s en FEICCA!sta\u201d.<\/p>\n","protected":false},"excerpt":{"rendered":"<p>El Festival Internacional de Cine Cann\u00e1bico (FEICCA) concluy\u00f3 su edici\u00f3n 2026 con una gran respuesta del p\u00fablico en M\u00e9xico y Colombia, donde las proyecciones de su selecci\u00f3n internacional acercaron al p\u00fablico historias y miradas diversas alrededor del cannabis. Este a\u00f1o, FEICCA lleg\u00f3 por primera vez a Toluca, mantuvo su presencia en Ciudad de M\u00e9xico y [&hellip;]<\/p>\n","protected":false},"author":1,"featured_media":1206207,"comment_status":"open","ping_status":"closed","sticky":false,"template":"","format":"standard","meta":{"om_disable_all_campaigns":false,"jnews-multi-image_gallery":[],"jnews_single_post":[],"jnews_primary_category":[],"jnews_social_meta":[],"footnotes":""},"categories":[40],"tags":[],"class_list":["post-1206203","post","type-post","status-publish","format-standard","has-post-thumbnail","hentry","category-industria"],"_links":{"self":[{"href":"https:\/\/dimensionturistica.com\/es\/wp-json\/wp\/v2\/posts\/1206203","targetHints":{"allow":["GET"]}}],"collection":[{"href":"https:\/\/dimensionturistica.com\/es\/wp-json\/wp\/v2\/posts"}],"about":[{"href":"https:\/\/dimensionturistica.com\/es\/wp-json\/wp\/v2\/types\/post"}],"author":[{"embeddable":true,"href":"https:\/\/dimensionturistica.com\/es\/wp-json\/wp\/v2\/users\/1"}],"replies":[{"embeddable":true,"href":"https:\/\/dimensionturistica.com\/es\/wp-json\/wp\/v2\/comments?post=1206203"}],"version-history":[{"count":1,"href":"https:\/\/dimensionturistica.com\/es\/wp-json\/wp\/v2\/posts\/1206203\/revisions"}],"predecessor-version":[{"id":1206208,"href":"https:\/\/dimensionturistica.com\/es\/wp-json\/wp\/v2\/posts\/1206203\/revisions\/1206208"}],"wp:featuredmedia":[{"embeddable":true,"href":"https:\/\/dimensionturistica.com\/es\/wp-json\/wp\/v2\/media\/1206207"}],"wp:attachment":[{"href":"https:\/\/dimensionturistica.com\/es\/wp-json\/wp\/v2\/media?parent=1206203"}],"wp:term":[{"taxonomy":"category","embeddable":true,"href":"https:\/\/dimensionturistica.com\/es\/wp-json\/wp\/v2\/categories?post=1206203"},{"taxonomy":"post_tag","embeddable":true,"href":"https:\/\/dimensionturistica.com\/es\/wp-json\/wp\/v2\/tags?post=1206203"}],"curies":[{"name":"wp","href":"https:\/\/api.w.org\/{rel}","templated":true}]}}