{"id":1206178,"date":"2026-09-02T16:20:00","date_gmt":"2026-09-02T16:20:00","guid":{"rendered":"https:\/\/dimensionturistica.com\/es\/?p=1206178"},"modified":"2026-09-02T16:20:00","modified_gmt":"2026-09-02T16:20:00","slug":"limitar-redes-sociales-a-dos-horas-no-basta-el-reto-es-ensenar-a-menores-como-funcionan","status":"publish","type":"post","link":"https:\/\/dimensionturistica.com\/es\/limitar-redes-sociales-a-dos-horas-no-basta-el-reto-es-ensenar-a-menores-como-funcionan\/","title":{"rendered":"Limitar Redes Sociales a Dos Horas no Basta: El Reto es Ense\u00f1ar a Menores C\u00f3mo Funcionan,"},"content":{"rendered":"\n<p class=\"wp-block-paragraph\">Advierte Acad\u00e9mica IBERO<\/p>\n\n\n\n<p class=\"wp-block-paragraph\">Meta acord\u00f3 limitar a dos horas diarias el uso de Instagram y Facebook para menores de 18 a\u00f1os en Estados Unidos, adem\u00e1s de bloquear las plataformas durante la madrugada.<\/p>\n\n\n\n<p class=\"wp-block-paragraph\">La Dra. Claudia Arru\u00f1ada advierte que prohibir o restringir no resuelve por s\u00ed solo el problema: hace falta alfabetizaci\u00f3n digital, acompa\u00f1amiento familiar y entender c\u00f3mo operan los algoritmos.<\/p>\n\n\n\n<p class=\"wp-block-paragraph\">Dos horas al d\u00eda, bloqueo durante la madrugada, menos notificaciones, cambios en los \u201cme gusta\u201d y mayores controles para adolescentes. El acuerdo de hasta 18 mil millones de d\u00f3lares alcanzado por Meta en Estados Unidos podr\u00eda transformar la manera en que ni\u00f1as, ni\u00f1os y j\u00f3venes utilizan Instagram y Facebook.<\/p>\n\n\n\n<p class=\"wp-block-paragraph\">Pero poner l\u00edmites de tiempo a las redes sociales no resuelve por s\u00ed solo el problema, advierte la Dra. Claudia Arru\u00f1ada, acad\u00e9mica del Departamento de Estudios Empresariales y de la Licenciatura en Mercadotecnia de la Universidad Iberoamericana (IBERO).<\/p>\n\n\n\n<p class=\"wp-block-paragraph\">La Dra. Claudia Arru\u00f1ada, especialista en marketing, comunicaci\u00f3n digital, publicidad e inteligencia artificial, se\u00f1al\u00f3 que las nuevas restricciones representan un cambio relevante, pero sostuvo que una respuesta \u00fanicamente punitiva deja pendiente una discusi\u00f3n mucho m\u00e1s profunda: c\u00f3mo aprendemos, desde edades tempranas, a relacionarnos con plataformas dise\u00f1adas para captar y mantener nuestra atenci\u00f3n.<\/p>\n\n\n\n<figure class=\"wp-block-gallery has-nested-images columns-default is-cropped wp-block-gallery-1 is-layout-flex wp-block-gallery-is-layout-flex\">\n<figure class=\"wp-block-image size-large\"><img decoding=\"async\" width=\"388\" height=\"388\" data-id=\"1206179\" src=\"https:\/\/dimensionturistica.com\/es\/wp-content\/uploads\/2026\/09\/4IBERO.jpg\" alt=\"\" class=\"wp-image-1206179\" srcset=\"https:\/\/dimensionturistica.com\/es\/wp-content\/uploads\/2026\/09\/4IBERO.jpg 388w, https:\/\/dimensionturistica.com\/es\/wp-content\/uploads\/2026\/09\/4IBERO-300x300.jpg 300w, https:\/\/dimensionturistica.com\/es\/wp-content\/uploads\/2026\/09\/4IBERO-150x150.jpg 150w, https:\/\/dimensionturistica.com\/es\/wp-content\/uploads\/2026\/09\/4IBERO-75x75.jpg 75w, https:\/\/dimensionturistica.com\/es\/wp-content\/uploads\/2026\/09\/4IBERO-350x350.jpg 350w\" sizes=\"(max-width: 388px) 100vw, 388px\" \/><\/figure>\n<\/figure>\n\n\n\n<p class=\"wp-block-paragraph\">\u201cUna estructura punitiva no es suficiente porque no estamos atacando el problema de ra\u00edz\u201d, explic\u00f3.<\/p>\n\n\n\n<p class=\"wp-block-paragraph\">\u00bfQu\u00e9 cambiar\u00e1 para adolescentes en Instagram y Facebook?<\/p>\n\n\n\n<p class=\"wp-block-paragraph\">El acuerdo alcanzado por Meta con estados de Estados Unidos despu\u00e9s de a\u00f1os de litigios contempla un pago de hasta 18 mil millones de d\u00f3lares a lo largo de una d\u00e9cada, adem\u00e1s de modificaciones en sus plataformas dirigidas principalmente a usuarios menores de 18 a\u00f1os.<\/p>\n\n\n\n<p class=\"wp-block-paragraph\">Entre ellas se encuentran un l\u00edmite predeterminado de dos horas diarias entre Instagram y Facebook, restricciones de acceso entre la medianoche y las 6:00 de la ma\u00f1ana, silenciamiento de notificaciones durante ciertos horarios escolares, mayores mecanismos para verificar la edad y cambios en funciones que pueden incentivar la permanencia en las plataformas.<\/p>\n\n\n\n<p class=\"wp-block-paragraph\">Tambi\u00e9n se contemplan medidas relacionadas con los sistemas de recomendaci\u00f3n, la visualizaci\u00f3n de \u201cme gusta\u201d, la reproducci\u00f3n autom\u00e1tica y determinados filtros est\u00e9ticos.<\/p>\n\n\n\n<p class=\"wp-block-paragraph\">Para Arru\u00f1ada, estos \u00faltimos cambios resultan especialmente relevantes porque la discusi\u00f3n no pasa \u00fanicamente por cu\u00e1nto tiempo permanece una persona frente a una pantalla, sino por qu\u00e9 mecanismos utilizan las plataformas para conseguir que permanezca ah\u00ed.<\/p>\n\n\n\n<p class=\"wp-block-paragraph\">\u201cCada vez es menos el consumo de las cuentas que t\u00fa deliberadamente sigues y m\u00e1s bien est\u00e1s metida o metido en las cuentas que la propia plataforma te est\u00e1 poniendo\u201d, agreg\u00f3.<\/p>\n\n\n\n<p class=\"wp-block-paragraph\">Los algoritmos, se\u00f1al\u00f3, aprenden de los patrones de consumo de cada usuario y utilizan esa informaci\u00f3n para ofrecer contenido capaz de mantenerlo navegando. A ello se suman mecanismos de validaci\u00f3n social, como los \u201cme gusta\u201d, las m\u00e9tricas y las notificaciones.<\/p>\n\n\n\n<p class=\"wp-block-paragraph\">El resultado puede ser el llamado scroll continuo o perpetuo: seguir desplaz\u00e1ndose por la pantalla porque siempre existe la expectativa de encontrar algo nuevo.<\/p>\n\n\n\n<figure class=\"wp-block-gallery has-nested-images columns-default is-cropped wp-block-gallery-2 is-layout-flex wp-block-gallery-is-layout-flex\">\n<figure class=\"wp-block-image size-large\"><img decoding=\"async\" width=\"500\" height=\"283\" data-id=\"1206180\" src=\"https:\/\/dimensionturistica.com\/es\/wp-content\/uploads\/2026\/09\/2IBERO.jpg\" alt=\"\" class=\"wp-image-1206180\" srcset=\"https:\/\/dimensionturistica.com\/es\/wp-content\/uploads\/2026\/09\/2IBERO.jpg 500w, https:\/\/dimensionturistica.com\/es\/wp-content\/uploads\/2026\/09\/2IBERO-300x170.jpg 300w\" sizes=\"(max-width: 500px) 100vw, 500px\" \/><\/figure>\n<\/figure>\n\n\n\n<p class=\"wp-block-paragraph\">El problema no cabe en un cron\u00f3metro<\/p>\n\n\n\n<p class=\"wp-block-paragraph\">La discusi\u00f3n sobre los efectos de las redes sociales en la salud mental de adolescentes es m\u00e1s compleja que establecer una relaci\u00f3n autom\u00e1tica entre horas de conexi\u00f3n y afectaciones psicol\u00f3gicas.<\/p>\n\n\n\n<p class=\"wp-block-paragraph\">Precisamente por eso, Arru\u00f1ada considera que restringir el acceso puede ayudar, pero debe acompa\u00f1arse de alfabetizaci\u00f3n digital.<\/p>\n\n\n\n<p class=\"wp-block-paragraph\">Y alfabetizar digitalmente, explica, significa mucho m\u00e1s que ense\u00f1ar a utilizar una computadora, descargar aplicaciones o navegar por internet.<\/p>\n\n\n\n<p class=\"wp-block-paragraph\">Implica comprender qu\u00e9 estamos consumiendo, por qu\u00e9 determinado contenido aparece frente a nosotros, c\u00f3mo funcionan los algoritmos, qu\u00e9 buscan las plataformas y qu\u00e9 cuidados necesitamos adoptar cuando las utilizamos.<\/p>\n\n\n\n<p class=\"wp-block-paragraph\">\u201cRealmente comprender qu\u00e9 es lo que estamos consumiendo, c\u00f3mo lo estamos consumiendo, cu\u00e1les son los beneficios y tambi\u00e9n cu\u00e1les son los cuidados que deber\u00edamos implementar\u201d, se\u00f1al\u00f3.<\/p>\n\n\n\n<p class=\"wp-block-paragraph\">La especialista tambi\u00e9n coloca parte de la discusi\u00f3n en el acompa\u00f1amiento de las familias. Madres, padres, docentes, empresas tecnol\u00f3gicas y gobiernos, sostiene, comparten responsabilidades frente a un ecosistema digital que forma parte de la vida cotidiana de ni\u00f1as, ni\u00f1os y adolescentes.<\/p>\n\n\n\n<p class=\"wp-block-paragraph\">\u201cNo dejando todo a las plataformas y a los gobiernos. Aqu\u00ed tambi\u00e9n la ciudadan\u00eda tiene una parte importante que necesita considerar\u201d, afirm\u00f3.<\/p>\n\n\n\n<p class=\"wp-block-paragraph\">Cambiar el algoritmo tambi\u00e9n puede cambiar el negocio<\/p>\n\n\n\n<p class=\"wp-block-paragraph\">Las modificaciones acordadas por Meta podr\u00edan tener adem\u00e1s una consecuencia que rebasa la salud mental y la crianza digital: alterar el modelo de negocio de las propias redes sociales.<\/p>\n\n\n\n<p class=\"wp-block-paragraph\">Arru\u00f1ada indic\u00f3 que buena parte de la industria publicitaria digital depende de mantener a las personas conectadas durante el mayor tiempo posible.<\/p>\n\n\n\n<p class=\"wp-block-paragraph\">Si los usuarios j\u00f3venes pasan menos tiempo en las plataformas y existen mayores restricciones a los mecanismos utilizados para retener su atenci\u00f3n, tambi\u00e9n podr\u00edan modificarse los esquemas publicitarios construidos alrededor de esa permanencia.<\/p>\n\n\n\n<p class=\"wp-block-paragraph\">\u201cEsto le pega directamente a la industria publicitaria\u201d, se\u00f1al\u00f3 la acad\u00e9mica, quien considera que habr\u00e1 que observar c\u00f3mo responden anunciantes, plataformas y otras industrias vinculadas con el consumo de contenidos digitales.<\/p>\n\n\n\n<p class=\"wp-block-paragraph\">El acuerdo tambi\u00e9n aumenta la presi\u00f3n sobre competidores como TikTok y YouTube para adoptar medidas similares, por lo que las consecuencias podr\u00edan extenderse m\u00e1s all\u00e1 de Instagram y Facebook.<\/p>\n\n\n\n<p class=\"wp-block-paragraph\">Despu\u00e9s de las redes sociales viene la inteligencia artificial<\/p>\n\n\n\n<p class=\"wp-block-paragraph\">Existe, adem\u00e1s, una raz\u00f3n para no reducir esta conversaci\u00f3n \u00fanicamente al presente.<\/p>\n\n\n\n<p class=\"wp-block-paragraph\">Mientras gobiernos y empresas intentan corregir problemas acumulados durante a\u00f1os de expansi\u00f3n de las redes sociales, la inteligencia artificial est\u00e1 entrando r\u00e1pidamente en la vida cotidiana de las mismas generaciones.<\/p>\n\n\n\n<p class=\"wp-block-paragraph\">Si sociedades, familias y escuelas vuelven a concentrarse \u00fanicamente en aprender a utilizar la tecnolog\u00eda sin comprender qu\u00e9 ocurre detr\u00e1s de ella, advierte, podr\u00edan repetirse algunos de los vac\u00edos que hoy intentan corregirse.<\/p>\n\n\n\n<p class=\"wp-block-paragraph\">\u201cSi seguimos dejando este hueco vac\u00edo, nos va a empezar a cobrar factura con el otro gigante que est\u00e1 aqu\u00ed detr\u00e1s de nosotros, que es la inteligencia artificial\u201d, afirm\u00f3.<\/p>\n\n\n\n<p class=\"wp-block-paragraph\">Por ello, m\u00e1s que ense\u00f1ar a ni\u00f1as, ni\u00f1os y adolescentes simplemente a usar tecnolog\u00eda, el desaf\u00edo ser\u00e1 ense\u00f1arles a entenderla, cuestionarla y decidir cu\u00e1ndo dejar de usarla.<\/p>\n","protected":false},"excerpt":{"rendered":"<p>Advierte Acad\u00e9mica IBERO Meta acord\u00f3 limitar a dos horas diarias el uso de Instagram y Facebook para menores de 18 a\u00f1os en Estados Unidos, adem\u00e1s de bloquear las plataformas durante la madrugada. La Dra. Claudia Arru\u00f1ada advierte que prohibir o restringir no resuelve por s\u00ed solo el problema: hace falta alfabetizaci\u00f3n digital, acompa\u00f1amiento familiar y [&hellip;]<\/p>\n","protected":false},"author":1,"featured_media":1206181,"comment_status":"open","ping_status":"closed","sticky":false,"template":"","format":"standard","meta":{"om_disable_all_campaigns":false,"jnews-multi-image_gallery":[],"jnews_single_post":[],"jnews_primary_category":[],"jnews_social_meta":[],"footnotes":""},"categories":[40],"tags":[],"class_list":["post-1206178","post","type-post","status-publish","format-standard","has-post-thumbnail","hentry","category-industria"],"_links":{"self":[{"href":"https:\/\/dimensionturistica.com\/es\/wp-json\/wp\/v2\/posts\/1206178","targetHints":{"allow":["GET"]}}],"collection":[{"href":"https:\/\/dimensionturistica.com\/es\/wp-json\/wp\/v2\/posts"}],"about":[{"href":"https:\/\/dimensionturistica.com\/es\/wp-json\/wp\/v2\/types\/post"}],"author":[{"embeddable":true,"href":"https:\/\/dimensionturistica.com\/es\/wp-json\/wp\/v2\/users\/1"}],"replies":[{"embeddable":true,"href":"https:\/\/dimensionturistica.com\/es\/wp-json\/wp\/v2\/comments?post=1206178"}],"version-history":[{"count":1,"href":"https:\/\/dimensionturistica.com\/es\/wp-json\/wp\/v2\/posts\/1206178\/revisions"}],"predecessor-version":[{"id":1206182,"href":"https:\/\/dimensionturistica.com\/es\/wp-json\/wp\/v2\/posts\/1206178\/revisions\/1206182"}],"wp:featuredmedia":[{"embeddable":true,"href":"https:\/\/dimensionturistica.com\/es\/wp-json\/wp\/v2\/media\/1206181"}],"wp:attachment":[{"href":"https:\/\/dimensionturistica.com\/es\/wp-json\/wp\/v2\/media?parent=1206178"}],"wp:term":[{"taxonomy":"category","embeddable":true,"href":"https:\/\/dimensionturistica.com\/es\/wp-json\/wp\/v2\/categories?post=1206178"},{"taxonomy":"post_tag","embeddable":true,"href":"https:\/\/dimensionturistica.com\/es\/wp-json\/wp\/v2\/tags?post=1206178"}],"curies":[{"name":"wp","href":"https:\/\/api.w.org\/{rel}","templated":true}]}}