{"id":1206155,"date":"2026-09-02T15:41:34","date_gmt":"2026-09-02T15:41:34","guid":{"rendered":"https:\/\/dimensionturistica.com\/es\/?p=1206155"},"modified":"2026-09-02T15:41:34","modified_gmt":"2026-09-02T15:41:34","slug":"talma-travel-solutions-selecciona-a-amadeus-para-impulsar-expansion-global-de-gestion-de-viajes","status":"publish","type":"post","link":"https:\/\/dimensionturistica.com\/es\/talma-travel-solutions-selecciona-a-amadeus-para-impulsar-expansion-global-de-gestion-de-viajes\/","title":{"rendered":"Talma Travel Solutions selecciona a Amadeus para impulsar expansi\u00f3n global de gesti\u00f3n de viajes"},"content":{"rendered":"\n<p class=\"wp-block-paragraph\">Amadeus, proveedor l\u00edder de tecnolog\u00eda para viajes, y Talma Travel Solutions, una de las empresas de gesti\u00f3n de viajes (TMC) globales de m\u00e1s r\u00e1pido crecimiento del mundo, anunciaron hoy la firma de un nuevo acuerdo global multianual que ampl\u00eda su relaci\u00f3n existente y establece a Amadeus como la principal plataforma tecnol\u00f3gica y de reservas de Talma en mercados internacionales clave, incluidos Estados Unidos, Reino Unido, Asia-Pac\u00edfico y Alemania.<\/p>\n\n\n\n<figure class=\"wp-block-gallery has-nested-images columns-default is-cropped wp-block-gallery-1 is-layout-flex wp-block-gallery-is-layout-flex\">\n<figure class=\"wp-block-image size-large\"><img decoding=\"async\" width=\"590\" height=\"387\" data-id=\"1206156\" src=\"https:\/\/dimensionturistica.com\/es\/wp-content\/uploads\/2026\/09\/4AMA.jpg\" alt=\"\" class=\"wp-image-1206156\" srcset=\"https:\/\/dimensionturistica.com\/es\/wp-content\/uploads\/2026\/09\/4AMA.jpg 590w, https:\/\/dimensionturistica.com\/es\/wp-content\/uploads\/2026\/09\/4AMA-300x197.jpg 300w\" sizes=\"(max-width: 590px) 100vw, 590px\" \/><\/figure>\n<\/figure>\n\n\n\n<p class=\"wp-block-paragraph\">El acuerdo marca un hito importante en la estrategia de crecimiento internacional de Talma, y refuerza la posici\u00f3n de Amadeus como socio tecnol\u00f3gico de confianza para empresas multinacionales de gesti\u00f3n de viajes en r\u00e1pido crecimiento.<\/p>\n\n\n\n<p class=\"wp-block-paragraph\">Iya Magen, directora ejecutiva (CEO) de Talma Travel Solutions, afirma: \u201cLa tecnolog\u00eda se ha convertido en un multiplicador de fuerza para las empresas de gesti\u00f3n de viajes que operan a escala global. A medida que continuamos ampliando nuestra presencia internacional, necesitamos un proveedor que pueda respaldar la complejidad de nuestro negocio y, al mismo tiempo, ayudarnos a ofrecer una experiencia consistente para los clientes en todos los mercados. Amadeus demostr\u00f3 una clara comprensi\u00f3n de nuestra visi\u00f3n de crecimiento, junto con las capacidades globales, la estrategia de innovaci\u00f3n y el enfoque de colaboraci\u00f3n a largo plazo necesarios para respaldar nuestras ambiciones.\u201d<\/p>\n\n\n\n<figure class=\"wp-block-gallery has-nested-images columns-default is-cropped wp-block-gallery-2 is-layout-flex wp-block-gallery-is-layout-flex\">\n<figure class=\"wp-block-image size-large\"><img decoding=\"async\" width=\"500\" height=\"298\" data-id=\"1206159\" src=\"https:\/\/dimensionturistica.com\/es\/wp-content\/uploads\/2026\/09\/3AMA.jpg\" alt=\"\" class=\"wp-image-1206159\" srcset=\"https:\/\/dimensionturistica.com\/es\/wp-content\/uploads\/2026\/09\/3AMA.jpg 500w, https:\/\/dimensionturistica.com\/es\/wp-content\/uploads\/2026\/09\/3AMA-300x179.jpg 300w\" sizes=\"(max-width: 500px) 100vw, 500px\" \/><\/figure>\n<\/figure>\n\n\n\n<p class=\"wp-block-paragraph\">Con m\u00e1s de 3.000 clientes corporativos en todo el mundo, Talma se ha consolidado como una de las empresas de gesti\u00f3n de viajes de m\u00e1s r\u00e1pido crecimiento de la industria. Reconocida entre las principales empresas de gesti\u00f3n de viajes del sector, Talma ha ampliado su presencia en Norteam\u00e9rica, Europa y Asia-Pac\u00edfico, mientras contin\u00faa invirtiendo en tecnolog\u00eda de viajes de \u00faltima generaci\u00f3n enfocada en automatizaci\u00f3n, integraci\u00f3n de datos y anal\u00edtica avanzada.<\/p>\n\n\n\n<p class=\"wp-block-paragraph\">Rajiv Rajian, vicepresidente ejecutivo y director comercial para las Am\u00e9ricas de Amadeus, afirma: \u201cA medida que las empresas de gesti\u00f3n de viajes se expanden internacionalmente, la tecnolog\u00eda se vuelve esencial para crear consistencia, eficiencia y mejores experiencias para los clientes. Talma es una de las compa\u00f1\u00edas m\u00e1s din\u00e1micas del sector, y nos enorgullece apoyar su pr\u00f3xima fase de crecimiento internacional. Este acuerdo refuerza la solidez de la plataforma global de Amadeus y nuestra capacidad para ayudar a los clientes a crecer a escala, innovar y competir en una industria de viajes cada vez m\u00e1s conectada.\u201d<\/p>\n\n\n\n<figure class=\"wp-block-gallery has-nested-images columns-default is-cropped wp-block-gallery-3 is-layout-flex wp-block-gallery-is-layout-flex\">\n<figure class=\"wp-block-image size-large\"><img decoding=\"async\" width=\"300\" height=\"180\" data-id=\"1206160\" src=\"https:\/\/dimensionturistica.com\/es\/wp-content\/uploads\/2026\/09\/OIP-1.jpg\" alt=\"\" class=\"wp-image-1206160\"\/><\/figure>\n<\/figure>\n\n\n\n<p class=\"wp-block-paragraph\">Esta relaci\u00f3n cada vez m\u00e1s afianzada pone de relieve la creciente importancia de contar con plataformas tecnol\u00f3gicas globales capaces de respaldar operaciones complejas de gesti\u00f3n de viajes, al tiempo que permiten una mayor alineaci\u00f3n, eficiencia e innovaci\u00f3n entre regiones. Tambi\u00e9n fortalece a\u00fan m\u00e1s la posici\u00f3n de liderazgo de Amadeus en el sector global y regional de las TMC, demostrando su capacidad para apoyar a los clientes durante etapas de r\u00e1pido crecimiento, adquisiciones y expansi\u00f3n internacional.<\/p>\n","protected":false},"excerpt":{"rendered":"<p>Amadeus, proveedor l\u00edder de tecnolog\u00eda para viajes, y Talma Travel Solutions, una de las empresas de gesti\u00f3n de viajes (TMC) globales de m\u00e1s r\u00e1pido crecimiento del mundo, anunciaron hoy la firma de un nuevo acuerdo global multianual que ampl\u00eda su relaci\u00f3n existente y establece a Amadeus como la principal plataforma tecnol\u00f3gica y de reservas de [&hellip;]<\/p>\n","protected":false},"author":1,"featured_media":1206161,"comment_status":"open","ping_status":"closed","sticky":false,"template":"","format":"standard","meta":{"om_disable_all_campaigns":false,"jnews-multi-image_gallery":[],"jnews_single_post":[],"jnews_primary_category":[],"jnews_social_meta":[],"footnotes":""},"categories":[39],"tags":[],"class_list":["post-1206155","post","type-post","status-publish","format-standard","has-post-thumbnail","hentry","category-viajes"],"_links":{"self":[{"href":"https:\/\/dimensionturistica.com\/es\/wp-json\/wp\/v2\/posts\/1206155","targetHints":{"allow":["GET"]}}],"collection":[{"href":"https:\/\/dimensionturistica.com\/es\/wp-json\/wp\/v2\/posts"}],"about":[{"href":"https:\/\/dimensionturistica.com\/es\/wp-json\/wp\/v2\/types\/post"}],"author":[{"embeddable":true,"href":"https:\/\/dimensionturistica.com\/es\/wp-json\/wp\/v2\/users\/1"}],"replies":[{"embeddable":true,"href":"https:\/\/dimensionturistica.com\/es\/wp-json\/wp\/v2\/comments?post=1206155"}],"version-history":[{"count":1,"href":"https:\/\/dimensionturistica.com\/es\/wp-json\/wp\/v2\/posts\/1206155\/revisions"}],"predecessor-version":[{"id":1206162,"href":"https:\/\/dimensionturistica.com\/es\/wp-json\/wp\/v2\/posts\/1206155\/revisions\/1206162"}],"wp:featuredmedia":[{"embeddable":true,"href":"https:\/\/dimensionturistica.com\/es\/wp-json\/wp\/v2\/media\/1206161"}],"wp:attachment":[{"href":"https:\/\/dimensionturistica.com\/es\/wp-json\/wp\/v2\/media?parent=1206155"}],"wp:term":[{"taxonomy":"category","embeddable":true,"href":"https:\/\/dimensionturistica.com\/es\/wp-json\/wp\/v2\/categories?post=1206155"},{"taxonomy":"post_tag","embeddable":true,"href":"https:\/\/dimensionturistica.com\/es\/wp-json\/wp\/v2\/tags?post=1206155"}],"curies":[{"name":"wp","href":"https:\/\/api.w.org\/{rel}","templated":true}]}}