{"id":120608,"date":"2021-05-03T14:25:18","date_gmt":"2021-05-03T14:25:18","guid":{"rendered":"https:\/\/dimensionturistica.com\/es\/?p=120608"},"modified":"2021-05-03T14:25:18","modified_gmt":"2021-05-03T14:25:18","slug":"royal-caribbean-retomara-los-cruceros-a-canarias-desde-reino-unido-en-septiembre","status":"publish","type":"post","link":"https:\/\/dimensionturistica.com\/es\/royal-caribbean-retomara-los-cruceros-a-canarias-desde-reino-unido-en-septiembre\/","title":{"rendered":"Royal Caribbean retomar\u00e1 los cruceros a Canarias desde Reino Unido en septiembre"},"content":{"rendered":"<p> <br \/>\n<\/p>\n<div>\n<p>                <span itemprop=\"articleBody\"><\/p>\n<p><img decoding=\"async\" itemprop=\"image\" src=\"https:\/\/dimensionturistica.com\/es\/wp-content\/uploads\/2021\/05\/Royal-Caribbean-retomara-los-cruceros-a-Canarias-desde-Reino-Unido.jpeg\"\/><\/p>\n<p>&#13;<\/p>\n<p><strong>Por el momento, hay confirmados un whole de 5 cruceros a bordo del \u2018Ocean of the Seas\u2019, cuya capacidad es de 4.200 pasajeros, aunque operar\u00e1 al 75%<\/strong><\/p>\n<p>&#13;<br \/>\n &#13;<\/p>\n<p>\u00a0<\/p>\n<p>&#13;<\/p>\n<li class=\"texto\"><i class=\"fa fa-file-text-o\"\/>Lancelot Digital<\/li>\n<p>\u00a0&#13;<\/p>\n<p>\u00a0<\/p>\n<p>&#13;<\/p>\n<p>Ya queda menos para que el turismo de cruceros comience, poco a poco, a reactivarse en el Archipi\u00e9lago. La naviera Royal Caribbean ha confirmado que retomar\u00e1 su actividad en las Islas Canarias a partir de septiembre, tal y como publica Tourinews. Los cruceros zarpar\u00e1n desde el puerto de Southampton (Reino Unido) hacia el archipi\u00e9lago espa\u00f1ol durante dos meses (septiembre y octubre).<\/p>\n<p>&#13;<\/p>\n<p>\u00a0<\/p>\n<p>&#13;<\/p>\n<p>El barco que utilizar\u00e1 la compa\u00f1\u00eda para operar un whole de 5 cruceros es el <strong>\u2018Anthem of the Seas\u2019,<\/strong> cuya capacidad es de 4.200 pasajeros, aunque debido a los protocolos anti-Covid la naviera limitar\u00e1 el aforo al 75%.<\/p>\n<p>&#13;<\/p>\n<p>\u00a0<\/p>\n<p>&#13;<\/p>\n<p>Toda esta informaci\u00f3n ha sido confirmada por la vicepresidenta asociada de Desarrollo en Destino de Royal Caribbean, Ana Karina Santini; la directora de Comunicaci\u00f3n de la naviera, Isabel Rodr\u00edguez; y el director internacional de Producto y Sostenibilidad, Sebastian Mariz, a la consejera de Turismo de Canarias, Yaiza Castilla, y al gerente de Promotur Turismo de Canarias, Jos\u00e9 Juan Lorenzo.<\/p>\n<p>&#13;<\/p>\n<p>\u00a0<\/p>\n<p>&#13;<\/p>\n<p>\u00a0<\/p>\n<p>&#13;<\/p>\n<p>\u00a0\t\t<\/p>\n<p>\t&#13;<\/p>\n<p>\u00a0<\/p>\n<p>&#13;<\/p>\n<p>Por su parte, Castilla ha destacado que Canarias ha sido uno de los pocos destinos del mundo que ha recibido cruceros durante la pandemia, una vez fueron permitidos por el Gobierno Central, \u201clo que evidencia claramente la confianza en las islas\u201d como destino seguro.<\/p>\n<p>&#13;<\/p>\n<p>\u00a0<\/p>\n<p>&#13;<\/p>\n<p>Cabe recordar que desde el 6 de noviembre de 2020 hasta el pasado mes de marzo, cuatro compa\u00f1\u00edas \u2014TUI Cruises, Hapag-Lloyd Cruises, AIDA y Mystic Cruises\u2014 han movido en las Islas Canarias a un whole de 49.035 pasajeros, seg\u00fan las estad\u00edsticas de la Autoridad Portuaria de Santa Cruz de Tenerife.<\/p>\n<p>                    <\/span><\/p><\/div>\n<p><script src=\"https:\/\/connect.facebook.net\/es_ES\/all.js#xfbml=1\" type=\"text\/javascript\"><\/script><script type=\"text\/javascript\">\n\/\/<![CDATA[\n   \twindow.fbAsyncInit = function() {\n\t\tFB.init({ appId: '171342606239806', \n\t\t\tstatus: true, \n\t\t\tcookie: true,\n\t\t\txfbml: true,\n\t\t\toauth: true\n\t\t});\n   \t\t    \n\t  \t\t};\n    \/\/      \n    jQuery(window).load(function() {\n    \t(function(){\n    \t\tif(!document.getElementById('fb-root')) {\n    \t\t\tvar root = document.createElement('div');\n    \t\t\troot.id = 'fb-root';\n    \t\t\tdocument.getElementById('gkfb-root').appendChild(root);\n    \t\t\tvar e = document.createElement('script');\n    \t\t\te.src = document.location.protocol + '\/\/connect.facebook.net\/es_ES\/all.js';\n    \t\t\te.async = true;\n    \t\t\tdocument.getElementById('fb-root').appendChild(e);\n    \t\t}  \n    \t})();\n    });\n    \/\/]]>\n<\/script><br \/>\n<br \/><\/p>\n<p><em> &#8221; Fuentes www.lancelotdigital.com &#8221; <\/em><\/p>\n","protected":false},"excerpt":{"rendered":"<p>&#13; Por el momento, hay confirmados un whole de 5 cruceros a bordo del \u2018Ocean of the Seas\u2019, cuya capacidad es de 4.200 pasajeros, aunque operar\u00e1 al 75% &#13; &#13; \u00a0 &#13; Lancelot Digital \u00a0&#13; \u00a0 &#13; Ya queda menos para que el turismo de cruceros comience, poco a poco, a reactivarse en el Archipi\u00e9lago. [&hellip;]<\/p>\n","protected":false},"author":4,"featured_media":120609,"comment_status":"open","ping_status":"closed","sticky":false,"template":"","format":"standard","meta":{"om_disable_all_campaigns":false,"jnews-multi-image_gallery":[],"jnews_single_post":[],"jnews_primary_category":[],"jnews_social_meta":[],"footnotes":""},"categories":[41],"tags":[946],"class_list":["post-120608","post","type-post","status-publish","format-standard","has-post-thumbnail","hentry","category-cruceros","tag-lancelot-digital-noticias-lanzarote-diario-digital-periodico-canarias-sucesos-deportes-cultura-vida-social-opinion-semanario-revista"],"_links":{"self":[{"href":"https:\/\/dimensionturistica.com\/es\/wp-json\/wp\/v2\/posts\/120608","targetHints":{"allow":["GET"]}}],"collection":[{"href":"https:\/\/dimensionturistica.com\/es\/wp-json\/wp\/v2\/posts"}],"about":[{"href":"https:\/\/dimensionturistica.com\/es\/wp-json\/wp\/v2\/types\/post"}],"author":[{"embeddable":true,"href":"https:\/\/dimensionturistica.com\/es\/wp-json\/wp\/v2\/users\/4"}],"replies":[{"embeddable":true,"href":"https:\/\/dimensionturistica.com\/es\/wp-json\/wp\/v2\/comments?post=120608"}],"version-history":[{"count":0,"href":"https:\/\/dimensionturistica.com\/es\/wp-json\/wp\/v2\/posts\/120608\/revisions"}],"wp:featuredmedia":[{"embeddable":true,"href":"https:\/\/dimensionturistica.com\/es\/wp-json\/wp\/v2\/media\/120609"}],"wp:attachment":[{"href":"https:\/\/dimensionturistica.com\/es\/wp-json\/wp\/v2\/media?parent=120608"}],"wp:term":[{"taxonomy":"category","embeddable":true,"href":"https:\/\/dimensionturistica.com\/es\/wp-json\/wp\/v2\/categories?post=120608"},{"taxonomy":"post_tag","embeddable":true,"href":"https:\/\/dimensionturistica.com\/es\/wp-json\/wp\/v2\/tags?post=120608"}],"curies":[{"name":"wp","href":"https:\/\/api.w.org\/{rel}","templated":true}]}}