{"id":120602,"date":"2021-05-03T14:20:58","date_gmt":"2021-05-03T14:20:58","guid":{"rendered":"https:\/\/dimensionturistica.com\/es\/?p=120602"},"modified":"2021-05-03T14:20:58","modified_gmt":"2021-05-03T14:20:58","slug":"coronavirus-bruselas-pide-reabrir-la-frontera-de-la-ue-a-los-turistas-vacunados-en-terceros-paises-como-estados-unidos","status":"publish","type":"post","link":"https:\/\/dimensionturistica.com\/es\/coronavirus-bruselas-pide-reabrir-la-frontera-de-la-ue-a-los-turistas-vacunados-en-terceros-paises-como-estados-unidos\/","title":{"rendered":"Coronavirus.- Bruselas pide reabrir la frontera de la UE a los turistas vacunados en terceros pa\u00edses como Estados Unidos"},"content":{"rendered":"<p> <br \/>\n<\/p>\n<div>\n<div class=\"visual__image  image_container\"><img decoding=\"async\" alt=\"08\/11\/2018 Bandera de la UE frente a la sede de la Comisi\u00f3n Europea&#13;&#10;POLITICA EUROPA INTERNACIONAL UNI\u00d3N EUROPEA EUROPA&#13;&#10;COMISI\u00d3N EUROPEA&#13;&#10;\" height=\"565\" width=\"850\" src=\"https:\/\/www.infobae.com\/new-resizer\/OBswpds59R-wN5rtogcWVqzVM9E=\/420x280\/filters:format(jpg):quality(85)\/cloudfront-us-east-1.images.arcpublishing.com\/infobae\/AOJ7OHICQFDIFDTOT7C6SZE674.jpg\" srcset=\"https:\/\/www.infobae.com\/new-resizer\/OBswpds59R-wN5rtogcWVqzVM9E=\/420x280\/filters:format(jpg):quality(85)\/cloudfront-us-east-1.images.arcpublishing.com\/infobae\/AOJ7OHICQFDIFDTOT7C6SZE674.jpg 420w,https:\/\/www.infobae.com\/new-resizer\/BRgyPLaS0g3zHVFls67tA7s_ItM=\/768x512\/filters:format(jpg):quality(85)\/cloudfront-us-east-1.images.arcpublishing.com\/infobae\/AOJ7OHICQFDIFDTOT7C6SZE674.jpg 768w,https:\/\/www.infobae.com\/new-resizer\/k6r-9GNAlWwB1QTEdQdN_r43nRU=\/992x661\/filters:format(jpg):quality(85)\/cloudfront-us-east-1.images.arcpublishing.com\/infobae\/AOJ7OHICQFDIFDTOT7C6SZE674.jpg 992w,https:\/\/www.infobae.com\/new-resizer\/J1VQ-0eAkvBIUj_O9ejSWuz4PwM=\/1200x800\/filters:format(jpg):quality(85)\/cloudfront-us-east-1.images.arcpublishing.com\/infobae\/AOJ7OHICQFDIFDTOT7C6SZE674.jpg 1200w\" sizes=\"auto, (min-width: 800px) 50vw, 90vw\" loading=\"lazy\"\/><figcaption>08\/11\/2018 Bandera de la UE frente a la sede de la Comisi\u00f3n Europea&#13;<br \/>\nPOLITICA EUROPA INTERNACIONAL UNI\u00d3N EUROPEA EUROPA&#13;<br \/>\nCOMISI\u00d3N EUROPEA&#13;<br \/>\n<\/figcaption><\/div>\n<p class=\"paragraph\">BRUSELAS, 3 (EUROPA PRESS)<\/p>\n<p>La Comisi\u00f3n Europea ha pedido este lunes a los Estados miembro que relajen las restricciones de viaje que imponen en su frontera exterior para permitir el tr\u00e1nsito de turistas vacunados en pa\u00edses en donde se inoculan alguna de las vacunas que ya han sido autorizadas por la Agencia Europea del Medicamento (EMA), como es el caso de Estados Unidos y Reino Unido.<\/p>\n<p>Los Veintisiete revisan cada dos semanas la lista de pa\u00edses terceros con los que se puede permitir el tr\u00e1nsito porque consideran que su situaci\u00f3n epidemiol\u00f3gica no supone un riesgo grave para el management de la pandemia en la Uni\u00f3n Europea y que actualmente tienen restringidos a solo siete destinos: Australia, Nueva Zelanda, Ruanda, Corea del Sur, Singapur, Tailandia y, sujeto a la condici\u00f3n de reciprocidad, China.<\/p>\n<p>En la modificaci\u00f3n que presenta Bruselas y que los Estados miembro discutir\u00e1n esta misma semana se plantea actualizar los criterios objetivos que se utilizan para establecer este listado, con el fin de tener en cuenta &#8220;los avances en las campa\u00f1as de vacunaci\u00f3n y la evoluci\u00f3n de la situaci\u00f3n epidemiol\u00f3gica en todo el mundo&#8221;.<\/p>\n<p>De este modo, el Ejecutivo comunitario cree que adem\u00e1s de si procede de un destino con una &#8220;buena situaci\u00f3n epidemiol\u00f3gica&#8221; se debe permitir la entrada a la UE a aquellas personas que &#8220;hayan recibido la \u00faltima dosis recomendada de una vacuna autorizada en la UE&#8221;.<\/p>\n<p>Esta concesi\u00f3n podr\u00eda tambi\u00e9n ampliarse a las vacunas que hayan completado el proceso de emergencia de la Organizaci\u00f3n Mundial de la Salud (OMS), recoge el documento de la Comisi\u00f3n.<\/p>\n<\/div>\n<p><script defer=\"\">!function(f,b,e,v,n,t,s) {if(f.fbq)return;n=f.fbq=function(){n.callMethod? n.callMethod.apply(n,arguments):n.queue.push(arguments)}; if(!f._fbq)f._fbq=n;n.push=n;n.loaded=!0;n.version='2.0'; n.queue=[];t=b.createElement(e);t.async=!0; t.src=v;s=b.getElementsByTagName(e)[0]; s.parentNode.insertBefore(t,s)}(window, document,'script', 'https:\/\/connect.facebook.net\/en_US\/fbevents.js'); fbq('init', '336383993555320'); fbq('track', 'PageView'); fbq('track', 'ViewContent');<\/script><br \/>\n<br \/><\/p>\n<p><em> &#8221; Fuentes www.infobae.com &#8221; <\/em><\/p>\n","protected":false},"excerpt":{"rendered":"<p>08\/11\/2018 Bandera de la UE frente a la sede de la Comisi\u00f3n Europea&#13; POLITICA EUROPA INTERNACIONAL UNI\u00d3N EUROPEA EUROPA&#13; COMISI\u00d3N EUROPEA&#13; BRUSELAS, 3 (EUROPA PRESS) La Comisi\u00f3n Europea ha pedido este lunes a los Estados miembro que relajen las restricciones de viaje que imponen en su frontera exterior para permitir el tr\u00e1nsito de turistas vacunados [&hellip;]<\/p>\n","protected":false},"author":4,"featured_media":120603,"comment_status":"open","ping_status":"closed","sticky":false,"template":"","format":"standard","meta":{"om_disable_all_campaigns":false,"jnews-multi-image_gallery":[],"jnews_single_post":[],"jnews_primary_category":[],"jnews_social_meta":[],"footnotes":""},"categories":[40],"tags":[],"class_list":["post-120602","post","type-post","status-publish","format-standard","has-post-thumbnail","hentry","category-industria"],"_links":{"self":[{"href":"https:\/\/dimensionturistica.com\/es\/wp-json\/wp\/v2\/posts\/120602","targetHints":{"allow":["GET"]}}],"collection":[{"href":"https:\/\/dimensionturistica.com\/es\/wp-json\/wp\/v2\/posts"}],"about":[{"href":"https:\/\/dimensionturistica.com\/es\/wp-json\/wp\/v2\/types\/post"}],"author":[{"embeddable":true,"href":"https:\/\/dimensionturistica.com\/es\/wp-json\/wp\/v2\/users\/4"}],"replies":[{"embeddable":true,"href":"https:\/\/dimensionturistica.com\/es\/wp-json\/wp\/v2\/comments?post=120602"}],"version-history":[{"count":0,"href":"https:\/\/dimensionturistica.com\/es\/wp-json\/wp\/v2\/posts\/120602\/revisions"}],"wp:featuredmedia":[{"embeddable":true,"href":"https:\/\/dimensionturistica.com\/es\/wp-json\/wp\/v2\/media\/120603"}],"wp:attachment":[{"href":"https:\/\/dimensionturistica.com\/es\/wp-json\/wp\/v2\/media?parent=120602"}],"wp:term":[{"taxonomy":"category","embeddable":true,"href":"https:\/\/dimensionturistica.com\/es\/wp-json\/wp\/v2\/categories?post=120602"},{"taxonomy":"post_tag","embeddable":true,"href":"https:\/\/dimensionturistica.com\/es\/wp-json\/wp\/v2\/tags?post=120602"}],"curies":[{"name":"wp","href":"https:\/\/api.w.org\/{rel}","templated":true}]}}