{"id":1205964,"date":"2026-09-01T22:56:15","date_gmt":"2026-09-01T22:56:15","guid":{"rendered":"https:\/\/dimensionturistica.com\/es\/?p=1205964"},"modified":"2026-09-01T22:56:15","modified_gmt":"2026-09-01T22:56:15","slug":"red-bamx-y-fundacion-carlos-slim-inauguran-las-nuevas-instalaciones-del-banco-de-alimentos-de-mazatlan","status":"publish","type":"post","link":"https:\/\/dimensionturistica.com\/es\/red-bamx-y-fundacion-carlos-slim-inauguran-las-nuevas-instalaciones-del-banco-de-alimentos-de-mazatlan\/","title":{"rendered":"Red BAMX y Fundaci\u00f3n Carlos Slim inauguran las nuevas instalaciones del Banco de Alimentos de Mazatl\u00e1n"},"content":{"rendered":"\n<p class=\"wp-block-paragraph\">El Banco de Alimentos de Mazatl\u00e1n, integrante de la Red de Bancos de Alimentos de M\u00e9xico (Red BAMX), inaugur\u00f3 sus nuevas instalaciones en la calle Puerto Salina Cruz, Parque Industrial Alfredo V. Bonfil. El proyecto forma parte de las donaciones de Fundaci\u00f3n Carlos Slim y ampl\u00eda el espacio operativo de aproximadamente 600 a 1,600 metros cuadrados, para mejorar la recepci\u00f3n, conservaci\u00f3n, clasificaci\u00f3n y distribuci\u00f3n de alimentos en el sur de Sinaloa.<\/p>\n\n\n\n<figure class=\"wp-block-gallery has-nested-images columns-default is-cropped wp-block-gallery-1 is-layout-flex wp-block-gallery-is-layout-flex\">\n<figure class=\"wp-block-image size-large\"><img decoding=\"async\" width=\"500\" height=\"355\" data-id=\"1205965\" src=\"https:\/\/dimensionturistica.com\/es\/wp-content\/uploads\/2026\/09\/3red.jpg\" alt=\"\" class=\"wp-image-1205965\" srcset=\"https:\/\/dimensionturistica.com\/es\/wp-content\/uploads\/2026\/09\/3red.jpg 500w, https:\/\/dimensionturistica.com\/es\/wp-content\/uploads\/2026\/09\/3red-300x213.jpg 300w, https:\/\/dimensionturistica.com\/es\/wp-content\/uploads\/2026\/09\/3red-120x86.jpg 120w, https:\/\/dimensionturistica.com\/es\/wp-content\/uploads\/2026\/09\/3red-350x250.jpg 350w\" sizes=\"(max-width: 500px) 100vw, 500px\" \/><\/figure>\n<\/figure>\n\n\n\n<p class=\"wp-block-paragraph\">A la ceremonia asistieron Arturo El\u00edas Ayub, en representaci\u00f3n de Fundaci\u00f3n Carlos Slim, y Enrique G\u00f3mez Junco, presidente de la Red de Bancos de Alimentos de M\u00e9xico. En lugar de un corte de list\u00f3n, el acto consisti\u00f3 en el armado de paquetes alimentarios: la nueva sede empez\u00f3 a operar en el mismo gesto que le da sentido.<\/p>\n\n\n\n<p class=\"wp-block-paragraph\">Por qu\u00e9 Mazatl\u00e1n<\/p>\n\n\n\n<p class=\"wp-block-paragraph\">Sinaloa es un estado productor y Mazatl\u00e1n, adem\u00e1s, concentra actividad comercial y tur\u00edstica. Esa combinaci\u00f3n genera excedentes en campo, centrales de abasto, comercios, hoteles y servicios; buena parte de ellos, perecederos. En 2025, casi la mitad del volumen rescatado por la Red BAMX a nivel nacional fueron frutas y verduras: producto que exige<\/p>\n\n\n\n<figure class=\"wp-block-gallery has-nested-images columns-default is-cropped wp-block-gallery-2 is-layout-flex wp-block-gallery-is-layout-flex\">\n<figure class=\"wp-block-image size-large\"><img decoding=\"async\" width=\"500\" height=\"124\" data-id=\"1205967\" src=\"https:\/\/dimensionturistica.com\/es\/wp-content\/uploads\/2026\/09\/2red.jpg\" alt=\"\" class=\"wp-image-1205967\" srcset=\"https:\/\/dimensionturistica.com\/es\/wp-content\/uploads\/2026\/09\/2red.jpg 500w, https:\/\/dimensionturistica.com\/es\/wp-content\/uploads\/2026\/09\/2red-300x74.jpg 300w\" sizes=\"(max-width: 500px) 100vw, 500px\" \/><\/figure>\n<\/figure>\n\n\n\n<p class=\"wp-block-paragraph\">rapidez y condiciones adecuadas de resguardo.<\/p>\n\n\n\n<p class=\"wp-block-paragraph\">Pasar de 600 a 1,600 m\u00b2 no es solo m\u00e1s piso. Da al banco local capacidad para recibir mayores vol\u00famenes, clasificarlos y conservarlos antes de que se pierdan. Hoy atiende a alrededor de 10 mil personas; con esta sede busca llegar a 22 mil hacia 2030. Rescatar ese alimento tiene un doble efecto: reduce desperdicio y mejora el acceso a una alimentaci\u00f3n m\u00e1s fresca y nutritiva.<\/p>\n\n\n\n<p class=\"wp-block-paragraph\">La alianza, m\u00e1s all\u00e1 de Mazatl\u00e1n<\/p>\n\n\n\n<p class=\"wp-block-paragraph\">La colaboraci\u00f3n entre la Red BAMX y Fundaci\u00f3n Carlos Slim, presentada en 2025, naci\u00f3 para aumentar la capacidad de la red de recuperar alimento apto para consumo y hacerlo llegar a quien enfrenta inseguridad alimentaria. El punto de partida es log\u00edstico: sin transporte ni espacios de conservaci\u00f3n y operaci\u00f3n, el excedente se pierde aunque exista la voluntad de donarlo.<\/p>\n\n\n\n<figure class=\"wp-block-gallery has-nested-images columns-default is-cropped wp-block-gallery-3 is-layout-flex wp-block-gallery-is-layout-flex\">\n<figure class=\"wp-block-image size-large\"><img decoding=\"async\" width=\"500\" height=\"666\" data-id=\"1205970\" src=\"https:\/\/dimensionturistica.com\/es\/wp-content\/uploads\/2026\/09\/4red.jpg\" alt=\"\" class=\"wp-image-1205970\" srcset=\"https:\/\/dimensionturistica.com\/es\/wp-content\/uploads\/2026\/09\/4red.jpg 500w, https:\/\/dimensionturistica.com\/es\/wp-content\/uploads\/2026\/09\/4red-225x300.jpg 225w\" sizes=\"(max-width: 500px) 100vw, 500px\" \/><\/figure>\n<\/figure>\n\n\n\n<p class=\"wp-block-paragraph\">Desde entonces, la alianza trabaja en dos frentes. Por un lado, movilidad: 17 unidades de carga ya circulan en M\u00e9xico, en apoyo a distintos Bancos de Alimentos. Por el otro, infraestructura: en esta primera fase,nuevas bodegas e instalaciones en estados y regiones como Aguascalientes, Zacatecas, Morelos, Veracruz, San Luis Potos\u00ed, Torre\u00f3n, Chiapas y Sinaloa.<\/p>\n\n\n\n<p class=\"wp-block-paragraph\">Ese esfuerzo est\u00e1 orientado a una meta de largo plazo planteada al presentar la alianza: triplicar el volumen de alimentos rescatados y beneficiar a m\u00e1s de 5 millones de mexicanos hacia 2030. Enrique G\u00f3mez Junco, presidente de Bancos de Alimentos de M\u00e9xico, inform\u00f3 que la red cuenta hoy con 59 bancos y atiende a m\u00e1s de 2.7 millones de personas.<\/p>\n\n\n\n<p class=\"wp-block-paragraph\">Cerrar esa distancia implica seguir sumando capacidad en el territorio, no concentrarla en un solo punto.<\/p>\n\n\n\n<p class=\"wp-block-paragraph\">Las nuevas instalaciones de Mazatl\u00e1n se incorporan a esa colaboraci\u00f3n. No sustituyen ni resumen lo que la alianza ya opera en otras regiones: se a\u00f1aden a las unidades y a la infraestructura en marcha, ahora en un corredor agr\u00edcola, comercial y tur\u00edstico del sur de Sinaloa.<\/p>\n\n\n\n<p class=\"wp-block-paragraph\">En representaci\u00f3n de Fundaci\u00f3n Carlos Slim, Arturo El\u00edas Ayub destac\u00f3 el alcance social y econ\u00f3mico del proyecto: \u201cMe volv\u00ed loco al conocer el impacto de este proyecto: hoy se les<\/p>\n\n\n\n<p class=\"wp-block-paragraph\">da de comer a m\u00e1s de 2 millones de personas todos los d\u00edas. Es un modelo sustentable, social y con sentido econ\u00f3mico. Tengo un gran reto en mi vida: llegar a 7 millones de personas. Estoy muy feliz de inaugurar hoy la primera bodega y asumir esta gran responsabilidad que me plante\u00f3 el Ing. Carlos Slim: trabajar para que podamos llegar a esos 7 millones de personas\u201d. Tambi\u00e9n llam\u00f3 a empresas con posibilidad de aportar, y a j\u00f3venes y ciudadanos que pueden sumarse con tiempo y voluntariado.<\/p>\n\n\n\n<figure class=\"wp-block-gallery has-nested-images columns-default is-cropped wp-block-gallery-4 is-layout-flex wp-block-gallery-is-layout-flex\">\n<figure class=\"wp-block-image size-large\"><img decoding=\"async\" width=\"500\" height=\"375\" data-id=\"1205969\" src=\"https:\/\/dimensionturistica.com\/es\/wp-content\/uploads\/2026\/09\/7red.jpg\" alt=\"\" class=\"wp-image-1205969\" srcset=\"https:\/\/dimensionturistica.com\/es\/wp-content\/uploads\/2026\/09\/7red.jpg 500w, https:\/\/dimensionturistica.com\/es\/wp-content\/uploads\/2026\/09\/7red-300x225.jpg 300w\" sizes=\"(max-width: 500px) 100vw, 500px\" \/><\/figure>\n<\/figure>\n\n\n\n<p class=\"wp-block-paragraph\">Para Rafael Ernesto Dom\u00ednguez Kelly, presidente del Patronato de Banco de Alimentos Mazatl\u00e1n, la nueva sede es una herramienta para dignificar la atenci\u00f3n y avanzar hacia una estrategia que reduzca la vulnerabilidad, m\u00e1s all\u00e1 de cubrir solo una necesidad inmediata.<\/p>\n\n\n\n<p class=\"wp-block-paragraph\">Un llamado a sumar esfuerzos hacia 2030<\/p>\n\n\n\n<p class=\"wp-block-paragraph\">Con las nuevas instalaciones de Mazatl\u00e1n en operaci\u00f3n, la Red BAMX y Fundaci\u00f3n Carlos Slim hacen un llamado a productores, centrales de abasto, comercios, hoteles, empresas y aliados de todo el pa\u00eds a sumarse a esta colaboraci\u00f3n. Cada donaci\u00f3n de alimento, capacidad log\u00edstica, transporte, infraestructura o voluntariado puede contribuir a que m\u00e1s alimento apto para consumo llegue a las personas que lo necesitan y a avanzar hacia la meta de ampliar el alcance de la red hacia 2030.<\/p>\n\n\n\n<p class=\"wp-block-paragraph\">Para m\u00e1s informaci\u00f3n: https:\/\/bamx.org.mx<\/p>\n\n\n\n<p class=\"wp-block-paragraph\">Redes Sociales:<\/p>\n\n\n\n<p class=\"wp-block-paragraph\">\u25cf LinkedIn: @redbamx<\/p>\n\n\n\n<p class=\"wp-block-paragraph\">\u25cf Instagram: @redbamx<\/p>\n\n\n\n<p class=\"wp-block-paragraph\">\u25cf Facebook: @redbamx<\/p>\n\n\n\n<p class=\"wp-block-paragraph\">\u25cf Twitter: @Red_BAMX<\/p>\n","protected":false},"excerpt":{"rendered":"<p>El Banco de Alimentos de Mazatl\u00e1n, integrante de la Red de Bancos de Alimentos de M\u00e9xico (Red BAMX), inaugur\u00f3 sus nuevas instalaciones en la calle Puerto Salina Cruz, Parque Industrial Alfredo V. Bonfil. El proyecto forma parte de las donaciones de Fundaci\u00f3n Carlos Slim y ampl\u00eda el espacio operativo de aproximadamente 600 a 1,600 metros [&hellip;]<\/p>\n","protected":false},"author":1,"featured_media":1205971,"comment_status":"open","ping_status":"closed","sticky":false,"template":"","format":"standard","meta":{"om_disable_all_campaigns":false,"jnews-multi-image_gallery":[],"jnews_single_post":[],"jnews_primary_category":[],"jnews_social_meta":[],"footnotes":""},"categories":[43],"tags":[],"class_list":["post-1205964","post","type-post","status-publish","format-standard","has-post-thumbnail","hentry","category-gourmet"],"_links":{"self":[{"href":"https:\/\/dimensionturistica.com\/es\/wp-json\/wp\/v2\/posts\/1205964","targetHints":{"allow":["GET"]}}],"collection":[{"href":"https:\/\/dimensionturistica.com\/es\/wp-json\/wp\/v2\/posts"}],"about":[{"href":"https:\/\/dimensionturistica.com\/es\/wp-json\/wp\/v2\/types\/post"}],"author":[{"embeddable":true,"href":"https:\/\/dimensionturistica.com\/es\/wp-json\/wp\/v2\/users\/1"}],"replies":[{"embeddable":true,"href":"https:\/\/dimensionturistica.com\/es\/wp-json\/wp\/v2\/comments?post=1205964"}],"version-history":[{"count":1,"href":"https:\/\/dimensionturistica.com\/es\/wp-json\/wp\/v2\/posts\/1205964\/revisions"}],"predecessor-version":[{"id":1205972,"href":"https:\/\/dimensionturistica.com\/es\/wp-json\/wp\/v2\/posts\/1205964\/revisions\/1205972"}],"wp:featuredmedia":[{"embeddable":true,"href":"https:\/\/dimensionturistica.com\/es\/wp-json\/wp\/v2\/media\/1205971"}],"wp:attachment":[{"href":"https:\/\/dimensionturistica.com\/es\/wp-json\/wp\/v2\/media?parent=1205964"}],"wp:term":[{"taxonomy":"category","embeddable":true,"href":"https:\/\/dimensionturistica.com\/es\/wp-json\/wp\/v2\/categories?post=1205964"},{"taxonomy":"post_tag","embeddable":true,"href":"https:\/\/dimensionturistica.com\/es\/wp-json\/wp\/v2\/tags?post=1205964"}],"curies":[{"name":"wp","href":"https:\/\/api.w.org\/{rel}","templated":true}]}}