{"id":1205885,"date":"2026-09-01T19:41:56","date_gmt":"2026-09-01T19:41:56","guid":{"rendered":"https:\/\/dimensionturistica.com\/es\/?p=1205885"},"modified":"2026-09-01T19:41:56","modified_gmt":"2026-09-01T19:41:56","slug":"asetur-se-reunio-con-industria-audiovisual-prime-video-fcca-y-estudiantes-u-anahuac-participo-en-ibtm-americas","status":"publish","type":"post","link":"https:\/\/dimensionturistica.com\/es\/asetur-se-reunio-con-industria-audiovisual-prime-video-fcca-y-estudiantes-u-anahuac-participo-en-ibtm-americas\/","title":{"rendered":"ASETUR se reuni\u00f3 con industria audiovisual (Prime Video), FCCA, y estudiantes U. An\u00e1huac; particip\u00f3 en IBTM Americas."},"content":{"rendered":"\n<p class=\"wp-block-paragraph\">Con el prop\u00f3sito de impulsar la actividad tur\u00edstica en el territorio nacional mediante una estrategia coordinada de acciones conjuntas, la Asociaci\u00f3n de Secretarias y Secretarios de Turismo de M\u00e9xico (ASETUR), presidida por Roberto Monroy Garc\u00eda, estrech\u00f3 los lazos de cooperaci\u00f3n con autoridades de los tres \u00f3rdenes de gobierno, as\u00ed como el sector empresarial y acad\u00e9mico.<\/p>\n\n\n\n<figure class=\"wp-block-gallery has-nested-images columns-default is-cropped wp-block-gallery-1 is-layout-flex wp-block-gallery-is-layout-flex\">\n<figure class=\"wp-block-image size-large\"><img decoding=\"async\" width=\"500\" height=\"312\" data-id=\"1205886\" src=\"https:\/\/dimensionturistica.com\/es\/wp-content\/uploads\/2026\/09\/22ASETUR.jpg\" alt=\"\" class=\"wp-image-1205886\" srcset=\"https:\/\/dimensionturistica.com\/es\/wp-content\/uploads\/2026\/09\/22ASETUR.jpg 500w, https:\/\/dimensionturistica.com\/es\/wp-content\/uploads\/2026\/09\/22ASETUR-300x187.jpg 300w\" sizes=\"(max-width: 500px) 100vw, 500px\" \/><\/figure>\n<\/figure>\n\n\n\n<p class=\"wp-block-paragraph\">Bajo la premisa de integrar \u201cUn solo M\u00e9xico\u201d en materia tur\u00edstica, las y los titulares de Turismo del pa\u00eds dan seguimiento a los acuerdos de la 70\u00aa Asamblea Ordinaria, especialmente en el impulso al turismo cinematogr\u00e1fico con el lema \u201cTurismo en Escena\u201d, para lo cual, se trabaja en agrupar la informaci\u00f3n de locaciones y proveedores de todas las entidades de modo que se facilite a las producciones nacionales e internacionales identificar opciones para realizar sus proyectos.<\/p>\n\n\n\n<figure class=\"wp-block-gallery has-nested-images columns-default is-cropped wp-block-gallery-2 is-layout-flex wp-block-gallery-is-layout-flex\">\n<figure class=\"wp-block-image size-large\"><img decoding=\"async\" width=\"500\" height=\"333\" data-id=\"1205887\" src=\"https:\/\/dimensionturistica.com\/es\/wp-content\/uploads\/2026\/09\/6ASETUR.jpg\" alt=\"\" class=\"wp-image-1205887\" srcset=\"https:\/\/dimensionturistica.com\/es\/wp-content\/uploads\/2026\/09\/6ASETUR.jpg 500w, https:\/\/dimensionturistica.com\/es\/wp-content\/uploads\/2026\/09\/6ASETUR-300x200.jpg 300w\" sizes=\"(max-width: 500px) 100vw, 500px\" \/><\/figure>\n<\/figure>\n\n\n\n<p class=\"wp-block-paragraph\">As\u00ed mismo, se busca fortalecer las comisiones f\u00edlmicas estatales de modo que todas cuenten con el nivel de profesionalizaci\u00f3n y solidez, as\u00ed como respaldo institucional; y trabajar en coordinaci\u00f3n con IMCINE, la Comisi\u00f3n Mexicana de Filmaciones, CANACINE, AMFI a fin de medir el impacto econ\u00f3mico de las producciones mediante criterios homologados de medici\u00f3n. Tambi\u00e9n se plantea integrar proyectos audiovisuales con potencial tur\u00edstico en cada estado.<\/p>\n\n\n\n<figure class=\"wp-block-gallery has-nested-images columns-default is-cropped wp-block-gallery-3 is-layout-flex wp-block-gallery-is-layout-flex\">\n<figure class=\"wp-block-image size-large\"><img decoding=\"async\" width=\"500\" height=\"333\" data-id=\"1205888\" src=\"https:\/\/dimensionturistica.com\/es\/wp-content\/uploads\/2026\/09\/8ASETUR.jpg\" alt=\"\" class=\"wp-image-1205888\" srcset=\"https:\/\/dimensionturistica.com\/es\/wp-content\/uploads\/2026\/09\/8ASETUR.jpg 500w, https:\/\/dimensionturistica.com\/es\/wp-content\/uploads\/2026\/09\/8ASETUR-300x200.jpg 300w\" sizes=\"(max-width: 500px) 100vw, 500px\" \/><\/figure>\n<\/figure>\n\n\n\n<p class=\"wp-block-paragraph\">En ese tenor, el presidente de ASETUR se reuni\u00f3 con Joana Almeida e Sousa, de Prime Video &amp; Amazon MGM Studios, y con Diana \u00c1lvarez Segoviano, titular de la COMEFILM-IMCINE, con quienes platic\u00f3 sobre c\u00f3mo debemos prepararnos para atraer nuevas producciones y fortalecer nuestra industria audiovisual.<\/p>\n\n\n\n<p class=\"wp-block-paragraph\">Presencia de ASETUR en encuentros clave<\/p>\n\n\n\n<figure class=\"wp-block-gallery has-nested-images columns-default is-cropped wp-block-gallery-4 is-layout-flex wp-block-gallery-is-layout-flex\">\n<figure class=\"wp-block-image size-large\"><img decoding=\"async\" width=\"500\" height=\"312\" data-id=\"1205889\" src=\"https:\/\/dimensionturistica.com\/es\/wp-content\/uploads\/2026\/09\/9ASETUR.jpg\" alt=\"\" class=\"wp-image-1205889\" srcset=\"https:\/\/dimensionturistica.com\/es\/wp-content\/uploads\/2026\/09\/9ASETUR.jpg 500w, https:\/\/dimensionturistica.com\/es\/wp-content\/uploads\/2026\/09\/9ASETUR-300x187.jpg 300w\" sizes=\"(max-width: 500px) 100vw, 500px\" \/><\/figure>\n<\/figure>\n\n\n\n<p class=\"wp-block-paragraph\">ASETUR tuvo una destacada presencia en la 17\u00aa edici\u00f3n de IBTM Americas, el principal evento de la industria de reuniones, segmento clave de la actividad tur\u00edstica de M\u00e9xico que reuni\u00f3 a 420 expositores y 4 mil 400 visitantes de esta importante cadena de valor, y en la que 22 entidades federativas presentaron su oferta hotelera, infraestructura para congresos, convenciones y exposiciones, adem\u00e1s de participar en conferencias y paneles de temas relacionados con el sector.<\/p>\n\n\n\n<figure class=\"wp-block-gallery has-nested-images columns-default is-cropped wp-block-gallery-5 is-layout-flex wp-block-gallery-is-layout-flex\">\n<figure class=\"wp-block-image size-large\"><img decoding=\"async\" width=\"500\" height=\"312\" data-id=\"1205890\" src=\"https:\/\/dimensionturistica.com\/es\/wp-content\/uploads\/2026\/09\/11ASETUR.jpg\" alt=\"\" class=\"wp-image-1205890\" srcset=\"https:\/\/dimensionturistica.com\/es\/wp-content\/uploads\/2026\/09\/11ASETUR.jpg 500w, https:\/\/dimensionturistica.com\/es\/wp-content\/uploads\/2026\/09\/11ASETUR-300x187.jpg 300w\" sizes=\"(max-width: 500px) 100vw, 500px\" \/><\/figure>\n<\/figure>\n\n\n\n<p class=\"wp-block-paragraph\">Uno de ellos fue el panel \u201cEl romance en l\u00ednea estrat\u00e9gica de los destinos tur\u00edsticos\u201d, en donde particip\u00f3 el presidente de ASETUR, quien junto con otros ponentes destacaron la importancia del turismo de romance para fortalecer la competitividad de los estados.<\/p>\n\n\n\n<p class=\"wp-block-paragraph\">\u201cEs fundamental que entendamos la importancia de la industria de reuniones, c\u00f3mo ha crecido en M\u00e9xico y c\u00f3mo logramos tener distintas posibilidades de oferta en los estados del pa\u00eds, junto con otros segmentos como el de romance, naturaleza, entre otros, que muestran nuestra diversidad tur\u00edstica\u201d, coment\u00f3 Monroy Garc\u00eda.<\/p>\n\n\n\n<figure class=\"wp-block-gallery has-nested-images columns-default is-cropped wp-block-gallery-6 is-layout-flex wp-block-gallery-is-layout-flex\">\n<figure class=\"wp-block-image size-large\"><img decoding=\"async\" width=\"500\" height=\"666\" data-id=\"1205891\" src=\"https:\/\/dimensionturistica.com\/es\/wp-content\/uploads\/2026\/09\/3ASETUR.jpg\" alt=\"\" class=\"wp-image-1205891\" srcset=\"https:\/\/dimensionturistica.com\/es\/wp-content\/uploads\/2026\/09\/3ASETUR.jpg 500w, https:\/\/dimensionturistica.com\/es\/wp-content\/uploads\/2026\/09\/3ASETUR-225x300.jpg 225w\" sizes=\"(max-width: 500px) 100vw, 500px\" \/><\/figure>\n<\/figure>\n\n\n\n<p class=\"wp-block-paragraph\">Para impulsar el potencial de la industria de cruceros, el presidente de ASETUR, acompa\u00f1ado de los secretarios de Turismo de Quintana Roo, Bernardo Cueto Riestra, y de Yucat\u00e1n, Dar\u00edo Flota Ocampo, tuvo un acercamiento con representantes de la Asociaci\u00f3n de Cruceros de Florida y el Caribe (FCCA), donde escuch\u00f3 y comparti\u00f3 planteamientos que permiten fortalecer esta importante industria que mueve a m\u00e1s de 11 millones de turistas a los puertos de nuestro pa\u00eds.<\/p>\n\n\n\n<figure class=\"wp-block-gallery has-nested-images columns-default is-cropped wp-block-gallery-7 is-layout-flex wp-block-gallery-is-layout-flex\">\n<figure class=\"wp-block-image size-large\"><img decoding=\"async\" width=\"500\" height=\"504\" data-id=\"1205892\" src=\"https:\/\/dimensionturistica.com\/es\/wp-content\/uploads\/2026\/09\/7ASETUR.jpg\" alt=\"\" class=\"wp-image-1205892\" srcset=\"https:\/\/dimensionturistica.com\/es\/wp-content\/uploads\/2026\/09\/7ASETUR.jpg 500w, https:\/\/dimensionturistica.com\/es\/wp-content\/uploads\/2026\/09\/7ASETUR-298x300.jpg 298w, https:\/\/dimensionturistica.com\/es\/wp-content\/uploads\/2026\/09\/7ASETUR-150x150.jpg 150w, https:\/\/dimensionturistica.com\/es\/wp-content\/uploads\/2026\/09\/7ASETUR-75x75.jpg 75w\" sizes=\"(max-width: 500px) 100vw, 500px\" \/><\/figure>\n<\/figure>\n\n\n\n<p class=\"wp-block-paragraph\">De acuerdo con la Secretar\u00eda de Turismo del Gobierno de M\u00e9xico, encabezada por Josefina Rodr\u00edguez Zamora, de enero a julio de 2026, llegaron 7.5 millones de pasajeros de crucero en 2 mil 45 arribos, lo que representa incrementos de 16.2% y 11.9%, respectivamente, comparado con el mismo periodo del 2025.<\/p>\n\n\n\n<p class=\"wp-block-paragraph\">En el \u00e1mbito acad\u00e9mico, Roberto Monroy Garc\u00eda sostuvo un encuentro con estudiantes de cuatro licenciaturas vinculadas al turismo de la Universidad An\u00e1huac Norte en la Ciudad de M\u00e9xico, en donde comparti\u00f3 la visi\u00f3n impulsada desde ASETUR, la cual suma destinos, experiencias y esfuerzos para proyectar toda la grandeza del pa\u00eds bajo la misma fuerza: Un solo M\u00e9xico.<\/p>\n\n\n\n<p class=\"wp-block-paragraph\">De manos de Jos\u00e9 \u00c1ngel D\u00edaz Rebolledo, director de la Facultad de Turismo y Gastronom\u00eda de esta casa de estudios, Monroy Garc\u00eda recibi\u00f3 el Estudio Gran Visi\u00f3n de Turismo 2050, una valiosa herramienta para construir un nuevo rumbo del sector.<\/p>\n\n\n\n<p class=\"wp-block-paragraph\">ASETUR participa en foros de alto nivel<\/p>\n\n\n\n<figure class=\"wp-block-gallery has-nested-images columns-default is-cropped wp-block-gallery-8 is-layout-flex wp-block-gallery-is-layout-flex\">\n<figure class=\"wp-block-image size-large\"><img decoding=\"async\" width=\"500\" height=\"375\" data-id=\"1205893\" src=\"https:\/\/dimensionturistica.com\/es\/wp-content\/uploads\/2026\/09\/5ASETUR.jpg\" alt=\"\" class=\"wp-image-1205893\" srcset=\"https:\/\/dimensionturistica.com\/es\/wp-content\/uploads\/2026\/09\/5ASETUR.jpg 500w, https:\/\/dimensionturistica.com\/es\/wp-content\/uploads\/2026\/09\/5ASETUR-300x225.jpg 300w\" sizes=\"(max-width: 500px) 100vw, 500px\" \/><\/figure>\n<\/figure>\n\n\n\n<p class=\"wp-block-paragraph\">A partir de este d\u00eda, ASETUR participar\u00e1 en la 10\u00aa edici\u00f3n del Sustainable &amp; Social Tourism Summit, el principal evento de la industria de viajes que promueve la cultura de la sostenibilidad, solidaridad y responsabilidad en el sector tur\u00edstico, y que se llevar\u00e1 a cabo del 31 de agosto al 2 de septiembre.<\/p>\n\n\n\n<p class=\"wp-block-paragraph\">Adem\u00e1s, ser\u00e1 parte del 4\u00ba Congreso Mundial de Turismo Deportivo, del 7 al 9 de septiembre en la Ciudad de M\u00e9xico, que por primera vez se realizar\u00e1 fuera de Europa y que en esta ocasi\u00f3n es organizado de forma conjunta por ONU Turismo, SECTUR federal, SECTUR CDMX, CONCANACO SERVYTUR y la coordinaci\u00f3n de las 32 entidades.<\/p>\n\n\n\n<p class=\"wp-block-paragraph\">\u201cEl deporte tiene un impacto muy grande en el turismo, como lo vimos en el pasado Mundial de Futbol; y en este Congreso, M\u00e9xico podr\u00e1 dar a conocer al mundo las distintas actividades y escenarios que tiene para eventos deportivos, y para ello estamos trabajando desde ASETUR\u201d, indic\u00f3 Monroy Garc\u00eda.<\/p>\n\n\n\n<figure class=\"wp-block-gallery has-nested-images columns-default is-cropped wp-block-gallery-9 is-layout-flex wp-block-gallery-is-layout-flex\">\n<figure class=\"wp-block-image size-large\"><img decoding=\"async\" width=\"500\" height=\"501\" data-id=\"1205894\" src=\"https:\/\/dimensionturistica.com\/es\/wp-content\/uploads\/2026\/09\/ASETUR.jpg\" alt=\"\" class=\"wp-image-1205894\" srcset=\"https:\/\/dimensionturistica.com\/es\/wp-content\/uploads\/2026\/09\/ASETUR.jpg 500w, https:\/\/dimensionturistica.com\/es\/wp-content\/uploads\/2026\/09\/ASETUR-300x300.jpg 300w, https:\/\/dimensionturistica.com\/es\/wp-content\/uploads\/2026\/09\/ASETUR-150x150.jpg 150w, https:\/\/dimensionturistica.com\/es\/wp-content\/uploads\/2026\/09\/ASETUR-75x75.jpg 75w, https:\/\/dimensionturistica.com\/es\/wp-content\/uploads\/2026\/09\/ASETUR-350x350.jpg 350w\" sizes=\"(max-width: 500px) 100vw, 500px\" \/><\/figure>\n<\/figure>\n\n\n\n<p class=\"wp-block-paragraph\">Asimismo, ASETUR alista su participaci\u00f3n en el XXXII Congreso Nacional de la Industria de Reuniones, del 9 al 12 de septiembre, en Quer\u00e9taro; ITB Americas, del 10 al 12 de noviembre, en Guadalajara, Jalisco; y el Encuentro Nacional de Pueblos M\u00e1gicos, del 26 al 29 de noviembre, en Tampico, Tamaulipas.<\/p>\n\n\n\n<p class=\"wp-block-paragraph\">Mediante estas acciones y la coordinaci\u00f3n de las 32 entidades del pa\u00eds con el sector privado y acad\u00e9mico, se generan oportunidades, se incrementa el n\u00famero de visitantes y se fortalece la proyecci\u00f3n de los destinos de M\u00e9xico.<\/p>\n","protected":false},"excerpt":{"rendered":"<p>Con el prop\u00f3sito de impulsar la actividad tur\u00edstica en el territorio nacional mediante una estrategia coordinada de acciones conjuntas, la Asociaci\u00f3n de Secretarias y Secretarios de Turismo de M\u00e9xico (ASETUR), presidida por Roberto Monroy Garc\u00eda, estrech\u00f3 los lazos de cooperaci\u00f3n con autoridades de los tres \u00f3rdenes de gobierno, as\u00ed como el sector empresarial y acad\u00e9mico. [&hellip;]<\/p>\n","protected":false},"author":1,"featured_media":1205895,"comment_status":"open","ping_status":"closed","sticky":false,"template":"","format":"standard","meta":{"om_disable_all_campaigns":false,"jnews-multi-image_gallery":[],"jnews_single_post":{"format":"standard"},"jnews_primary_category":[],"jnews_social_meta":[],"footnotes":""},"categories":[39],"tags":[],"class_list":["post-1205885","post","type-post","status-publish","format-standard","has-post-thumbnail","hentry","category-viajes"],"_links":{"self":[{"href":"https:\/\/dimensionturistica.com\/es\/wp-json\/wp\/v2\/posts\/1205885","targetHints":{"allow":["GET"]}}],"collection":[{"href":"https:\/\/dimensionturistica.com\/es\/wp-json\/wp\/v2\/posts"}],"about":[{"href":"https:\/\/dimensionturistica.com\/es\/wp-json\/wp\/v2\/types\/post"}],"author":[{"embeddable":true,"href":"https:\/\/dimensionturistica.com\/es\/wp-json\/wp\/v2\/users\/1"}],"replies":[{"embeddable":true,"href":"https:\/\/dimensionturistica.com\/es\/wp-json\/wp\/v2\/comments?post=1205885"}],"version-history":[{"count":1,"href":"https:\/\/dimensionturistica.com\/es\/wp-json\/wp\/v2\/posts\/1205885\/revisions"}],"predecessor-version":[{"id":1205896,"href":"https:\/\/dimensionturistica.com\/es\/wp-json\/wp\/v2\/posts\/1205885\/revisions\/1205896"}],"wp:featuredmedia":[{"embeddable":true,"href":"https:\/\/dimensionturistica.com\/es\/wp-json\/wp\/v2\/media\/1205895"}],"wp:attachment":[{"href":"https:\/\/dimensionturistica.com\/es\/wp-json\/wp\/v2\/media?parent=1205885"}],"wp:term":[{"taxonomy":"category","embeddable":true,"href":"https:\/\/dimensionturistica.com\/es\/wp-json\/wp\/v2\/categories?post=1205885"},{"taxonomy":"post_tag","embeddable":true,"href":"https:\/\/dimensionturistica.com\/es\/wp-json\/wp\/v2\/tags?post=1205885"}],"curies":[{"name":"wp","href":"https:\/\/api.w.org\/{rel}","templated":true}]}}