{"id":120586,"date":"2021-05-03T14:03:57","date_gmt":"2021-05-03T14:03:57","guid":{"rendered":"https:\/\/dimensionturistica.com\/es\/?p=120586"},"modified":"2021-05-03T14:03:57","modified_gmt":"2021-05-03T14:03:57","slug":"proponen-relajar-restricciones-para-viajes-a-paises-de-la-ue","status":"publish","type":"post","link":"https:\/\/dimensionturistica.com\/es\/proponen-relajar-restricciones-para-viajes-a-paises-de-la-ue\/","title":{"rendered":"Proponen relajar restricciones para viajes a pa\u00edses de la UE"},"content":{"rendered":"<p> <br \/>\n<\/p>\n<div>\n<p class=\"paragraph\">BRUSELAS (AP) \u2014 El poder ejecutivo de la Uni\u00f3n Europea propuso el lunes relajar las restricciones para viajes al bloque de 27 pa\u00edses miembro al tiempo que las campa\u00f1as de vacunaci\u00f3n siguen tomando velocidad.<\/p>\n<p class=\"paragraph\">Viajar actualmente a la UE es muy limitado a excepci\u00f3n de unos cuantos pa\u00edses con \u00edndices de contagio bajos. Pero con la temporada de verano emergiendo, la Comisi\u00f3n Europea espera que las nuevas recomendaciones ayuden dr\u00e1sticamente a ampliar esa lista.<\/p>\n<p class=\"paragraph\">\u201cLa Comisi\u00f3n propone que se permita el ingreso a la UE por razones no esenciales no solo a todas las personas que provienen de pa\u00edses con buena situaci\u00f3n epidemiol\u00f3gica, sino tambi\u00e9n a toda la gente que ha recibido la \u00faltima dosis recomendada de una vacuna autorizada por la UE\u201d, se\u00f1al\u00f3 la rama ejecutiva del bloque.<\/p>\n<p><span data-error=\"No dfp-path found.\"\/><\/p>\n<p class=\"paragraph\">Autoridades de la Uni\u00f3n Europea creen que las campa\u00f1as de vacunaci\u00f3n contra el COVID-19 ser\u00e1n pronto un \u201cpunto de inflexi\u00f3n\u201d en el combate contra el virus letal, especialmente dentro del bloque y la zona de controles fronterizos suprimidos establecida en el Acuerdo de Schengen. Su propuesta ser\u00e1 discutida con los embajadores de los Estados miembro esta semana y la Comisi\u00f3n espera que pueda entrar en vigor para junio,<\/p>\n<p class=\"paragraph\">Bajo la propuesta del poder ejecutivo de la Uni\u00f3n Europea, las naciones que integran \u00e9sta deber\u00edan permitir a los viajeros de otros pa\u00edses ingresar a la UE en caso de haber sido vacunados con sueros aprobados para su uso en la regi\u00f3n. Los Estados miembro podr\u00edan tambi\u00e9n decidir de manera particular person si aceptan o no a viajeros inmunizados con vacunas que aparecen en la lista de la Organizaci\u00f3n Mundial de la Salud para su uso de emergencia.<\/p>\n<p class=\"paragraph\">La Comisi\u00f3n tambi\u00e9n propuso elevar el umbral relacionado con el n\u00famero de nuevos casos de COVID-19 usado para determinar la lista de pa\u00edses de los cuales todo tipo de viaje deber\u00eda ser permitido.<\/p>\n<\/div>\n<p><script defer=\"\">!function(f,b,e,v,n,t,s) {if(f.fbq)return;n=f.fbq=function(){n.callMethod? n.callMethod.apply(n,arguments):n.queue.push(arguments)}; if(!f._fbq)f._fbq=n;n.push=n;n.loaded=!0;n.version='2.0'; n.queue=[];t=b.createElement(e);t.async=!0; t.src=v;s=b.getElementsByTagName(e)[0]; s.parentNode.insertBefore(t,s)}(window, document,'script', 'https:\/\/connect.facebook.net\/en_US\/fbevents.js'); fbq('init', '336383993555320'); fbq('track', 'PageView'); fbq('track', 'ViewContent');<\/script><br \/>\n<br \/><\/p>\n<p><em> &#8221; Fuentes www.infobae.com &#8221; <\/em><\/p>\n","protected":false},"excerpt":{"rendered":"<p>BRUSELAS (AP) \u2014 El poder ejecutivo de la Uni\u00f3n Europea propuso el lunes relajar las restricciones para viajes al bloque de 27 pa\u00edses miembro al tiempo que las campa\u00f1as de vacunaci\u00f3n siguen tomando velocidad. Viajar actualmente a la UE es muy limitado a excepci\u00f3n de unos cuantos pa\u00edses con \u00edndices de contagio bajos. Pero con [&hellip;]<\/p>\n","protected":false},"author":4,"featured_media":116839,"comment_status":"open","ping_status":"closed","sticky":false,"template":"","format":"standard","meta":{"om_disable_all_campaigns":false,"jnews-multi-image_gallery":[],"jnews_single_post":[],"jnews_primary_category":[],"jnews_social_meta":[],"footnotes":""},"categories":[40],"tags":[],"class_list":["post-120586","post","type-post","status-publish","format-standard","has-post-thumbnail","hentry","category-industria"],"_links":{"self":[{"href":"https:\/\/dimensionturistica.com\/es\/wp-json\/wp\/v2\/posts\/120586","targetHints":{"allow":["GET"]}}],"collection":[{"href":"https:\/\/dimensionturistica.com\/es\/wp-json\/wp\/v2\/posts"}],"about":[{"href":"https:\/\/dimensionturistica.com\/es\/wp-json\/wp\/v2\/types\/post"}],"author":[{"embeddable":true,"href":"https:\/\/dimensionturistica.com\/es\/wp-json\/wp\/v2\/users\/4"}],"replies":[{"embeddable":true,"href":"https:\/\/dimensionturistica.com\/es\/wp-json\/wp\/v2\/comments?post=120586"}],"version-history":[{"count":0,"href":"https:\/\/dimensionturistica.com\/es\/wp-json\/wp\/v2\/posts\/120586\/revisions"}],"wp:featuredmedia":[{"embeddable":true,"href":"https:\/\/dimensionturistica.com\/es\/wp-json\/wp\/v2\/media\/116839"}],"wp:attachment":[{"href":"https:\/\/dimensionturistica.com\/es\/wp-json\/wp\/v2\/media?parent=120586"}],"wp:term":[{"taxonomy":"category","embeddable":true,"href":"https:\/\/dimensionturistica.com\/es\/wp-json\/wp\/v2\/categories?post=120586"},{"taxonomy":"post_tag","embeddable":true,"href":"https:\/\/dimensionturistica.com\/es\/wp-json\/wp\/v2\/tags?post=120586"}],"curies":[{"name":"wp","href":"https:\/\/api.w.org\/{rel}","templated":true}]}}