{"id":1205848,"date":"2026-09-01T18:36:26","date_gmt":"2026-09-01T18:36:26","guid":{"rendered":"https:\/\/dimensionturistica.com\/es\/?p=1205848"},"modified":"2026-09-01T18:38:18","modified_gmt":"2026-09-01T18:38:18","slug":"ibtm-americas-2026-cierra-su-17a-edicion-con-cifras-record-y-demuestra-su-protagonismo-en-la-industria-mice-mundial","status":"publish","type":"post","link":"https:\/\/dimensionturistica.com\/es\/ibtm-americas-2026-cierra-su-17a-edicion-con-cifras-record-y-demuestra-su-protagonismo-en-la-industria-mice-mundial\/","title":{"rendered":"IBTM Americas 2026 cierra su 17\u00aa edici\u00f3n con cifras r\u00e9cord y demuestra su protagonismo en la industria MICE mundial"},"content":{"rendered":"\n<p class=\"wp-block-paragraph\">IBTM Americas 2026 demostr\u00f3 una vez m\u00e1s que la industria de reuniones no solo est\u00e1 viva, sino est\u00e1 creciendo, profesionaliz\u00e1ndose y generando valor a una escala que pocas industrias lo hacen.<\/p>\n\n\n\n<figure class=\"wp-block-gallery has-nested-images columns-default is-cropped wp-block-gallery-1 is-layout-flex wp-block-gallery-is-layout-flex\">\n<figure class=\"wp-block-image size-large\"><img decoding=\"async\" width=\"500\" height=\"346\" data-id=\"1205849\" src=\"https:\/\/dimensionturistica.com\/es\/wp-content\/uploads\/2026\/09\/2IBTM.jpg\" alt=\"\" class=\"wp-image-1205849\" srcset=\"https:\/\/dimensionturistica.com\/es\/wp-content\/uploads\/2026\/09\/2IBTM.jpg 500w, https:\/\/dimensionturistica.com\/es\/wp-content\/uploads\/2026\/09\/2IBTM-300x208.jpg 300w\" sizes=\"(max-width: 500px) 100vw, 500px\" \/><\/figure>\n<\/figure>\n\n\n\n<p class=\"wp-block-paragraph\">Durante dos d\u00edas, el Centro Banamex de CDMX fue el epicentro de los negocios, las tendencias y las conexiones que mueven a toda la cadena de valor del sector MICE en el continente, reafirmando a M\u00e9xico como el hub de referencia para la industria de reuniones en la regi\u00f3n.<\/p>\n\n\n\n<figure class=\"wp-block-gallery has-nested-images columns-default is-cropped wp-block-gallery-2 is-layout-flex wp-block-gallery-is-layout-flex\">\n<figure class=\"wp-block-image size-large\"><img decoding=\"async\" width=\"500\" height=\"306\" data-id=\"1205850\" src=\"https:\/\/dimensionturistica.com\/es\/wp-content\/uploads\/2026\/09\/3IBTM.jpg\" alt=\"\" class=\"wp-image-1205850\" srcset=\"https:\/\/dimensionturistica.com\/es\/wp-content\/uploads\/2026\/09\/3IBTM.jpg 500w, https:\/\/dimensionturistica.com\/es\/wp-content\/uploads\/2026\/09\/3IBTM-300x184.jpg 300w\" sizes=\"(max-width: 500px) 100vw, 500px\" \/><\/figure>\n<\/figure>\n\n\n\n<p class=\"wp-block-paragraph\">La 17\u00aa edici\u00f3n del evento organizado por RX M\u00e9xico cuyo lema fue: Donde las culturas se reunen para hacer negocios, y en el que Per\u00fa fue el pa\u00eds invitado, cerr\u00f3 con m\u00e1s de 4,000 visitantes, m\u00e1s de 9,000 citas de negocio generadas, 450 Hosted Buyers; destacando que el 72% fueron nuevos participantes. Participaron, adem\u00e1s, 433 marcas expositoras de 4 continentes.<\/p>\n\n\n\n<figure class=\"wp-block-gallery has-nested-images columns-default is-cropped wp-block-gallery-3 is-layout-flex wp-block-gallery-is-layout-flex\">\n<figure class=\"wp-block-image size-large\"><img decoding=\"async\" width=\"500\" height=\"333\" data-id=\"1205851\" src=\"https:\/\/dimensionturistica.com\/es\/wp-content\/uploads\/2026\/09\/4IBTM.jpg\" alt=\"\" class=\"wp-image-1205851\" srcset=\"https:\/\/dimensionturistica.com\/es\/wp-content\/uploads\/2026\/09\/4IBTM.jpg 500w, https:\/\/dimensionturistica.com\/es\/wp-content\/uploads\/2026\/09\/4IBTM-300x200.jpg 300w\" sizes=\"(max-width: 500px) 100vw, 500px\" \/><\/figure>\n<\/figure>\n\n\n\n<p class=\"wp-block-paragraph\">Estamos muy contentos y agradecidos de que Per\u00fa haya aceptado ser nuestro pa\u00eds invitado en esta edici\u00f3n y que haya tra\u00eddo consigo una delegaci\u00f3n tan s\u00f3lida, con destinos, experiencias y propuestas que enriquecieron el evento en todos los sentidos. Su participaci\u00f3n demostr\u00f3 la importancia que tiene esta figura dentro de IBTM Americas, ya que un pa\u00eds invitado ayuda a ampliar la conversaci\u00f3n m\u00e1s all\u00e1 de los destinos habituales, abre oportunidades de negocio que de otra manera no suceder\u00edan, y le recuerda a toda la industria que Am\u00e9rica Latina tiene mucho m\u00e1s por descubrir y por ofrecer, comparti\u00f3 Eleonora Garc\u00eda, Show Director de RX M\u00e9xico.<\/p>\n\n\n\n<figure class=\"wp-block-gallery has-nested-images columns-default is-cropped wp-block-gallery-4 is-layout-flex wp-block-gallery-is-layout-flex\">\n<figure class=\"wp-block-image size-large\"><img decoding=\"async\" width=\"500\" height=\"375\" data-id=\"1205859\" src=\"https:\/\/dimensionturistica.com\/es\/wp-content\/uploads\/2026\/09\/9IBTM.jpg\" alt=\"\" class=\"wp-image-1205859\" srcset=\"https:\/\/dimensionturistica.com\/es\/wp-content\/uploads\/2026\/09\/9IBTM.jpg 500w, https:\/\/dimensionturistica.com\/es\/wp-content\/uploads\/2026\/09\/9IBTM-300x225.jpg 300w\" sizes=\"(max-width: 500px) 100vw, 500px\" \/><\/figure>\n<\/figure>\n\n\n\n<p class=\"wp-block-paragraph\">El programa de conferencias de IBTM Americas 2026 reuni\u00f3 a m\u00e1s de 50 speakers en 44 sesiones que abordaron desde el turismo de romance y bodas destino hasta sustentabilidad, viajes de incentivo y las tendencias que est\u00e1n redefiniendo la industria a nivel global. Adem\u00e1s, por segundo a\u00f1o consecutivo, el evento fue sede del RX Trends Forum, que en esta edici\u00f3n congreg\u00f3 a l\u00edderes empresariales de distintas industrias para explorar la aplicaci\u00f3n pr\u00e1ctica, segura y \u00e9tica de la Inteligencia Artificial; toda su agenda fue avalada por el Consejo Latinoamericano de \u00c9tica en Tecnolog\u00eda.<\/p>\n\n\n\n<figure class=\"wp-block-gallery has-nested-images columns-default is-cropped wp-block-gallery-5 is-layout-flex wp-block-gallery-is-layout-flex\">\n<figure class=\"wp-block-image size-large\"><img decoding=\"async\" width=\"500\" height=\"333\" data-id=\"1205853\" src=\"https:\/\/dimensionturistica.com\/es\/wp-content\/uploads\/2026\/09\/6IBTM.jpg\" alt=\"\" class=\"wp-image-1205853\" srcset=\"https:\/\/dimensionturistica.com\/es\/wp-content\/uploads\/2026\/09\/6IBTM.jpg 500w, https:\/\/dimensionturistica.com\/es\/wp-content\/uploads\/2026\/09\/6IBTM-300x200.jpg 300w\" sizes=\"(max-width: 500px) 100vw, 500px\" \/><\/figure>\n<\/figure>\n\n\n\n<p class=\"wp-block-paragraph\">La sustentabilidad y la inclusi\u00f3n tambi\u00e9n dejaron huella en esta edici\u00f3n a trav\u00e9s de Change Maker, la iniciativa desarrollada en alianza con ES Eventos Sustentables que logr\u00f3 sumar a stands comprometidos con acciones de impacto positivo bajo tres pilares: inclusi\u00f3n, reducci\u00f3n de huella de carbono y econom\u00eda local; condecorando a los stands de Chiapas, Guanajuato e Islandia como los acreedores a esta insignia. Con el cierre de esta edici\u00f3n, RX M\u00e9xico ya tiene la vista puesta en la 18\u00aa edici\u00f3n de IBTM Americas, que buscar\u00e1 superar los r\u00e9cords alcanzados este a\u00f1o, seguir creando nuevas experiencias para todos los actores de la industria involucrados a trav\u00e9s de nuevos formatos, y continuar consolidando el hacer negocios como su eje principal. Puedes conocer todas las iniciativas que se est\u00e9n planteando, siguiente las redes sociales de @ibtmamericas y a trav\u00e9s del sitio web: www.ibtmamericas.com<\/p>\n\n\n\n<figure class=\"wp-block-gallery has-nested-images columns-default is-cropped wp-block-gallery-6 is-layout-flex wp-block-gallery-is-layout-flex\">\n<figure class=\"wp-block-image size-large\"><img decoding=\"async\" width=\"500\" height=\"375\" data-id=\"1205854\" src=\"https:\/\/dimensionturistica.com\/es\/wp-content\/uploads\/2026\/09\/12IBTM.jpg\" alt=\"\" class=\"wp-image-1205854\" srcset=\"https:\/\/dimensionturistica.com\/es\/wp-content\/uploads\/2026\/09\/12IBTM.jpg 500w, https:\/\/dimensionturistica.com\/es\/wp-content\/uploads\/2026\/09\/12IBTM-300x225.jpg 300w\" sizes=\"(max-width: 500px) 100vw, 500px\" \/><\/figure>\n<\/figure>\n\n\n\n<p class=\"wp-block-paragraph\"><\/p>\n","protected":false},"excerpt":{"rendered":"<p>IBTM Americas 2026 demostr\u00f3 una vez m\u00e1s que la industria de reuniones no solo est\u00e1 viva, sino est\u00e1 creciendo, profesionaliz\u00e1ndose y generando valor a una escala que pocas industrias lo hacen. Durante dos d\u00edas, el Centro Banamex de CDMX fue el epicentro de los negocios, las tendencias y las conexiones que mueven a toda la [&hellip;]<\/p>\n","protected":false},"author":1,"featured_media":1205855,"comment_status":"open","ping_status":"closed","sticky":false,"template":"","format":"standard","meta":{"om_disable_all_campaigns":false,"jnews-multi-image_gallery":[],"jnews_single_post":[],"jnews_primary_category":[],"jnews_social_meta":[],"footnotes":""},"categories":[39],"tags":[],"class_list":["post-1205848","post","type-post","status-publish","format-standard","has-post-thumbnail","hentry","category-viajes"],"_links":{"self":[{"href":"https:\/\/dimensionturistica.com\/es\/wp-json\/wp\/v2\/posts\/1205848","targetHints":{"allow":["GET"]}}],"collection":[{"href":"https:\/\/dimensionturistica.com\/es\/wp-json\/wp\/v2\/posts"}],"about":[{"href":"https:\/\/dimensionturistica.com\/es\/wp-json\/wp\/v2\/types\/post"}],"author":[{"embeddable":true,"href":"https:\/\/dimensionturistica.com\/es\/wp-json\/wp\/v2\/users\/1"}],"replies":[{"embeddable":true,"href":"https:\/\/dimensionturistica.com\/es\/wp-json\/wp\/v2\/comments?post=1205848"}],"version-history":[{"count":2,"href":"https:\/\/dimensionturistica.com\/es\/wp-json\/wp\/v2\/posts\/1205848\/revisions"}],"predecessor-version":[{"id":1205860,"href":"https:\/\/dimensionturistica.com\/es\/wp-json\/wp\/v2\/posts\/1205848\/revisions\/1205860"}],"wp:featuredmedia":[{"embeddable":true,"href":"https:\/\/dimensionturistica.com\/es\/wp-json\/wp\/v2\/media\/1205855"}],"wp:attachment":[{"href":"https:\/\/dimensionturistica.com\/es\/wp-json\/wp\/v2\/media?parent=1205848"}],"wp:term":[{"taxonomy":"category","embeddable":true,"href":"https:\/\/dimensionturistica.com\/es\/wp-json\/wp\/v2\/categories?post=1205848"},{"taxonomy":"post_tag","embeddable":true,"href":"https:\/\/dimensionturistica.com\/es\/wp-json\/wp\/v2\/tags?post=1205848"}],"curies":[{"name":"wp","href":"https:\/\/api.w.org\/{rel}","templated":true}]}}