{"id":1205819,"date":"2026-09-01T17:36:28","date_gmt":"2026-09-01T17:36:28","guid":{"rendered":"https:\/\/dimensionturistica.com\/es\/?p=1205819"},"modified":"2026-09-01T17:36:28","modified_gmt":"2026-09-01T17:36:28","slug":"enrique-calderon-vp-de-operacion-hotelera-de-posadas-representara-a-mexico-y-centroamerica-en-the-summit-2027-en-monaco","status":"publish","type":"post","link":"https:\/\/dimensionturistica.com\/es\/enrique-calderon-vp-de-operacion-hotelera-de-posadas-representara-a-mexico-y-centroamerica-en-the-summit-2027-en-monaco\/","title":{"rendered":"Enrique Calder\u00f3n, VP de operaci\u00f3n hotelera de Posadas representar\u00e1 a M\u00e9xico y Centroam\u00e9rica en The Summit 2027 en M\u00f3naco"},"content":{"rendered":"\n<p class=\"wp-block-paragraph\">Grupo Posadas, la cadena l\u00edder en hospitalidad en el pa\u00eds, contin\u00faa posicionando el nombre de M\u00e9xico a nivel internacional, en esta ocasi\u00f3n al recibir el nombramiento de Enrique Calder\u00f3n, VP de operaci\u00f3n hotelera de Posadas como Delegado Internacional para The Summit 2027 de Forbes Travel Guide, a celebrarse en M\u00f3naco el pr\u00f3ximo mes de febrero.<\/p>\n\n\n\n<figure class=\"wp-block-gallery has-nested-images columns-default is-cropped wp-block-gallery-1 is-layout-flex wp-block-gallery-is-layout-flex\"><\/figure>\n\n\n\n<figure class=\"wp-block-gallery has-nested-images columns-default is-cropped wp-block-gallery-2 is-layout-flex wp-block-gallery-is-layout-flex\">\n<figure class=\"wp-block-image size-large\"><img decoding=\"async\" width=\"480\" height=\"720\" data-id=\"1205820\" src=\"https:\/\/dimensionturistica.com\/es\/wp-content\/uploads\/2026\/09\/1QUIQUE.jpg\" alt=\"\" class=\"wp-image-1205820\" srcset=\"https:\/\/dimensionturistica.com\/es\/wp-content\/uploads\/2026\/09\/1QUIQUE.jpg 480w, https:\/\/dimensionturistica.com\/es\/wp-content\/uploads\/2026\/09\/1QUIQUE-200x300.jpg 200w\" sizes=\"(max-width: 480px) 100vw, 480px\" \/><\/figure>\n<\/figure>\n\n\n\n<p class=\"wp-block-paragraph\">Esta participaci\u00f3n se encuentra reservada para un grupo selecto y reducido de l\u00edderes en hospitalidad a nivel internacional, por su compromiso con el servicio, la creatividad y la excelencia. Enrique Calder\u00f3n ser\u00e1 el delegado representante de M\u00e9xico y Centroam\u00e9rica convirti\u00e9ndose en la voz oficial y referente de la industria hotelera y tur\u00edstica de lujo de la regi\u00f3n, por lo que su participaci\u00f3n reconoce los altos est\u00e1ndares con los que trabaja en las distintas marcas de Posadas, as\u00ed como por la hospitalidad en cada hotel.<\/p>\n\n\n\n<p class=\"wp-block-paragraph\">The Summit es la principal conferencia anual de viajes de lujo, organizada por Forbes Travel Guide, creadora de las estrellas, y que define los est\u00e1ndares de excelencia en hospitalidad a nivel global. El evento re\u00fane a lo mejor del sector de viajes y el lujo, en donde las personalidades m\u00e1s relevantes del sector intercambian mejores pr\u00e1cticas, adem\u00e1s de acudir a clases magistrales impartidas por expertos a nivel internacional.<\/p>\n\n\n\n<figure class=\"wp-block-gallery has-nested-images columns-default is-cropped wp-block-gallery-3 is-layout-flex wp-block-gallery-is-layout-flex\">\n<figure class=\"wp-block-image size-large\"><img decoding=\"async\" width=\"500\" height=\"333\" data-id=\"1205822\" src=\"https:\/\/dimensionturistica.com\/es\/wp-content\/uploads\/2026\/09\/5QUIQUE.jpg\" alt=\"\" class=\"wp-image-1205822\" srcset=\"https:\/\/dimensionturistica.com\/es\/wp-content\/uploads\/2026\/09\/5QUIQUE.jpg 500w, https:\/\/dimensionturistica.com\/es\/wp-content\/uploads\/2026\/09\/5QUIQUE-300x200.jpg 300w\" sizes=\"(max-width: 500px) 100vw, 500px\" \/><\/figure>\n<\/figure>\n\n\n\n<p class=\"wp-block-paragraph\">La participaci\u00f3n de Enrique Calder\u00f3n impulsa el trabajo entre Forbes Travel Guide y Posadas para fortalecer la experiencia de cada viajero a los hoteles de la compa\u00f1\u00eda, hoy hoteles como Live Aqua Bosques, Live Aqua San Miguel de Allende, Devossi\u00f3n by Live Aqua Playa del Carmen, Grand Fiesta Americana Guadalajara, Grand Fiesta Americana Puebla Angel\u00f3polis, entre otras propiedades, cuentan con unas de las m\u00e1s altas calificaciones en la hospitalidad que reconoce la gu\u00eda de Forbes en 2026, reflejando el compromiso por crear experiencias \u00fanicas desde la reservaci\u00f3n, durante la estancia y hasta la salida de cada hu\u00e9sped.<\/p>\n\n\n\n<p class=\"wp-block-paragraph\">Enrique Calder\u00f3n es actualmente Vicepresidente de Operaci\u00f3n Hotelera de Posadas, posici\u00f3n que ocupa desde el 6 de febrero de 2015; donde ha tenido entre sus principales responsabilidades la gesti\u00f3n de la operaci\u00f3n hotelera y la implementaci\u00f3n de la estrategia de la empresa, adem\u00e1s de participar en el crecimiento y apertura de nuevos hoteles. Ha formado parte de asociaciones como SITE y MPI, organizaci\u00f3n de la que fue presidente en M\u00e9xico durante 2007 y 2008, adem\u00e1s de haber impartido conferencias y cursos en instituciones.<\/p>\n\n\n\n<figure class=\"wp-block-gallery has-nested-images columns-default is-cropped wp-block-gallery-4 is-layout-flex wp-block-gallery-is-layout-flex\">\n<figure class=\"wp-block-image size-large\"><img decoding=\"async\" width=\"500\" height=\"500\" data-id=\"1205821\" src=\"https:\/\/dimensionturistica.com\/es\/wp-content\/uploads\/2026\/09\/2QUIQUE.jpg\" alt=\"\" class=\"wp-image-1205821\" srcset=\"https:\/\/dimensionturistica.com\/es\/wp-content\/uploads\/2026\/09\/2QUIQUE.jpg 500w, https:\/\/dimensionturistica.com\/es\/wp-content\/uploads\/2026\/09\/2QUIQUE-300x300.jpg 300w, https:\/\/dimensionturistica.com\/es\/wp-content\/uploads\/2026\/09\/2QUIQUE-150x150.jpg 150w, https:\/\/dimensionturistica.com\/es\/wp-content\/uploads\/2026\/09\/2QUIQUE-75x75.jpg 75w, https:\/\/dimensionturistica.com\/es\/wp-content\/uploads\/2026\/09\/2QUIQUE-350x350.jpg 350w\" sizes=\"(max-width: 500px) 100vw, 500px\" \/><\/figure>\n<\/figure>\n\n\n\n<p class=\"wp-block-paragraph\">Entre sus reconocimientos m\u00e1s recientes destaca el \u00c1ngel del Turismo 2024 en la categor\u00eda de Trayectoria Profesional Tur\u00edstica, distinci\u00f3n que reconoce su carrera y aportaciones a la industria tur\u00edstica mexicana. En 2025 recibi\u00f3 el reconocimiento \u201cBest Hotel Industry Leader\u201d de los Industry Leader Awards de Global Traveler, de acuerdo con Global Traveler, el reconocimiento destac\u00f3 su liderazgo en la expansi\u00f3n de Fiesta Americana Travelty a m\u00e1s de 200 hoteles en M\u00e9xico y el Caribe, as\u00ed como su responsabilidad sobre los segmentos Upscale y Luxury de Posadas.<\/p>\n","protected":false},"excerpt":{"rendered":"<p>Grupo Posadas, la cadena l\u00edder en hospitalidad en el pa\u00eds, contin\u00faa posicionando el nombre de M\u00e9xico a nivel internacional, en esta ocasi\u00f3n al recibir el nombramiento de Enrique Calder\u00f3n, VP de operaci\u00f3n hotelera de Posadas como Delegado Internacional para The Summit 2027 de Forbes Travel Guide, a celebrarse en M\u00f3naco el pr\u00f3ximo mes de febrero. [&hellip;]<\/p>\n","protected":false},"author":1,"featured_media":1205827,"comment_status":"open","ping_status":"closed","sticky":false,"template":"","format":"standard","meta":{"om_disable_all_campaigns":false,"jnews-multi-image_gallery":[],"jnews_single_post":[],"jnews_primary_category":[],"jnews_social_meta":[],"footnotes":""},"categories":[39],"tags":[],"class_list":["post-1205819","post","type-post","status-publish","format-standard","has-post-thumbnail","hentry","category-viajes"],"_links":{"self":[{"href":"https:\/\/dimensionturistica.com\/es\/wp-json\/wp\/v2\/posts\/1205819","targetHints":{"allow":["GET"]}}],"collection":[{"href":"https:\/\/dimensionturistica.com\/es\/wp-json\/wp\/v2\/posts"}],"about":[{"href":"https:\/\/dimensionturistica.com\/es\/wp-json\/wp\/v2\/types\/post"}],"author":[{"embeddable":true,"href":"https:\/\/dimensionturistica.com\/es\/wp-json\/wp\/v2\/users\/1"}],"replies":[{"embeddable":true,"href":"https:\/\/dimensionturistica.com\/es\/wp-json\/wp\/v2\/comments?post=1205819"}],"version-history":[{"count":1,"href":"https:\/\/dimensionturistica.com\/es\/wp-json\/wp\/v2\/posts\/1205819\/revisions"}],"predecessor-version":[{"id":1205828,"href":"https:\/\/dimensionturistica.com\/es\/wp-json\/wp\/v2\/posts\/1205819\/revisions\/1205828"}],"wp:featuredmedia":[{"embeddable":true,"href":"https:\/\/dimensionturistica.com\/es\/wp-json\/wp\/v2\/media\/1205827"}],"wp:attachment":[{"href":"https:\/\/dimensionturistica.com\/es\/wp-json\/wp\/v2\/media?parent=1205819"}],"wp:term":[{"taxonomy":"category","embeddable":true,"href":"https:\/\/dimensionturistica.com\/es\/wp-json\/wp\/v2\/categories?post=1205819"},{"taxonomy":"post_tag","embeddable":true,"href":"https:\/\/dimensionturistica.com\/es\/wp-json\/wp\/v2\/tags?post=1205819"}],"curies":[{"name":"wp","href":"https:\/\/api.w.org\/{rel}","templated":true}]}}