{"id":1205806,"date":"2026-09-01T16:35:34","date_gmt":"2026-09-01T16:35:34","guid":{"rendered":"https:\/\/dimensionturistica.com\/es\/?p=1205806"},"modified":"2026-09-01T16:35:34","modified_gmt":"2026-09-01T16:35:34","slug":"air-canada-implementa-nuevas-politicas-para-facilitar-el-viaje-de-pasajeros-con-discapacidades","status":"publish","type":"post","link":"https:\/\/dimensionturistica.com\/es\/air-canada-implementa-nuevas-politicas-para-facilitar-el-viaje-de-pasajeros-con-discapacidades\/","title":{"rendered":"Air Canada implementa nuevas pol\u00edticas para facilitar el viaje de pasajeros con discapacidades."},"content":{"rendered":"<h3>Accesibilidad A\u00e9rea: Una Nueva Era para la Movilidad Reducida<\/h3>\n<p>Viajar en avi\u00f3n deber\u00eda ser una experiencia placentera para todos, independientemente de las condiciones f\u00edsicas de cada viajero. En un esfuerzo por transformar esta realidad, una de las principales aerol\u00edneas de Canad\u00e1 ha implementado una serie de medidas pioneras destinadas a mejorar la accesibilidad para personas con movilidad reducida. Esta iniciativa marca un hito en el sector de la aviaci\u00f3n y refleja un compromiso renovado hacia la inclusi\u00f3n y la diversidad en los viajes.<\/p>\n<p>Imaginemos a una familia que planea sus vacaciones so\u00f1adas. Para aquellos miembros que enfrentan desaf\u00edos en su movilidad, el proceso de volar puede volverse complicado e incluso desalentador. Sin embargo, la reciente implementaci\u00f3n de un programa integral de asistencia por parte de la aerol\u00ednea est\u00e1 dise\u00f1ada para eliminar estas barreras y asegurar que todos los pasajeros, independientemente de sus necesidades, puedan disfrutar de sus trayectos con dignidad y confort.<\/p>\n<p>Uno de los pilares de esta nueva estrategia es un enfoque personalizado hacia la atenci\u00f3n al cliente. Desde el momento en que el viajero hace la reserva, la aerol\u00ednea se asegura de que todas las necesidades especiales sean atendidas. Esto incluye la posibilidad de solicitar asistencia a trav\u00e9s de una plataforma digital intuitiva, que permite a los pasajeros informar sobre sus requerimientos espec\u00edficos antes de su llegada al aeropuerto. Esta opci\u00f3n no solo facilita la comunicaci\u00f3n, sino que tambi\u00e9n ayuda al personal a prepararse y ofrecer un apoyo adecuado a cada pasajero.<\/p>\n<p>En el aeropuerto, el personal capacitado est\u00e1 preparado para ayudar en cada etapa del viaje. Desde el check-in hasta el embarque y la llegada, la atenci\u00f3n se adapta a las necesidades individuales. Adem\u00e1s, se han implementado recursos adicionales, como sillas de ruedas y \u00e1reas de descanso accesibles, permitiendo que el proceso sea mucho m\u00e1s fluido y confortable.<\/p>\n<p>Asimismo, la aerol\u00ednea ha mejorado su flota con la incorporaci\u00f3n de aeronaves dise\u00f1adas para facilitar el acceso a pasajeros con movilidad reducida. Esto incluye asientos m\u00e1s amplios, espacios de maniobra adecuados y acceso directo a servicios sanitarios adaptados, todo pensado para que el viaje sea lo m\u00e1s agradable posible.<\/p>\n<p>Sin embargo, esta revoluciona en la accesibilidad no se limita solo al momento del vuelo. La experiencia del pasajero se extiende a la llegada al destino. A trav\u00e9s de colaboraciones con empresas de transporte y servicios tur\u00edsticos locales, se est\u00e1 asegurando que la movilidad de los viajeros con necesidades especiales contin\u00fae siendo fluida una vez que han aterrizado. Esto implica garantizar que los servicios de transporte en tierra tambi\u00e9n cuenten con las adaptaciones necesarias, permitiendo que cada viajero pueda explorar su nuevo destino sin limitaciones.<\/p>\n<p>Este esfuerzo por mejorar la accesibilidad representa un paso importante hacia una industria de viajes m\u00e1s inclusiva. Sin duda, este tipo de iniciativas son esenciales no solo para facilitar el viaje a aquellos con discapacidad, sino tambi\u00e9n para sensibilizar al p\u00fablico y fomentar una cultura de respeto y consideraci\u00f3n. Al abrir las puertas de la aviaci\u00f3n a todos, se crea un mundo donde cada viaje se convierte en una experiencia enriquecedora, repleta de nuevas oportunidades e inolvidables recuerdos.<\/p>\n<p>As\u00ed que, la pr\u00f3xima vez que pienses en volar, recuerda que el cielo es el l\u00edmite para todos. La inclusi\u00f3n y la accesibilidad est\u00e1n a la vanguardia de la experiencia de vuelo, y ahora m\u00e1s que nunca, el deseo de viajar est\u00e1 al alcance de todos. \u00a1Prep\u00e1rate para despegar hacia nuevas aventuras sin barreras!<\/p>\n<p><em> &#8221; Fuentes www.aviacionnews.com &#8221; <\/em><\/p>\n","protected":false},"excerpt":{"rendered":"<p>Accesibilidad A\u00e9rea: Una Nueva Era para la Movilidad Reducida Viajar en avi\u00f3n deber\u00eda ser una experiencia placentera para todos, independientemente de las condiciones f\u00edsicas de cada viajero. En un esfuerzo por transformar esta realidad, una de las principales aerol\u00edneas de Canad\u00e1 ha implementado una serie de medidas pioneras destinadas a mejorar la accesibilidad para personas [&hellip;]<\/p>\n","protected":false},"author":4,"featured_media":1205807,"comment_status":"open","ping_status":"closed","sticky":false,"template":"","format":"standard","meta":{"om_disable_all_campaigns":false,"jnews-multi-image_gallery":[],"jnews_single_post":[],"jnews_primary_category":[],"jnews_social_meta":[],"footnotes":""},"categories":[39],"tags":[14464,1654,12850,296319,144876,296320,188610,92159],"class_list":["post-1205806","post","type-post","status-publish","format-standard","has-post-thumbnail","hentry","category-viajes","tag-air-canada","tag-aviacion","tag-inclusion","tag-medidas-de-asistencia","tag-movilidad-reducida","tag-pasajeros-con-discapacidad","tag-servicios-al-cliente","tag-viajes-accesibles"],"_links":{"self":[{"href":"https:\/\/dimensionturistica.com\/es\/wp-json\/wp\/v2\/posts\/1205806","targetHints":{"allow":["GET"]}}],"collection":[{"href":"https:\/\/dimensionturistica.com\/es\/wp-json\/wp\/v2\/posts"}],"about":[{"href":"https:\/\/dimensionturistica.com\/es\/wp-json\/wp\/v2\/types\/post"}],"author":[{"embeddable":true,"href":"https:\/\/dimensionturistica.com\/es\/wp-json\/wp\/v2\/users\/4"}],"replies":[{"embeddable":true,"href":"https:\/\/dimensionturistica.com\/es\/wp-json\/wp\/v2\/comments?post=1205806"}],"version-history":[{"count":1,"href":"https:\/\/dimensionturistica.com\/es\/wp-json\/wp\/v2\/posts\/1205806\/revisions"}],"predecessor-version":[{"id":1205808,"href":"https:\/\/dimensionturistica.com\/es\/wp-json\/wp\/v2\/posts\/1205806\/revisions\/1205808"}],"wp:featuredmedia":[{"embeddable":true,"href":"https:\/\/dimensionturistica.com\/es\/wp-json\/wp\/v2\/media\/1205807"}],"wp:attachment":[{"href":"https:\/\/dimensionturistica.com\/es\/wp-json\/wp\/v2\/media?parent=1205806"}],"wp:term":[{"taxonomy":"category","embeddable":true,"href":"https:\/\/dimensionturistica.com\/es\/wp-json\/wp\/v2\/categories?post=1205806"},{"taxonomy":"post_tag","embeddable":true,"href":"https:\/\/dimensionturistica.com\/es\/wp-json\/wp\/v2\/tags?post=1205806"}],"curies":[{"name":"wp","href":"https:\/\/api.w.org\/{rel}","templated":true}]}}