{"id":1205803,"date":"2026-09-01T16:21:31","date_gmt":"2026-09-01T16:21:31","guid":{"rendered":"https:\/\/dimensionturistica.com\/es\/?p=1205803"},"modified":"2026-09-01T16:21:31","modified_gmt":"2026-09-01T16:21:31","slug":"las-mejores-apariciones-en-el-festival-de-cine-de-venecia-2026","status":"publish","type":"post","link":"https:\/\/dimensionturistica.com\/es\/las-mejores-apariciones-en-el-festival-de-cine-de-venecia-2026\/","title":{"rendered":"Las Mejores Apariciones en el Festival de Cine de Venecia 2026"},"content":{"rendered":"<p><strong>El Desfile de Estilo en el Festival de Cine de Venecia 2026: Lo Mejor de la Alfombra Roja<\/strong><\/p>\n<p>El Festival de Cine de Venecia 2026 se ha consolidado, una vez m\u00e1s, como el epicentro de la moda y el cine, donde el glamour y la creatividad se entrelazan en un espect\u00e1culo deslumbrante. La alfombra roja, ese famoso pasillo que ha sido testigo de grandiosos momentos cinematogr\u00e1ficos, se ha transformado en un aut\u00e9ntico desfile de alta costura, donde los dise\u00f1adores y las celebridades han dejado huella con looks inolvidables.<\/p>\n<p><strong>Una Paleta de Colores Vibrantes y Texturas Innovadoras<\/strong><\/p>\n<p>Este a\u00f1o, la variedad de estilos ha sido asombrosa. Desde vestidos de gala en tonos vibrantes, como los rojos intensos y azules profundos, hasta piezas en blanco y negro que juegan con la atemporalidad, el color fue un protagonista indiscutible. Las texturas hicieron su debut de manera audaz: desde delicadas sedas que caen suavemente hasta estructuras m\u00e1s r\u00edgidas que ofrecen un enfoque vanguardista.<\/p>\n<p><strong>Dise\u00f1os que Cuentan Historias<\/strong><\/p>\n<p>Entre las apariciones destacadas, figuras ic\u00f3nicas del cine optaron por atuendos que no solo resaltaban su figura, sino que tambi\u00e9n contaban una historia. Por ejemplo, un vestido elaborado con detalles de plumas que recordaba a las divas de la era dorada de Hollywood se convirti\u00f3 en el centro de atenci\u00f3n. Cada elecci\u00f3n de vestuario parec\u00eda estar meticulosamente pensada, reflejando no solo el estilo personal de cada estrella, sino tambi\u00e9n una conexi\u00f3n con el mundo del cine.<\/p>\n<p><strong>Cortes y Siluetas Elegantes<\/strong><\/p>\n<p>Las siluetas esta temporada abarcaron desde estilos cl\u00e1sicos con un giro contempor\u00e1neo hasta innovaciones audaces que desafiaron las normas de la moda. Cortes que enfatizaban la cintura y escotes estrat\u00e9gicos se fusionaron en propuestas que rescataban la feminidad de formas inesperadas. Este equilibrio entre lo cl\u00e1sico y lo moderno logr\u00f3 que cada look destacara en la competencia visual de la alfombra.<\/p>\n<p><strong>Accesorios que Hacen la Diferencia<\/strong><\/p>\n<p>Los accesorios tambi\u00e9n jugaron un papel crucial. Joyas deslumbrantes, desde collares llamativos hasta pendientes de gran tama\u00f1o, elevaron los atuendos a otro nivel. Los zapatos, que a menudo pasan desapercibidos, se convirtieron en el detalle clave, con tacones arquitect\u00f3nicos que desafiaban la gravedad y botas con toques futuristas que a\u00f1adieron un aire de modernidad.<\/p>\n<p><strong>El Efecto Viral de la Alfombra Roja<\/strong><\/p>\n<p>Las redes sociales no han sido ajenas a esta explosi\u00f3n de estilo. Cada paso que daban las celebridades generaba reacciones instant\u00e1neas, convirtiendo sus looks en tendencias virales en cuesti\u00f3n de minutos. Hashtags designados para el evento se inundaron de comentarios, memes y comparativas, demostrando una vez m\u00e1s que el Festival de Cine de Venecia no es solo un evento cinematogr\u00e1fico, sino un fen\u00f3meno cultural que trasciende fronteras.<\/p>\n<p><strong>Un Legado de Estilo<\/strong><\/p>\n<p>A medida que el festival avanza, queda claro que la moda es una de las protagonistas m\u00e1s aclamadas del evento. La combinaci\u00f3n de cine y estilo sigue desafiando las reglas, permitiendo a los asistentes expresar su creatividad y su visi\u00f3n del mundo a trav\u00e9s de la moda. El impacto visual de la alfombra roja de este a\u00f1o se recordar\u00e1, no solo por los dise\u00f1os sorprendentes, sino tambi\u00e9n por la forma en que estos looks resonaron en la audiencia global.<\/p>\n<p>El Festival de Cine de Venecia 2026 ha reafirmado su estatus como uno de los puntales de la moda internacional, dejando una marca indeleble en el mundo del entretenimiento y la cultura. Cada imagen capturada en la alfombra roja se convierte en un hito que influir\u00e1 en las tendencias venideras, estableciendo un continuo di\u00e1logo entre el cine, la moda y la creatividad.<\/p>\n<p><em> &#8221; Fuentes www.vogue.com &#8221; <\/em><\/p>\n","protected":false},"excerpt":{"rendered":"<p>El Desfile de Estilo en el Festival de Cine de Venecia 2026: Lo Mejor de la Alfombra Roja El Festival de Cine de Venecia 2026 se ha consolidado, una vez m\u00e1s, como el epicentro de la moda y el cine, donde el glamour y la creatividad se entrelazan en un espect\u00e1culo deslumbrante. La alfombra roja, [&hellip;]<\/p>\n","protected":false},"author":14,"featured_media":1205804,"comment_status":"open","ping_status":"closed","sticky":false,"template":"","format":"standard","meta":{"om_disable_all_campaigns":false,"jnews-multi-image_gallery":[],"jnews_single_post":[],"jnews_primary_category":[],"jnews_social_meta":[],"footnotes":""},"categories":[144872],"tags":[55723,201685,198487,296318,132238,166,202518,165,210632,199653,233974],"class_list":["post-1205803","post","type-post","status-publish","format-standard","has-post-thumbnail","hentry","category-fashion","tag-55723","tag-best-looks","tag-celebrity-style","tag-cinematic-event","tag-digital_syndication","tag-fashion","tag-film-festival","tag-red-carpet","tag-style-highlights","tag-textbelowcenterfullbleed","tag-venice-film-festival"],"_links":{"self":[{"href":"https:\/\/dimensionturistica.com\/es\/wp-json\/wp\/v2\/posts\/1205803","targetHints":{"allow":["GET"]}}],"collection":[{"href":"https:\/\/dimensionturistica.com\/es\/wp-json\/wp\/v2\/posts"}],"about":[{"href":"https:\/\/dimensionturistica.com\/es\/wp-json\/wp\/v2\/types\/post"}],"author":[{"embeddable":true,"href":"https:\/\/dimensionturistica.com\/es\/wp-json\/wp\/v2\/users\/14"}],"replies":[{"embeddable":true,"href":"https:\/\/dimensionturistica.com\/es\/wp-json\/wp\/v2\/comments?post=1205803"}],"version-history":[{"count":1,"href":"https:\/\/dimensionturistica.com\/es\/wp-json\/wp\/v2\/posts\/1205803\/revisions"}],"predecessor-version":[{"id":1205805,"href":"https:\/\/dimensionturistica.com\/es\/wp-json\/wp\/v2\/posts\/1205803\/revisions\/1205805"}],"wp:featuredmedia":[{"embeddable":true,"href":"https:\/\/dimensionturistica.com\/es\/wp-json\/wp\/v2\/media\/1205804"}],"wp:attachment":[{"href":"https:\/\/dimensionturistica.com\/es\/wp-json\/wp\/v2\/media?parent=1205803"}],"wp:term":[{"taxonomy":"category","embeddable":true,"href":"https:\/\/dimensionturistica.com\/es\/wp-json\/wp\/v2\/categories?post=1205803"},{"taxonomy":"post_tag","embeddable":true,"href":"https:\/\/dimensionturistica.com\/es\/wp-json\/wp\/v2\/tags?post=1205803"}],"curies":[{"name":"wp","href":"https:\/\/api.w.org\/{rel}","templated":true}]}}