{"id":1205777,"date":"2026-09-01T14:39:28","date_gmt":"2026-09-01T14:39:28","guid":{"rendered":"https:\/\/dimensionturistica.com\/es\/?p=1205777"},"modified":"2026-09-01T14:39:28","modified_gmt":"2026-09-01T14:39:28","slug":"coleccion-primavera-2027-de-mukcyen-tokyo-innovacion-y-estilo-en-la-moda-urbana","status":"publish","type":"post","link":"https:\/\/dimensionturistica.com\/es\/coleccion-primavera-2027-de-mukcyen-tokyo-innovacion-y-estilo-en-la-moda-urbana\/","title":{"rendered":"Colecci\u00f3n Primavera 2027 de Mukcyen Tokyo: Innovaci\u00f3n y Estilo en la Moda Urbana"},"content":{"rendered":"<p><strong>Tokio Primavera 2027: Un Viaje Visual a Trav\u00e9s de la Innovaci\u00f3n en Moda<\/strong><\/p>\n<p>La escena de la moda en Tokio se ha vuelto un punto de referencia en el calendario internacional, y la colecci\u00f3n presentada en la semana de la moda de primavera 2027 ha reafirmado esta posici\u00f3n con una propuesta audaz y visionaria. En un entorno que fusiona la tradici\u00f3n con la vanguardia, este evento resplandece con una energ\u00eda \u00fanica que atrae tanto a expertos como a entusiastas de la moda.<\/p>\n<p>Los desfiles, que se llevaron a cabo en un espacio arquitect\u00f3nicamente innovador, se convirtieron en el tel\u00f3n de fondo perfecto para una presentaci\u00f3n que desaf\u00eda los l\u00edmites de la creatividad. La marca que captur\u00f3 la atenci\u00f3n del p\u00fablico, con su enfoque radical hacia la sostenibilidad y la est\u00e9tica urbana, ha dibujado un retrato del futuro. La riqueza de su paleta de colores y la diversidad de texturas utilizadas crean una narrativa visual que resulta tan intrigante como inspiradora.<\/p>\n<p>Uno de los aspectos m\u00e1s destacados de esta colecci\u00f3n es la fusi\u00f3n de elementos tradicionales japoneses con t\u00e9cnicas contempor\u00e1neas. Los dise\u00f1adores han explorado la relaci\u00f3n entre lo antiguo y lo moderno, incorporando motivos que rinden homenaje a la cultura japonesa mientras los reinterpretan con un giro contempor\u00e1neo. Esta dualidad se traduce en piezas que son, a su vez, elegantes y rompedoras, creando un balance perfecto entre el respeto por la historia y la necesidad de innovaci\u00f3n.<\/p>\n<p>La silueta de las prendas, marcada por cortes asim\u00e9tricos y una confecci\u00f3n arquitect\u00f3nica, apunta a una nueva definici\u00f3n de la feminidad. Los modelos desfilaban con una confianza inquebrantable, llevando consigo cada prenda como una declaraci\u00f3n de intenciones. La masculinidad tambi\u00e9n tiene un lugar destacado en esta narrativa, con un estilo que desaf\u00eda estereotipos y aboga por una fluidez de g\u00e9neros que se celebra a trav\u00e9s de la moda.<\/p>\n<p>Un elemento impresionante de esta colecci\u00f3n es el uso de materiales reciclados y t\u00e9cnicas de producci\u00f3n que minimizan el impacto ambiental. La moda sostenible ha dejado de ser una tendencia pasajera para convertirse en un pilar fundamental dentro de la industria. Este enfoque no solo es un reflejo de la urgencia por cuidar nuestro planeta, sino que tambi\u00e9n responde a una demanda creciente de los consumidores conscientes que buscan prendas con prop\u00f3sito.<\/p>\n<p>El maquillaje y los peinados complementan perfectamente la propuesta est\u00e9tica, aportando un aire futurista que se alinea con la visi\u00f3n del dise\u00f1ador. Rostros con un acabado minimalista y cortes de cabello poco convencionales se adentran en el mismo ethos que la moda: audaz, fresca y sin l\u00edmites.<\/p>\n<p>El desfile no solo fue un fest\u00edn visual, sino que tambi\u00e9n se convirti\u00f3 en un espacio de reflexi\u00f3n colectiva. La interacci\u00f3n entre los asistentes, quienes aplaud\u00edan efusivamente cada aparici\u00f3n en la pasarela, demostr\u00f3 que la moda es un lenguaje universal que trasciende culturas. As\u00ed, la semana de la moda de Tokio Primavera 2027 se establece una vez m\u00e1s como un semillero de ideas, un espacio donde la creatividad no conoce fronteras.<\/p>\n<p>En conclusi\u00f3n, esta fusi\u00f3n de cultura, innovaci\u00f3n y sostenibilidad marca el comienzo de una nueva era en la moda. Con propuestas que invitan a la reflexi\u00f3n y estimulan la conversaci\u00f3n, Tokio reafirma su estatus como un faro de creatividad que ilumina el camino hacia el futuro. Las piezas que emergen de este evento no son solo ropa; son emblemas de un movimiento hacia un ma\u00f1ana m\u00e1s consciente y expresivo. La curiosidad por lo que vendr\u00e1 sigue creciendo, y el eco de esta pasarela seguramente resonar\u00e1 mucho m\u00e1s all\u00e1 de las fronteras de Jap\u00f3n.<\/p>\n<p><em> &#8221; Fuentes www.vogue.com &#8221; <\/em><\/p>\n","protected":false},"excerpt":{"rendered":"<p>Tokio Primavera 2027: Un Viaje Visual a Trav\u00e9s de la Innovaci\u00f3n en Moda La escena de la moda en Tokio se ha vuelto un punto de referencia en el calendario internacional, y la colecci\u00f3n presentada en la semana de la moda de primavera 2027 ha reafirmado esta posici\u00f3n con una propuesta audaz y visionaria. En [&hellip;]<\/p>\n","protected":false},"author":14,"featured_media":1205778,"comment_status":"open","ping_status":"closed","sticky":false,"template":"","format":"standard","meta":{"om_disable_all_campaigns":false,"jnews-multi-image_gallery":[],"jnews_single_post":[],"jnews_primary_category":[],"jnews_social_meta":[],"footnotes":""},"categories":[144872],"tags":[206480,201505,202046,198542,245420,160469,94447,200339,275124,202806,16991,289802,205701],"class_list":["post-1205777","post","type-post","status-publish","format-standard","has-post-thumbnail","hentry","category-fashion","tag-clothing-line","tag-designer-collection","tag-fashion-collection","tag-fashion-trends","tag-mukcyen","tag-ready-to-wear","tag-runway","tag-runway_review","tag-spring-2027","tag-streetwear","tag-tokyo","tag-tokyo-spring-2027","tag-urban-style"],"_links":{"self":[{"href":"https:\/\/dimensionturistica.com\/es\/wp-json\/wp\/v2\/posts\/1205777","targetHints":{"allow":["GET"]}}],"collection":[{"href":"https:\/\/dimensionturistica.com\/es\/wp-json\/wp\/v2\/posts"}],"about":[{"href":"https:\/\/dimensionturistica.com\/es\/wp-json\/wp\/v2\/types\/post"}],"author":[{"embeddable":true,"href":"https:\/\/dimensionturistica.com\/es\/wp-json\/wp\/v2\/users\/14"}],"replies":[{"embeddable":true,"href":"https:\/\/dimensionturistica.com\/es\/wp-json\/wp\/v2\/comments?post=1205777"}],"version-history":[{"count":1,"href":"https:\/\/dimensionturistica.com\/es\/wp-json\/wp\/v2\/posts\/1205777\/revisions"}],"predecessor-version":[{"id":1205779,"href":"https:\/\/dimensionturistica.com\/es\/wp-json\/wp\/v2\/posts\/1205777\/revisions\/1205779"}],"wp:featuredmedia":[{"embeddable":true,"href":"https:\/\/dimensionturistica.com\/es\/wp-json\/wp\/v2\/media\/1205778"}],"wp:attachment":[{"href":"https:\/\/dimensionturistica.com\/es\/wp-json\/wp\/v2\/media?parent=1205777"}],"wp:term":[{"taxonomy":"category","embeddable":true,"href":"https:\/\/dimensionturistica.com\/es\/wp-json\/wp\/v2\/categories?post=1205777"},{"taxonomy":"post_tag","embeddable":true,"href":"https:\/\/dimensionturistica.com\/es\/wp-json\/wp\/v2\/tags?post=1205777"}],"curies":[{"name":"wp","href":"https:\/\/api.w.org\/{rel}","templated":true}]}}