{"id":1205738,"date":"2026-09-01T12:27:35","date_gmt":"2026-09-01T12:27:35","guid":{"rendered":"https:\/\/dimensionturistica.com\/es\/?p=1205738"},"modified":"2026-09-01T12:27:35","modified_gmt":"2026-09-01T12:27:35","slug":"quien-planifica-los-desplazamientos-de-la-familia-real-asi-se-organiza-la-agenda-de-felipe-vi-y-los-suyos","status":"publish","type":"post","link":"https:\/\/dimensionturistica.com\/es\/quien-planifica-los-desplazamientos-de-la-familia-real-asi-se-organiza-la-agenda-de-felipe-vi-y-los-suyos\/","title":{"rendered":"\u00bfQui\u00e9n planifica los desplazamientos de la familia real? As\u00ed se organiza la agenda de Felipe VI y los suyos."},"content":{"rendered":"<h3>Las Rutas Secretas del Turismo Real: Detr\u00e1s de la Agenda de Felipe VI y su Familia<\/h3>\n<p>En un mundo donde la influencia del turismo se manifiesta tanto en la econom\u00eda como en la cultura, pocos aspectos permanecen tan reservados y fascinantes como los viajes del rey Felipe VI y su familia. Cada viaje real no solo es un desplazamiento; es una proyecci\u00f3n de intereses, tradiciones y diplomacia. La agenda del monarca espa\u00f1ol se convierte as\u00ed en una hoja de ruta que destaca los destinos m\u00e1s representativos y significativos para Espa\u00f1a, al tiempo que refleja los lazos hist\u00f3ricos y contempor\u00e1neos con otros pa\u00edses.<\/p>\n<h4>\u00bfQui\u00e9n orquesta las rutas reales?<\/h4>\n<p>Detr\u00e1s de estos viajes se encuentra un equipo dedicado, que se encarga de planificar meticulosamente cada detalle. Desde su equipo de protocolo hasta asesores diplom\u00e1ticos, cada miembro juega un papel crucial en la organizaci\u00f3n de estas visitas. Cada viaje se construye sobre la base del contexto pol\u00edtico y social, considerando no solo la relevancia del destino, sino tambi\u00e9n el impacto que este tendr\u00e1 en la imagen de la monarqu\u00eda y en las relaciones diplom\u00e1ticas.<\/p>\n<p>La responsabilidad de decidir la agenda no recae solo en Felipe VI. Las sugerencias pueden provenir de diferentes fuentes, incluidas propuestas gubernamentales, iniciativas de los organismos de turismo, y eventos internacionales. Esto convierte cada desplazamiento en una mezcla equilibrada de promoci\u00f3n cultural, apoyo a la industria tur\u00edstica y fortalecimiento de alianzas estrat\u00e9gicas.<\/p>\n<h4>Destinos que marcan la diferencia<\/h4>\n<p>Los viajes de la familia real abarcan una diversidad de lugares que van desde las costas de Espa\u00f1a hasta importantes ciudades de Europa y otros continentes. Este enfoque estrat\u00e9gico tambi\u00e9n se ve reflejado en la selecci\u00f3n de actividades, que incluyen visitas a instituciones internacionales, encuentros con l\u00edderes pol\u00edticos y participaci\u00f3n en eventos culturales.<\/p>\n<p>Por ejemplo, un viaje a un pa\u00eds emergente puede ser una oportunidad ideal para fortalecer la cooperaci\u00f3n econ\u00f3mica, mientras que la visita a una ciudad con la que Espa\u00f1a comparte fuertes lazos hist\u00f3ricos puede servir para conmemorar y revitalizar esos v\u00ednculos. As\u00ed, cada ruta real no solo est\u00e1 dise\u00f1ada para destacar la belleza y riqueza cultural del lugar, sino tambi\u00e9n para dejar una huella positiva en la percepci\u00f3n del pa\u00eds.<\/p>\n<h4>El impacto en el turismo local<\/h4>\n<p>Los viajes reales no son solo eventos diplom\u00e1ticos, sino que tienen un efecto directo en el turismo de las regiones que visitan. La presencia de la familia real atrae la atenci\u00f3n, no solo de los medios de comunicaci\u00f3n, sino tambi\u00e9n de turistas que desean experimentar los lugares que han sido testigos de estos encuentros. As\u00ed, cada visita se traduce en un aumento de interes en la cultura local, en sus tradiciones y, en \u00faltima instancia, en su econom\u00eda.<\/p>\n<p>El turismo real se convierte en un fen\u00f3meno que trasciende las fronteras, abriendo oportunidades para artistas, empresarios y comunidades locales. Las visitas a mercados, museos y festivales culturales no solo ayudan a conservar tradiciones, sino que tambi\u00e9n fomentan un sentido de comunidad y pertenencia.<\/p>\n<h4>Conclusi\u00f3n: Un viaje hacia el futuro<\/h4>\n<p>En la era de la globalizaci\u00f3n, el turismo real se enfrenta al desaf\u00edo de adaptarse a un mundo cambiante. Las nuevas generaciones demandan experiencias aut\u00e9nticas y significativas, y las agendas de los miembros de la familia real reflejan esta necesidad. A medida que Felipe VI y su familia contin\u00faan su traves\u00eda, ser\u00e1 interesante observar c\u00f3mo sus viajes se adaptan para seguir conectando con un p\u00fablico que busca no solo escapar de su rutina, sino descubrir las historias que dan forma a sus destinos.<\/p>\n<p>As\u00ed, cada paso de la monarqu\u00eda se convierte en un s\u00edmbolo de progreso, apertura y conexi\u00f3n, dejando claro que la historia, el turismo y la cultura siguen entrelazados en cada rinc\u00f3n de este hermoso pa\u00eds llamado Espa\u00f1a.<\/p>\n<p><em> &#8221; Fuentes www.20minutos.es &#8221; <\/em><\/p>\n","protected":false},"excerpt":{"rendered":"<p>Las Rutas Secretas del Turismo Real: Detr\u00e1s de la Agenda de Felipe VI y su Familia En un mundo donde la influencia del turismo se manifiesta tanto en la econom\u00eda como en la cultura, pocos aspectos permanecen tan reservados y fascinantes como los viajes del rey Felipe VI y su familia. Cada viaje real no [&hellip;]<\/p>\n","protected":false},"author":4,"featured_media":1205739,"comment_status":"open","ping_status":"closed","sticky":false,"template":"","format":"standard","meta":{"om_disable_all_campaigns":false,"jnews-multi-image_gallery":[],"jnews_single_post":[],"jnews_primary_category":[],"jnews_social_meta":[],"footnotes":""},"categories":[39],"tags":[871,11928,6142,770,183594,11929,11930,9267,2715,546,1929,9021,59745,194403,545],"class_list":["post-1205738","post","type-post","status-publish","format-standard","has-post-thumbnail","hentry","category-viajes","tag-agenda","tag-casa-real","tag-ceuta","tag-espana","tag-eventos-oficiales","tag-familia-real","tag-felipe-vi","tag-monarquia","tag-pedro-sanchez","tag-politica","tag-protocolo","tag-rey","tag-rey-felipe-vi","tag-seo20","tag-viajes"],"_links":{"self":[{"href":"https:\/\/dimensionturistica.com\/es\/wp-json\/wp\/v2\/posts\/1205738","targetHints":{"allow":["GET"]}}],"collection":[{"href":"https:\/\/dimensionturistica.com\/es\/wp-json\/wp\/v2\/posts"}],"about":[{"href":"https:\/\/dimensionturistica.com\/es\/wp-json\/wp\/v2\/types\/post"}],"author":[{"embeddable":true,"href":"https:\/\/dimensionturistica.com\/es\/wp-json\/wp\/v2\/users\/4"}],"replies":[{"embeddable":true,"href":"https:\/\/dimensionturistica.com\/es\/wp-json\/wp\/v2\/comments?post=1205738"}],"version-history":[{"count":1,"href":"https:\/\/dimensionturistica.com\/es\/wp-json\/wp\/v2\/posts\/1205738\/revisions"}],"predecessor-version":[{"id":1205740,"href":"https:\/\/dimensionturistica.com\/es\/wp-json\/wp\/v2\/posts\/1205738\/revisions\/1205740"}],"wp:featuredmedia":[{"embeddable":true,"href":"https:\/\/dimensionturistica.com\/es\/wp-json\/wp\/v2\/media\/1205739"}],"wp:attachment":[{"href":"https:\/\/dimensionturistica.com\/es\/wp-json\/wp\/v2\/media?parent=1205738"}],"wp:term":[{"taxonomy":"category","embeddable":true,"href":"https:\/\/dimensionturistica.com\/es\/wp-json\/wp\/v2\/categories?post=1205738"},{"taxonomy":"post_tag","embeddable":true,"href":"https:\/\/dimensionturistica.com\/es\/wp-json\/wp\/v2\/tags?post=1205738"}],"curies":[{"name":"wp","href":"https:\/\/api.w.org\/{rel}","templated":true}]}}