{"id":1205729,"date":"2026-09-01T11:43:36","date_gmt":"2026-09-01T11:43:36","guid":{"rendered":"https:\/\/dimensionturistica.com\/es\/?p=1205729"},"modified":"2026-09-01T11:43:36","modified_gmt":"2026-09-01T11:43:36","slug":"la-diplomacia-del-vaticano-y-los-desplazamientos-del-papa","status":"publish","type":"post","link":"https:\/\/dimensionturistica.com\/es\/la-diplomacia-del-vaticano-y-los-desplazamientos-del-papa\/","title":{"rendered":"La diplomacia del Vaticano y los desplazamientos del Papa"},"content":{"rendered":"<p><strong>El Papel del Turismo Religioso en la Pol\u00edtica Vaticana<\/strong><\/p>\n<p>El turismo religioso es uno de los rostros m\u00e1s fascinantes de la industria viajera, y su v\u00ednculo con la pol\u00edtica vaticana agrega una capa de complejidad y encanto a la experiencia de millones de peregrinos y turistas que se desplazan hacia el coraz\u00f3n de la fe cat\u00f3lica. Viajando a trav\u00e9s de la historia, la relaci\u00f3n entre el papado y los viajes ha ido evolucionando, convirti\u00e9ndose en un fen\u00f3meno que trasciende lo espiritual para tocar aspectos geopol\u00edticos y socioculturales.<\/p>\n<p>Cada vez que un papa se embarca en un viaje, no solo se traslada de un lugar a otro; lleva consigo un mensaje que busca conectar con fieles, dialogar con l\u00edderes mundiales y, a menudo, abordar cuestiones sociales y pol\u00edticas de relevancia global. El movimiento papal no es simple cuesti\u00f3n de religi\u00f3n; es una herramienta de influencia que, en su esencia, puede afectar incluso relaciones internacionales y fomentar la paz entre naciones.<\/p>\n<p>El Vaticano, un microestado reconocido por su singularidad, ha sabido entender el impacto que tienen estas visitas en la percepci\u00f3n global del catolicismo. Los viajes papales a menudo se convierten en eventos medi\u00e1ticos que atraen la atenci\u00f3n del mundo entero. Desde el encuentro con comunidades vulnerables hasta la participaci\u00f3n en foros interreligiosos, cada paso que da un papa tinie\u0301ndose en la traves\u00eda de sus fieles, es una declaraci\u00f3n de intenciones.<\/p>\n<p>Las sedes que elige el Vaticano para sus viajes no son casuales. A menudo son lugares que han sufrido crisis o han sido escenarios de violencia y conflicto, reflejando el deseo del Santo Padre de ser un agente de reconciliaci\u00f3n. Por ejemplo, sus visitas a pa\u00edses desgarrados por guerras, como Irak o Sud\u00e1n del Sur, demuestran un compromiso con la paz y la justicia social, resonando en la conciencia colectiva de los que veneran su figura.<\/p>\n<p>Adem\u00e1s, el turismo religioso atrae a personas de diferentes trasfondos, lo que favorece el entendimiento intercultural. Las misas al aire libre y los encuentros en plazas p\u00fablicas se convierten en espacios de unidad, donde miles de personas se congregan con un mismo prop\u00f3sito, sin importar sus diferencias \u00e9tnicas o nacionales. Este fen\u00f3meno no solo impacta a los asistentes, sino que tambi\u00e9n deja una huella econ\u00f3mica significativa en las ciudades que reciben al papa, reavivando el comercio local y produciendo un efecto multiplicador en la econom\u00eda del lugar.<\/p>\n<p>Sin embargo, los viajes del papa tambi\u00e9n disipan interrogantes sobre la globalizaci\u00f3n y los temas contempor\u00e1neos que enfrenta la humanidad. Desde el cuidado del medio ambiente hasta los derechos humanos, cada discurso es un recordatorio de que la esfera espiritual est\u00e1 intr\u00ednsecamente ligada a los problemas cotidianos de la sociedad. En este sentido, el turismo religioso se convierte en una plataforma para la discusi\u00f3n de temas relevantes que no pueden ser ignorados por la comunidad internacional.<\/p>\n<p>La pol\u00edtica vaticana en relaci\u00f3n con el turismo no se limita a las visitas papales. La promoci\u00f3n de lugares santos, como Jerusal\u00e9n, Santiago de Compostela o Roma, tambi\u00e9n forma parte de una estrategia m\u00e1s amplia para incentivar el turismo religioso y fomentar el di\u00e1logo entre culturas. Cada peregrinaci\u00f3n a estos destinos sirve como un recordatorio del poder del viaje no solo para renovar el esp\u00edritu, sino tambi\u00e9n para abrir caminos hacia la paz y el entendimiento.<\/p>\n<p>En conclusi\u00f3n, el turismo religioso bajo la influencia del papado es un fen\u00f3meno multifac\u00e9tico que va m\u00e1s all\u00e1 de la fe. Es un viaje de descubrimiento, no solo espiritual, sino tambi\u00e9n pol\u00edtico y sociocultural. Al unir a personas de diferentes rincones del mundo en torno a una causa com\u00fan, los viajes papales se convierten en un faro de esperanza y unidad en tiempos de incertidumbre. Cada vez que un papa se pone en marcha, se inicia un nuevo cap\u00edtulo en la historia de la fe y la humanidad, una invitaci\u00f3n a explorar la conexi\u00f3n entre nuestros destinos y la lucha por un mundo m\u00e1s pac\u00edfico.<\/p>\n<p><em> &#8221; Fuentes www.eluniversal.com.mx &#8221; <\/em><\/p>\n","protected":false},"excerpt":{"rendered":"<p>El Papel del Turismo Religioso en la Pol\u00edtica Vaticana El turismo religioso es uno de los rostros m\u00e1s fascinantes de la industria viajera, y su v\u00ednculo con la pol\u00edtica vaticana agrega una capa de complejidad y encanto a la experiencia de millones de peregrinos y turistas que se desplazan hacia el coraz\u00f3n de la fe [&hellip;]<\/p>\n","protected":false},"author":4,"featured_media":1205730,"comment_status":"open","ping_status":"closed","sticky":false,"template":"","format":"standard","meta":{"om_disable_all_campaigns":false,"jnews-multi-image_gallery":[],"jnews_single_post":[],"jnews_primary_category":[],"jnews_social_meta":[],"footnotes":""},"categories":[39],"tags":[255387,44799,296288,113954,17983,296286,296284,296285,220014,296287,467,3422,13855],"class_list":["post-1205729","post","type-post","status-publish","format-standard","has-post-thumbnail","hentry","category-viajes","tag-cultura-religiosa","tag-diplomacia","tag-elio-masferrer","tag-geopolitica","tag-iglesia-catolica","tag-iglesia-en-el-gobierno-socialista","tag-iglesia-y-politica","tag-la-importancia-de-la-iglesia-en-la-politica","tag-liderazgo-religioso","tag-politica-vaticana","tag-religion","tag-vaticano","tag-viajes-papales"],"_links":{"self":[{"href":"https:\/\/dimensionturistica.com\/es\/wp-json\/wp\/v2\/posts\/1205729","targetHints":{"allow":["GET"]}}],"collection":[{"href":"https:\/\/dimensionturistica.com\/es\/wp-json\/wp\/v2\/posts"}],"about":[{"href":"https:\/\/dimensionturistica.com\/es\/wp-json\/wp\/v2\/types\/post"}],"author":[{"embeddable":true,"href":"https:\/\/dimensionturistica.com\/es\/wp-json\/wp\/v2\/users\/4"}],"replies":[{"embeddable":true,"href":"https:\/\/dimensionturistica.com\/es\/wp-json\/wp\/v2\/comments?post=1205729"}],"version-history":[{"count":1,"href":"https:\/\/dimensionturistica.com\/es\/wp-json\/wp\/v2\/posts\/1205729\/revisions"}],"predecessor-version":[{"id":1205731,"href":"https:\/\/dimensionturistica.com\/es\/wp-json\/wp\/v2\/posts\/1205729\/revisions\/1205731"}],"wp:featuredmedia":[{"embeddable":true,"href":"https:\/\/dimensionturistica.com\/es\/wp-json\/wp\/v2\/media\/1205730"}],"wp:attachment":[{"href":"https:\/\/dimensionturistica.com\/es\/wp-json\/wp\/v2\/media?parent=1205729"}],"wp:term":[{"taxonomy":"category","embeddable":true,"href":"https:\/\/dimensionturistica.com\/es\/wp-json\/wp\/v2\/categories?post=1205729"},{"taxonomy":"post_tag","embeddable":true,"href":"https:\/\/dimensionturistica.com\/es\/wp-json\/wp\/v2\/tags?post=1205729"}],"curies":[{"name":"wp","href":"https:\/\/api.w.org\/{rel}","templated":true}]}}