{"id":1205726,"date":"2026-09-01T11:13:25","date_gmt":"2026-09-01T11:13:25","guid":{"rendered":"https:\/\/dimensionturistica.com\/es\/?p=1205726"},"modified":"2026-09-01T11:13:25","modified_gmt":"2026-09-01T11:13:25","slug":"la-politica-de-la-moda-en-el-debut-de-pieter-mulier-en-versace-con-nicole-kidman","status":"publish","type":"post","link":"https:\/\/dimensionturistica.com\/es\/la-politica-de-la-moda-en-el-debut-de-pieter-mulier-en-versace-con-nicole-kidman\/","title":{"rendered":"La Pol\u00edtica de la Moda en el Debut de Pieter Mulier en Versace con Nicole Kidman"},"content":{"rendered":"<p>En el siempre cambiante mundo de la moda, hay momentos que marcan la pauta, elevando la creatividad a nuevas alturas. Uno de estos momentos se vivi\u00f3 recientemente durante un evento donde la aclamada actriz Nicole Kidman fue el centro de atenci\u00f3n, deslumbrando a todos con un vestido de la ic\u00f3nica casa de moda Versace. La ocasi\u00f3n no solo celebraba la est\u00e9tica contempor\u00e1nea, sino que tambi\u00e9n destacaba la maestr\u00eda del nuevo director creativo de la firma, Pieter Mulier.<\/p>\n<p>Nicole, un verdadero \u00edcono del estilo, llev\u00f3 un vestido que resonaba con la audacia y la sofisticaci\u00f3n que caracterizan a Versace. Con un dise\u00f1o que jugaba con la estructura y la fluididez, el vestido encapsulaba a la perfecci\u00f3n la esencia de la marca: una fusi\u00f3n de sensualidad y elegancia. La elecci\u00f3n de colores vibrantes y detalles arquitect\u00f3nicos permiti\u00f3 que la prenda se convirtiera en una obra de arte en movimiento, reflejando la personalidad audaz de quien lo porta.<\/p>\n<p>Pieter Mulier, en su rol como director creativo, ha estado revitalizando la marca con un enfoque fresco pero fiel a sus ra\u00edces. Su capacidad para reinterpretar las cl\u00e1sicas siluetas de Versace a trav\u00e9s de un prisma moderno ha sido objeto de admiraci\u00f3n en la industria. Al incorporar elementos de vanguardia y t\u00e9cnicas innovadoras, Mulier ha conseguido atraer tanto a los fervientes seguidores de la marca como a las nuevas generaciones que buscan autenticidad y refresco en sus elecciones de moda.<\/p>\n<p>La simbiosis entre Kidman y Mulier es un reflejo de una nueva era en el dise\u00f1o de moda, donde la celebridad no solo viste la moda, sino que tambi\u00e9n se convierte en un veh\u00edculo para la visi\u00f3n creativa del dise\u00f1ador. En este contexto, cada aparici\u00f3n p\u00fablica se transforma en una pasarela que permite explorar y desafiar los l\u00edmites del estilo contempor\u00e1neo.<\/p>\n<p>El evento que reuni\u00f3 a estas dos figuras emblem\u00e1ticas no solo destac\u00f3 el trabajo de Mulier, sino que tambi\u00e9n enfatiz\u00f3 la relevancia de la moda como un medio de expresi\u00f3n cultural. La manera en que el vestido flu\u00eda, combinando texturas e innovaciones t\u00e9cnicas, trajo a la mente el potencial de la moda para contar historias y tocar vidas. Es, sin lugar a dudas, un momento que ser\u00e1 recordado por su impacto en la narrativa del dise\u00f1o.<\/p>\n<p>Mientras la industria de la moda se enfrenta a desaf\u00edos constantes, momentos como este refuerzan la idea de que la creatividad y la innovaci\u00f3n son esenciales para su evoluci\u00f3n. Las elecciones estil\u00edsticas de figuras como Nicole Kidman y la visi\u00f3n de dise\u00f1adores como Pieter Mulier contin\u00faan delineando el claro futuro de una moda que no solo se ve, sino que tambi\u00e9n se siente y se vive.<\/p>\n<p>Las redes sociales han sido testigos de la explosi\u00f3n de reacciones tras la aparici\u00f3n de Kidman en este evento. La conexi\u00f3n emocional que la moda puede generar es innegable, y la rapidez con la que se distribuyen estas im\u00e1genes a trav\u00e9s de plataformas digitales resalta la relevancia de la moda en el discurso contempor\u00e1neo. La comunidad de aficionados a la moda ha encontrado en este momento una nueva forma de conectar, compartir y celebrar la audacia y la belleza presentes en la creaci\u00f3n de Mulier.<\/p>\n<p>Sin duda, esta fusi\u00f3n de talento y estilo nos recuerda que la moda es un reflejo de nuestra cultura, un medio para transmitir mensajes y, sobre todo, una forma de arte que nunca deja de evolucionar. Con cada nuevo dise\u00f1o, se abre un horizonte lleno de posibilidades, y el impacto de este encuentro entre Nicole Kidman y Pieter Mulier es solo el comienzo de una historia de innovaci\u00f3n y estilo que seguir\u00e1 sorprendiendo al mundo.<\/p>\n<p><em> &#8221; Fuentes www.vogue.com &#8221; <\/em><\/p>\n","protected":false},"excerpt":{"rendered":"<p>En el siempre cambiante mundo de la moda, hay momentos que marcan la pauta, elevando la creatividad a nuevas alturas. Uno de estos momentos se vivi\u00f3 recientemente durante un evento donde la aclamada actriz Nicole Kidman fue el centro de atenci\u00f3n, deslumbrando a todos con un vestido de la ic\u00f3nica casa de moda Versace. La [&hellip;]<\/p>\n","protected":false},"author":14,"featured_media":1205727,"comment_status":"open","ping_status":"closed","sticky":false,"template":"","format":"standard","meta":{"om_disable_all_campaigns":false,"jnews-multi-image_gallery":[],"jnews_single_post":[],"jnews_primary_category":[],"jnews_social_meta":[],"footnotes":""},"categories":[144872],"tags":[237,41441,166,127523,192704,201216,265931,190,372,18068],"class_list":["post-1205726","post","type-post","status-publish","format-standard","has-post-thumbnail","hentry","category-fashion","tag-celebrity","tag-debut","tag-fashion","tag-fashion-industry","tag-haute-couture","tag-nicole-kidman","tag-pieter-mulier","tag-politics","tag-style","tag-versace"],"_links":{"self":[{"href":"https:\/\/dimensionturistica.com\/es\/wp-json\/wp\/v2\/posts\/1205726","targetHints":{"allow":["GET"]}}],"collection":[{"href":"https:\/\/dimensionturistica.com\/es\/wp-json\/wp\/v2\/posts"}],"about":[{"href":"https:\/\/dimensionturistica.com\/es\/wp-json\/wp\/v2\/types\/post"}],"author":[{"embeddable":true,"href":"https:\/\/dimensionturistica.com\/es\/wp-json\/wp\/v2\/users\/14"}],"replies":[{"embeddable":true,"href":"https:\/\/dimensionturistica.com\/es\/wp-json\/wp\/v2\/comments?post=1205726"}],"version-history":[{"count":1,"href":"https:\/\/dimensionturistica.com\/es\/wp-json\/wp\/v2\/posts\/1205726\/revisions"}],"predecessor-version":[{"id":1205728,"href":"https:\/\/dimensionturistica.com\/es\/wp-json\/wp\/v2\/posts\/1205726\/revisions\/1205728"}],"wp:featuredmedia":[{"embeddable":true,"href":"https:\/\/dimensionturistica.com\/es\/wp-json\/wp\/v2\/media\/1205727"}],"wp:attachment":[{"href":"https:\/\/dimensionturistica.com\/es\/wp-json\/wp\/v2\/media?parent=1205726"}],"wp:term":[{"taxonomy":"category","embeddable":true,"href":"https:\/\/dimensionturistica.com\/es\/wp-json\/wp\/v2\/categories?post=1205726"},{"taxonomy":"post_tag","embeddable":true,"href":"https:\/\/dimensionturistica.com\/es\/wp-json\/wp\/v2\/tags?post=1205726"}],"curies":[{"name":"wp","href":"https:\/\/api.w.org\/{rel}","templated":true}]}}