{"id":1205720,"date":"2026-09-01T11:00:35","date_gmt":"2026-09-01T11:00:35","guid":{"rendered":"https:\/\/dimensionturistica.com\/es\/?p=1205720"},"modified":"2026-09-01T11:00:35","modified_gmt":"2026-09-01T11:00:35","slug":"la-prestigiosa-elite-africana-del-turismo-y-viajes-recibio-un-reconocimiento-en-diamonds-bijoux-zanzibar","status":"publish","type":"post","link":"https:\/\/dimensionturistica.com\/es\/la-prestigiosa-elite-africana-del-turismo-y-viajes-recibio-un-reconocimiento-en-diamonds-bijoux-zanzibar\/","title":{"rendered":"La prestigiosa \u00e9lite africana del turismo y viajes recibi\u00f3 un reconocimiento en Diamonds Bijoux Zanz\u00edbar."},"content":{"rendered":"<p><strong>La Celebraci\u00f3n de la Excelencia en el Turismo Africano<\/strong><\/p>\n<p>\u00c1frica, un continente rico en biodiversidad y cultura, se ha convertido en un destino tur\u00edstico de creciente inter\u00e9s a nivel mundial. En este contexto, la recente gala celebrada en Senegal ha reconocido a las figuras m\u00e1s destacadas del sector de viajes y turismo, destacando no solo su dedicaci\u00f3n y esfuerzo, sino tambi\u00e9n el impacto positivo que su trabajo genera en las comunidades locales y en la econom\u00eda regional.<\/p>\n<p>El evento, que reuni\u00f3 a importantes representantes del turismo africano, sirvi\u00f3 como un homenaje a aquellos profesionales que han demostrado un compromiso excepcional. Desde gu\u00edas de safari hasta responsables de grandes cadenas hoteleras, cada uno de los homenajeados ha contribuido a elevar la calidad del servicio en el sector y a promover una imagen positiva de \u00c1frica como destino tur\u00edstico.<\/p>\n<p>Uno de los aspectos m\u00e1s destacados de esta celebraci\u00f3n fue la puesta en valor de iniciativas sostenibles. En un momento en que el turismo enfrenta desaf\u00edos ambientales significativos, se aplaudieron las pr\u00e1cticas que fomentan la conservaci\u00f3n de la naturaleza y la protecci\u00f3n del patrimonio cultural. Estas iniciativas no solo atraen a viajeros conscientes y responsables, sino que tambi\u00e9n preservan el legado para futuras generaciones.<\/p>\n<p>A medida que el continente abre sus puertas al mundo, se hace evidente que el turismo va m\u00e1s all\u00e1 de simples transacciones econ\u00f3micas. Cada viaje es una oportunidad para el intercambio cultural, el respeto mutuo y el enriquecimiento personal. Las experiencias compartidas entre los visitantes y las comunidades locales son fundamentales para construir un futuro inclusivo y sostenible.<\/p>\n<p>La gala en Senegal no solo celebr\u00f3 a los l\u00edderes del sector, sino que tambi\u00e9n ofreci\u00f3 un espacio para el networking y la colaboraci\u00f3n. Las alianzas formadas durante este evento son cruciales para enfrentar los retos futuros, desde la mejora de infraestructuras hasta el desarrollo de programas de formaci\u00f3n profesional para el personal en la industria tur\u00edstica.<\/p>\n<p>En un mundo donde el turismo debe adaptarse a las nuevas din\u00e1micas y expectativas, la resiliencia del sector en \u00c1frica se convierte en un ejemplo a seguir. Estas premiaciones son un recordatorio de que detr\u00e1s de cada viaje hay historias de esfuerzo, dedicaci\u00f3n y pasi\u00f3n por el servicio.<\/p>\n<p>Para los viajeros que buscan experiencias aut\u00e9nticas y responsables, Africa presenta un abanico de posibilidades que van desde safaris en el Serengeti hasta retiros espirituales en el Sahara. La rica historia, la diversidad de paisajes y la calidez de su gente son razones m\u00e1s que suficientes para visitar y explorar este continente fascinante.<\/p>\n<p>El futuro del turismo en \u00c1frica se vislumbra brillante, y con la dedicaci\u00f3n de sus l\u00edderes y profesionales, estamos ante un momento crucial para que el continente se posicione como un jugador destacado en la industria global de viajes. Viajar a \u00c1frica no solo es un placer, sino tambi\u00e9n un acto de apoyo a una comunidad que trabaja incansablemente por su progreso y desarrollo. \u00a1Es hora de descubrir, experimentar y celebrar la esencia \u00fanica de \u00c1frica!<\/p>\n<p><em> &#8221; Fuentes www.expreso.info &#8221; <\/em><\/p>\n","protected":false},"excerpt":{"rendered":"<p>La Celebraci\u00f3n de la Excelencia en el Turismo Africano \u00c1frica, un continente rico en biodiversidad y cultura, se ha convertido en un destino tur\u00edstico de creciente inter\u00e9s a nivel mundial. En este contexto, la recente gala celebrada en Senegal ha reconocido a las figuras m\u00e1s destacadas del sector de viajes y turismo, destacando no solo [&hellip;]<\/p>\n","protected":false},"author":4,"featured_media":1205721,"comment_status":"open","ping_status":"closed","sticky":false,"template":"","format":"standard","meta":{"om_disable_all_campaigns":false,"jnews-multi-image_gallery":[],"jnews_single_post":[],"jnews_primary_category":[],"jnews_social_meta":[],"footnotes":""},"categories":[39],"tags":[2408,662,5515,245306,724,46026,1453,544,545,62104],"class_list":["post-1205720","post","type-post","status-publish","format-standard","has-post-thumbnail","hentry","category-viajes","tag-africa","tag-cultura","tag-diamantes","tag-elites","tag-eventos","tag-homenaje","tag-industria-del-turismo","tag-turismo","tag-viajes","tag-zanzibar"],"_links":{"self":[{"href":"https:\/\/dimensionturistica.com\/es\/wp-json\/wp\/v2\/posts\/1205720","targetHints":{"allow":["GET"]}}],"collection":[{"href":"https:\/\/dimensionturistica.com\/es\/wp-json\/wp\/v2\/posts"}],"about":[{"href":"https:\/\/dimensionturistica.com\/es\/wp-json\/wp\/v2\/types\/post"}],"author":[{"embeddable":true,"href":"https:\/\/dimensionturistica.com\/es\/wp-json\/wp\/v2\/users\/4"}],"replies":[{"embeddable":true,"href":"https:\/\/dimensionturistica.com\/es\/wp-json\/wp\/v2\/comments?post=1205720"}],"version-history":[{"count":1,"href":"https:\/\/dimensionturistica.com\/es\/wp-json\/wp\/v2\/posts\/1205720\/revisions"}],"predecessor-version":[{"id":1205722,"href":"https:\/\/dimensionturistica.com\/es\/wp-json\/wp\/v2\/posts\/1205720\/revisions\/1205722"}],"wp:featuredmedia":[{"embeddable":true,"href":"https:\/\/dimensionturistica.com\/es\/wp-json\/wp\/v2\/media\/1205721"}],"wp:attachment":[{"href":"https:\/\/dimensionturistica.com\/es\/wp-json\/wp\/v2\/media?parent=1205720"}],"wp:term":[{"taxonomy":"category","embeddable":true,"href":"https:\/\/dimensionturistica.com\/es\/wp-json\/wp\/v2\/categories?post=1205720"},{"taxonomy":"post_tag","embeddable":true,"href":"https:\/\/dimensionturistica.com\/es\/wp-json\/wp\/v2\/tags?post=1205720"}],"curies":[{"name":"wp","href":"https:\/\/api.w.org\/{rel}","templated":true}]}}