{"id":1205682,"date":"2026-09-01T08:38:37","date_gmt":"2026-09-01T08:38:37","guid":{"rendered":"https:\/\/dimensionturistica.com\/es\/?p=1205682"},"modified":"2026-09-01T08:38:37","modified_gmt":"2026-09-01T08:38:37","slug":"desde-los-archivos-brad-johns-el-maestro-del-color","status":"publish","type":"post","link":"https:\/\/dimensionturistica.com\/es\/desde-los-archivos-brad-johns-el-maestro-del-color\/","title":{"rendered":"Desde los Archivos: Brad Johns, el Maestro del Color"},"content":{"rendered":"<p><strong>El Rey del Color: Una Mirada a la Revoluci\u00f3n Est\u00e9tica en la Moda<\/strong><\/p>\n<p>El mundo de la moda est\u00e1 repleto de innovaciones que definen \u00e9pocas y estilos, pero pocas figuras han logrado dejar una huella tan imborrable como la de un destacado colorista cuyo enfoque rompi\u00f3 moldes. Su trabajo, que fusiona la creatividad y la t\u00e9cnica en una paleta vibrante, ha transformado la manera en que percibimos los colores en el vestuario y, en consecuencia, ha influenciado la est\u00e9tica contempor\u00e1nea del siglo XXI.<\/p>\n<p>Desde la primera aparici\u00f3n de este innovador en la escena, su visi\u00f3n \u00fanica sobre el color ha retado las convenciones y ha inspirado a innumerables dise\u00f1adores en todo el mundo. Este artista no solo aplica colores a las telas, sino que crea experiencias visuales que cuentan historias. Cada elecci\u00f3n de matiz y cada combinaci\u00f3n se convierte en un manifesto de emociones y sensaciones. Las pasarelas se han convertido en lienzos donde sus intuiciones est\u00e9ticas cobran vida, subvirtiendo estereotipos y explorando la psicolog\u00eda detr\u00e1s de nuestras elecciones de vestimenta.<\/p>\n<p>Un aspecto fascinante de su trabajo es la forma en que ha convertido el color en un lenguaje universal. Desde la luminosidad de los tonos ne\u00f3n hasta la sutileza de las paletas pastel, cada temporada sus propuestas han generado conversaciones sobre la identidad y la autoexpresi\u00f3n. Al introducir tonalidades inesperadas y atrevidas, ha alentado a los consumidores a desafiar sus propias percepciones sobre el qu\u00e9 y el c\u00f3mo vestirse. Esta audaz experimentaci\u00f3n ha tenido un impacto crucial en la democratizaci\u00f3n de la moda, empoderando a las personas a explorar su individualidad sin reservas.<\/p>\n<p>Adem\u00e1s, su colaboraci\u00f3n con casas de moda de renombre ha revolucionado las colecciones, aportando un aire fresco y una nueva dimensi\u00f3n a las temporadas. Las elecciones de color no son meramente decorativas, sino impulsos estrat\u00e9gicos que enmarcan tendencias y establecen patrones de consumo. Su influencia se siente en cada rinc\u00f3n, desde las grandes marcas de lujo hasta los boutiques emergentes que buscan destacarse en un mercado saturado.<\/p>\n<p>Es interesante observar c\u00f3mo el enfoque de este visionario tambi\u00e9n ha propiciado un cambio en la percepci\u00f3n del color en la moda sostenible. Con un creciente inter\u00e9s por la \u00e9tica en la industria, la relaci\u00f3n entre los colores y los materiales se vuelve cada vez m\u00e1s relevante. Este artista ha demostrado que es posible crear piezas vibrantes y atractivas sin comprometer los valores de sostenibilidad. Al hacerlo, no solo impulsa el respeto por el medio ambiente, sino que ofrece una nueva forma de apreciar la elegancia contempor\u00e1nea.<\/p>\n<p>La combinaci\u00f3n de su pasi\u00f3n, destreza y visi\u00f3n \u00fanica ha llevado a que muchos lo consideren un verdadero maestro en su campo. En un momento en que la moda enfrenta desaf\u00edos como la saturaci\u00f3n del mercado y la b\u00fasqueda de la autenticidad, su legado se mantiene como un faro de inspiraci\u00f3n. Las nuevas generaciones de dise\u00f1adores encuentran en su obra un modelo a seguir y una invitaci\u00f3n a experimentar con el color de manera audaz y consciente.<\/p>\n<p>A medida que la industria de la moda avanza, es crucial recordar la importancia del color como un elemento transformador. Este pionero nos ense\u00f1a que, en la intersecci\u00f3n del arte y la moda, cada tono tiene el poder de contar una historia, de evocar sentimientos y de unir a las personas a trav\u00e9s de la est\u00e9tica. Con cada nueva temporada, la moda contin\u00faa evolucionando, y el legado de este colorista persiste, invitando a todos a celebrar la diversidad y la riqueza del color en nuestras vidas.<\/p>\n<p><em> &#8221; Fuentes www.vogue.com &#8221; <\/em><\/p>\n","protected":false},"excerpt":{"rendered":"<p>El Rey del Color: Una Mirada a la Revoluci\u00f3n Est\u00e9tica en la Moda El mundo de la moda est\u00e1 repleto de innovaciones que definen \u00e9pocas y estilos, pero pocas figuras han logrado dejar una huella tan imborrable como la de un destacado colorista cuyo enfoque rompi\u00f3 moldes. Su trabajo, que fusiona la creatividad y la [&hellip;]<\/p>\n","protected":false},"author":14,"featured_media":1205683,"comment_status":"open","ping_status":"closed","sticky":false,"template":"","format":"standard","meta":{"om_disable_all_campaigns":false,"jnews-multi-image_gallery":[],"jnews_single_post":[],"jnews_primary_category":[],"jnews_social_meta":[],"footnotes":""},"categories":[144872],"tags":[99723,640,296269,296270,203331,98945,29821,201208,28421,92791],"class_list":["post-1205682","post","type-post","status-publish","format-standard","has-post-thumbnail","hentry","category-fashion","tag-archives","tag-art","tag-brad-johns","tag-color-czar","tag-color-theory","tag-creativity","tag-design","tag-from-the-archives","tag-history","tag-interviews"],"_links":{"self":[{"href":"https:\/\/dimensionturistica.com\/es\/wp-json\/wp\/v2\/posts\/1205682","targetHints":{"allow":["GET"]}}],"collection":[{"href":"https:\/\/dimensionturistica.com\/es\/wp-json\/wp\/v2\/posts"}],"about":[{"href":"https:\/\/dimensionturistica.com\/es\/wp-json\/wp\/v2\/types\/post"}],"author":[{"embeddable":true,"href":"https:\/\/dimensionturistica.com\/es\/wp-json\/wp\/v2\/users\/14"}],"replies":[{"embeddable":true,"href":"https:\/\/dimensionturistica.com\/es\/wp-json\/wp\/v2\/comments?post=1205682"}],"version-history":[{"count":1,"href":"https:\/\/dimensionturistica.com\/es\/wp-json\/wp\/v2\/posts\/1205682\/revisions"}],"predecessor-version":[{"id":1205684,"href":"https:\/\/dimensionturistica.com\/es\/wp-json\/wp\/v2\/posts\/1205682\/revisions\/1205684"}],"wp:featuredmedia":[{"embeddable":true,"href":"https:\/\/dimensionturistica.com\/es\/wp-json\/wp\/v2\/media\/1205683"}],"wp:attachment":[{"href":"https:\/\/dimensionturistica.com\/es\/wp-json\/wp\/v2\/media?parent=1205682"}],"wp:term":[{"taxonomy":"category","embeddable":true,"href":"https:\/\/dimensionturistica.com\/es\/wp-json\/wp\/v2\/categories?post=1205682"},{"taxonomy":"post_tag","embeddable":true,"href":"https:\/\/dimensionturistica.com\/es\/wp-json\/wp\/v2\/tags?post=1205682"}],"curies":[{"name":"wp","href":"https:\/\/api.w.org\/{rel}","templated":true}]}}