{"id":1205668,"date":"2026-09-01T07:47:20","date_gmt":"2026-09-01T07:47:20","guid":{"rendered":"https:\/\/dimensionturistica.com\/es\/?p=1205668"},"modified":"2026-09-01T07:47:20","modified_gmt":"2026-09-01T07:47:20","slug":"coleccion-otono-2026-pret-a-porter-de-emilio-pucci-elegancia-y-estilo-en-cada-detalle","status":"publish","type":"post","link":"https:\/\/dimensionturistica.com\/es\/coleccion-otono-2026-pret-a-porter-de-emilio-pucci-elegancia-y-estilo-en-cada-detalle\/","title":{"rendered":"Colecci\u00f3n Oto\u00f1o 2026 Pr\u00eat-\u00e0-Porter de Emilio Pucci: Elegancia y Estilo en Cada Detalle"},"content":{"rendered":"<p><strong>La Elegancia Atrevida: Emilio Pucci y su Oto\u00f1o-Invierno 2026<\/strong><\/p>\n<p>El mundo de la moda se encuentra en constante evoluci\u00f3n, transform\u00e1ndose con cada temporada y mostrando una visi\u00f3n fresca y cautivadora de lo que vendr\u00e1. En este contexto, Emilio Pucci permanece como un sello de elegancia y audacia, y su \u00faltima colecci\u00f3n para Oto\u00f1o-Invierno 2026 reafirma su lugar en la pasarela de la vanguardia estil\u00edstica.<\/p>\n<p>Las propuestas de la maison italiana revelan un di\u00e1logo fascinante entre la tradici\u00f3n y la innovaci\u00f3n. Esta colecci\u00f3n rinde homenaje a su legado de prints vibrantes, pero los aborda desde una perspectiva contempor\u00e1nea que apela a los sentidos. Cada pieza es un tributo a la originalidad, un recordatorio de que el estilo no solo se trata de la apariencia, sino de la historia que se cuenta a trav\u00e9s de la tela.<\/p>\n<p>Uno de los elementos m\u00e1s destacados es la paleta de colores, que desaf\u00eda las convenciones estacionales. Los tonos profundos y ricos se mezclan con matices brillantes, creando un espect\u00e1culo visual que invita a la exploraci\u00f3n. Desde azules el\u00e9ctricos hasta rojos ardientes, cada color parece tener un prop\u00f3sito, realzando la figura humana y adapt\u00e1ndose a diversas siluetas.<\/p>\n<p>Las siluetas, por su parte, navegan entre lo moderno y lo cl\u00e1sico. Vestidos ce\u00f1idos que abrazan la figura, combinaciones de pantalones fluidos con crop tops audaces y abrigos largos que a\u00f1aden un toque de misterio, ofrecen opciones vers\u00e1tiles para diversos estilos de vida. La atenci\u00f3n meticulosa a los detalles es evidente: pu\u00f1os exagerados, escotes asim\u00e9tricos y cortes estrat\u00e9gicos se han convertido en la firma del dise\u00f1ador, asegurando que cada pieza se defina por su singularidad.<\/p>\n<p>Los accesorios tambi\u00e9n juegan un papel crucial en esta colecci\u00f3n. Desde cinturones llamativos que marcan la cintura hasta zapatos de dise\u00f1o futurista, cada complemento ha sido cuidadosamente seleccionado para elevar la est\u00e9tica general. La tendencia de los accesorios oversized se ha intensificado, brindando una sensaci\u00f3n de teatralidad sin sacrificar la elegancia.<\/p>\n<p>Adem\u00e1s, el uso responsable de materiales refleja una creciente conciencia por parte de la marca. En un movimiento hacia la sostenibilidad, se aprecian tejidos reciclados y t\u00e9cnicas de producci\u00f3n \u00e9ticas que han sido absorbidas en el ADN de Pucci. Esto no solo a\u00f1ade un valor emocional a las prendas, sino que tambi\u00e9n se alinea con las expectativas de una nueva generaci\u00f3n de consumidores que buscan estilo y \u00e9tica en igual medida.<\/p>\n<p>Sin lugar a dudas, la colecci\u00f3n Oto\u00f1o-Invierno 2026 de Emilio Pucci se presenta como un hito que invita a la reflexi\u00f3n y al disfrute. En un mundo donde la moda est\u00e1 en un constante juego de reinvenci\u00f3n, Pucci logra mantener su esencia mientras abraza el cambio. Cada desfile no solo es una exhibici\u00f3n de ropa, sino una celebraci\u00f3n de la creatividad, un llamado a romper con lo establecido y a reinventar lo que significa vestirse bien.<\/p>\n<p>A medida que la colecci\u00f3n hace su camino por el circuito de la moda, es evidente que Emilio Pucci sigue siendo una fuente de inspiraci\u00f3n, desafiando a sus seguidores a explorar nuevas formas de expresi\u00f3n personal. Con cada prenda, se crea una narrativa que se entrelaza con el arte y la cultura, asegurando que la marca contin\u00fae resonando en la mente de quienes buscan no solo vestirse, sino expresarse.<\/p>\n<p><em> &#8221; Fuentes www.vogue.com &#8221; <\/em><\/p>\n","protected":false},"excerpt":{"rendered":"<p>La Elegancia Atrevida: Emilio Pucci y su Oto\u00f1o-Invierno 2026 El mundo de la moda se encuentra en constante evoluci\u00f3n, transform\u00e1ndose con cada temporada y mostrando una visi\u00f3n fresca y cautivadora de lo que vendr\u00e1. En este contexto, Emilio Pucci permanece como un sello de elegancia y audacia, y su \u00faltima colecci\u00f3n para Oto\u00f1o-Invierno 2026 reafirma [&hellip;]<\/p>\n","protected":false},"author":14,"featured_media":1205669,"comment_status":"open","ping_status":"closed","sticky":false,"template":"","format":"standard","meta":{"om_disable_all_campaigns":false,"jnews-multi-image_gallery":[],"jnews_single_post":[],"jnews_primary_category":[],"jnews_social_meta":[],"footnotes":""},"categories":[144872],"tags":[199076,217443,253544,263769,202046,198550,202051,160469,94447,200339,372,6194],"class_list":["post-1205668","post","type-post","status-publish","format-standard","has-post-thumbnail","hentry","category-fashion","tag-couture","tag-emilio-pucci","tag-fall-2026","tag-fall-2026-ready-to-wear","tag-fashion-collection","tag-fashion-design","tag-italian-fashion","tag-ready-to-wear","tag-runway","tag-runway_review","tag-style","tag-trends"],"_links":{"self":[{"href":"https:\/\/dimensionturistica.com\/es\/wp-json\/wp\/v2\/posts\/1205668","targetHints":{"allow":["GET"]}}],"collection":[{"href":"https:\/\/dimensionturistica.com\/es\/wp-json\/wp\/v2\/posts"}],"about":[{"href":"https:\/\/dimensionturistica.com\/es\/wp-json\/wp\/v2\/types\/post"}],"author":[{"embeddable":true,"href":"https:\/\/dimensionturistica.com\/es\/wp-json\/wp\/v2\/users\/14"}],"replies":[{"embeddable":true,"href":"https:\/\/dimensionturistica.com\/es\/wp-json\/wp\/v2\/comments?post=1205668"}],"version-history":[{"count":1,"href":"https:\/\/dimensionturistica.com\/es\/wp-json\/wp\/v2\/posts\/1205668\/revisions"}],"predecessor-version":[{"id":1205670,"href":"https:\/\/dimensionturistica.com\/es\/wp-json\/wp\/v2\/posts\/1205668\/revisions\/1205670"}],"wp:featuredmedia":[{"embeddable":true,"href":"https:\/\/dimensionturistica.com\/es\/wp-json\/wp\/v2\/media\/1205669"}],"wp:attachment":[{"href":"https:\/\/dimensionturistica.com\/es\/wp-json\/wp\/v2\/media?parent=1205668"}],"wp:term":[{"taxonomy":"category","embeddable":true,"href":"https:\/\/dimensionturistica.com\/es\/wp-json\/wp\/v2\/categories?post=1205668"},{"taxonomy":"post_tag","embeddable":true,"href":"https:\/\/dimensionturistica.com\/es\/wp-json\/wp\/v2\/tags?post=1205668"}],"curies":[{"name":"wp","href":"https:\/\/api.w.org\/{rel}","templated":true}]}}