{"id":1205665,"date":"2026-09-01T07:44:23","date_gmt":"2026-09-01T07:44:23","guid":{"rendered":"https:\/\/dimensionturistica.com\/es\/?p=1205665"},"modified":"2026-09-01T07:44:23","modified_gmt":"2026-09-01T07:44:23","slug":"nuevas-informaciones-sobre-el-fallecimiento-del-portador","status":"publish","type":"post","link":"https:\/\/dimensionturistica.com\/es\/nuevas-informaciones-sobre-el-fallecimiento-del-portador\/","title":{"rendered":"NUEVAS INFORMACIONES SOBRE EL FALLECIMIENTO DEL PORTADOR"},"content":{"rendered":"<p><strong>La Tragedia en los Senderos: Reflexiones sobre la Seguridad en las Alturas de los Andes<\/strong><\/p>\n<p>El infinito azul del cielo andino y la majestuosa presencia de las monta\u00f1as han atra\u00eddo a aventureros de todo el mundo, motivados por la promesa de experiencias inolvidables y paisajes de ensue\u00f1o. Sin embargo, tras la belleza de estos parajes se esconden realidades que muchas veces pasan desapercibidas para quienes buscan disfrutar de la naturaleza en su esplendor. Recientemente, una tragedia ha puesto en evidencia la necesidad de poner atenci\u00f3n en la seguridad de quienes trabajan en el sector tur\u00edstico, un recordatorio de lo que puede estar en juego en los profundos y desafiantes senderos de los Andes.<\/p>\n<p>El deceso de un porteador en los caminos de este majestuoso entorno ha generado una ola de consternaci\u00f3n y reflexi\u00f3n entre gu\u00edas, turistas y organismos de turismo. Este incidente no solo afecta a una familia y una comunidad, sino que tambi\u00e9n sirve como llamado de alerta sobre las condiciones laborales a las que est\u00e1n expuestos muchos trabajadores en la industria del turismo. Los porteadores, quienes desempe\u00f1an un papel esencial al facilitar el acceso a las maravillas naturales, corren riesgos que a menudo son ignorados. <\/p>\n<p>Las monta\u00f1as, aunque hermosas, son impredecibles. Las inclemencias del tiempo, el terreno accidentado y la altitud pueden convertirse en obst\u00e1culos inseguros, especialmente para aquellos que cargan con el peso de los suministros y el equipo necesario para una expedici\u00f3n. En esta ocasi\u00f3n, el mal tiempo fue un factor determinante, recordando a todos que la naturaleza, en su magnificencia, puede llegar a ser hostil. Esto resalta la imperiosa necesidad de investigar y mejorar las condiciones en las que trabajan los porteadores, garantizando que cuenten con la capacitaci\u00f3n adecuada y con el equipo necesario para enfrentarse a estos desaf\u00edos.<\/p>\n<p>Los operadores tur\u00edsticos, gu\u00edas y autoridades locales deben trabajar de la mano para establecer protocolos de seguridad que prioricen la vida y bienestar de todos los involucrados. Esto incluye no solo formaci\u00f3n adecuada en primeros auxilios y t\u00e9cnicas de rescate, sino tambi\u00e9n un enfoque en la salud f\u00edsica de los porteadores, quien muchas veces son los h\u00e9roes an\u00f3nimos que permiten que otros vivan aventuras en el coraz\u00f3n de los Andes. La implementaci\u00f3n de l\u00edmites de carga, horarios de trabajo justos y un monitoreo m\u00e1s estricto de las condiciones clim\u00e1ticas son solo algunas de las medidas que se deber\u00edan considerar.<\/p>\n<p>Como turistas, tambi\u00e9n tenemos un papel vital en esta ecuaci\u00f3n. Al viajar, somos responsables de crear una demanda que valore el respeto y la dignidad de todos los que hacen posible nuestras experiencias. Optar por operadores que priorizan la seguridad y el bienestar de sus trabajadores no solo contribuye a una industria tur\u00edstica m\u00e1s \u00e9tica, sino que tambi\u00e9n nos permite disfrutar de nuestras aventuras con una conciencia tranquila.<\/p>\n<p>La tragedia de un porteador en los Andes es un recordatorio de la vulnerabilidad de aquellos que, a pesar del peligro, eligen servir a los dem\u00e1s en la b\u00fasqueda del asombro y la belleza. Es un llamado a la acci\u00f3n para todo el sector tur\u00edstico y para cada uno de nosotros como viajeros. Solo as\u00ed podremos asegurar que, mientras nos maravillamos con las monta\u00f1as, todos los que nos ayudan a llegar a ellas tambi\u00e9n disfruten de un viaje seguro y digno. La monta\u00f1a es un lugar de encuentro, y es nuestra responsabilidad cuidarlo para que siga siendo un refugio tanto para los aventureros como para aquellos que, en la sombra, facilitan nuestra exploraci\u00f3n.<\/p>\n<p><em> &#8221; Sources tnews.com.pe &#8221; <\/em><\/p>\n","protected":false},"excerpt":{"rendered":"<p>La Tragedia en los Senderos: Reflexiones sobre la Seguridad en las Alturas de los Andes El infinito azul del cielo andino y la majestuosa presencia de las monta\u00f1as han atra\u00eddo a aventureros de todo el mundo, motivados por la promesa de experiencias inolvidables y paisajes de ensue\u00f1o. Sin embargo, tras la belleza de estos parajes [&hellip;]<\/p>\n","protected":false},"author":4,"featured_media":1205666,"comment_status":"open","ping_status":"closed","sticky":false,"template":"","format":"standard","meta":{"om_disable_all_campaigns":false,"jnews-multi-image_gallery":[],"jnews_single_post":[],"jnews_primary_category":[],"jnews_social_meta":[],"footnotes":""},"categories":[40],"tags":[707,130044,2152,705,259416,296266],"class_list":["post-1205665","post","type-post","status-publish","format-standard","has-post-thumbnail","hentry","category-industria","tag-actualidad","tag-deceso","tag-investigacion","tag-noticias","tag-nuevos-detalles","tag-porteador"],"_links":{"self":[{"href":"https:\/\/dimensionturistica.com\/es\/wp-json\/wp\/v2\/posts\/1205665","targetHints":{"allow":["GET"]}}],"collection":[{"href":"https:\/\/dimensionturistica.com\/es\/wp-json\/wp\/v2\/posts"}],"about":[{"href":"https:\/\/dimensionturistica.com\/es\/wp-json\/wp\/v2\/types\/post"}],"author":[{"embeddable":true,"href":"https:\/\/dimensionturistica.com\/es\/wp-json\/wp\/v2\/users\/4"}],"replies":[{"embeddable":true,"href":"https:\/\/dimensionturistica.com\/es\/wp-json\/wp\/v2\/comments?post=1205665"}],"version-history":[{"count":1,"href":"https:\/\/dimensionturistica.com\/es\/wp-json\/wp\/v2\/posts\/1205665\/revisions"}],"predecessor-version":[{"id":1205667,"href":"https:\/\/dimensionturistica.com\/es\/wp-json\/wp\/v2\/posts\/1205665\/revisions\/1205667"}],"wp:featuredmedia":[{"embeddable":true,"href":"https:\/\/dimensionturistica.com\/es\/wp-json\/wp\/v2\/media\/1205666"}],"wp:attachment":[{"href":"https:\/\/dimensionturistica.com\/es\/wp-json\/wp\/v2\/media?parent=1205665"}],"wp:term":[{"taxonomy":"category","embeddable":true,"href":"https:\/\/dimensionturistica.com\/es\/wp-json\/wp\/v2\/categories?post=1205665"},{"taxonomy":"post_tag","embeddable":true,"href":"https:\/\/dimensionturistica.com\/es\/wp-json\/wp\/v2\/tags?post=1205665"}],"curies":[{"name":"wp","href":"https:\/\/api.w.org\/{rel}","templated":true}]}}