{"id":1205643,"date":"2026-09-01T06:12:29","date_gmt":"2026-09-01T06:12:29","guid":{"rendered":"https:\/\/dimensionturistica.com\/es\/?p=1205643"},"modified":"2026-09-01T06:12:29","modified_gmt":"2026-09-01T06:12:29","slug":"el-espiritu-nacional-se-apodera-de-las-calles-de-navojoa","status":"publish","type":"post","link":"https:\/\/dimensionturistica.com\/es\/el-espiritu-nacional-se-apodera-de-las-calles-de-navojoa\/","title":{"rendered":"El esp\u00edritu nacional se apodera de las calles de Navojoa"},"content":{"rendered":"<p><strong>Navojoa: Un Destino de Tradiciones Patrias<\/strong><\/p>\n<p>Cada a\u00f1o, cuando se acerca septiembre, el aire en Navojoa se llena de un fervor especial que trasciende lo cotidiano. Esta encantadora ciudad en el coraz\u00f3n de Sonora se convierte en un escenario vibrante donde la cultura y las tradiciones patrias florecen, atrayendo tanto a lugare\u00f1os como a visitantes. Si est\u00e1s planeando un viaje durante este mes, d\u00e9jate envolver por la magia que rodea las festividades de la Independencia de M\u00e9xico.<\/p>\n<p>Las calles de Navojoa se visten de un sinf\u00edn de colores con banderas, luces y decoraciones que evocan el orgullo nacional. Desde el inicio del mes, el ambiente se calienta con eventos que rinden homenaje a los h\u00e9roes que lucharon por la libertad de M\u00e9xico. Los preparativos son palpables; la ciudadan\u00eda se une a las celebraciones con actividades que resaltan la identidad cultural de la regi\u00f3n.<\/p>\n<p>Uno de los momentos m\u00e1s esperados es el tradicional Grito de Independencia, que se celebra la noche del 15 de septiembre. En la Plaza 5 de Febrero, la gente se congrega para escuchar el convocar de las autoridades, y el grito de \u201c\u00a1Viva M\u00e9xico!\u201d resuena en cada rinc\u00f3n. La emoci\u00f3n es contagiada por la m\u00fasica, los bailes folkl\u00f3ricos y las danzas que evocan el esp\u00edritu patri\u00f3tico, creando un ambiente festivo que invita a todos a participar y celebrar juntos.<\/p>\n<p>Navojoa tambi\u00e9n ofrece una variedad de platillos t\u00edpicos que destacan durante esta temporada. Prueba el sabor de la gastronom\u00eda local en la Feria del Alimento, donde los asistentes pueden degustar delicias que van desde tacos hasta dulces tradicionales, todo mientras se sumergen en una experiencia cultural inolvidable.<\/p>\n<p>Otro aspecto fascinante de las festividades es la profunda conexi\u00f3n de Navojoa con sus ra\u00edces. Durante los d\u00edas previos al 16 de septiembre, es com\u00fan ver representaciones teatrales y exhibiciones que rememoran los acontecimientos hist\u00f3ricos y la lucha por la independencia. Los grupos de danza local ponen en escena danzas tradicionales, lo que brinda a los visitantes una oportunidad \u00fanica de aprender y disfrutar de las costumbres que forman parte del legado cultural de la regi\u00f3n.<\/p>\n<p>Adem\u00e1s, en los alrededores de la ciudad, los paisajes naturales ofrecen un marco impresionante para las celebraciones. La Sierra de \u00c1lamos, el R\u00edo Mayo y otros puntos tur\u00edsticos brindan la oportunidad de disfrutar de la belleza de Sonora antes o despu\u00e9s de las festividades. Puedes recorrer senderos, observar la flora y fauna local, o simplemente relajarte y absorber la atm\u00f3sfera.<\/p>\n<p>Si decides visitar Navojoa en septiembre, te encontrar\u00e1s no solo en un destino tur\u00edstico, sino en el coraz\u00f3n palpitante de un pa\u00eds que celebra su independencia. Las festividades no solo son un motivo para reunirse y divertirse, sino tambi\u00e9n una ocasi\u00f3n para reflexionar sobre la historia y la herencia cultural de M\u00e9xico. <\/p>\n<p>As\u00ed que prepara tus maletas y ven a vivir el fervor patrio de Navojoa. La calidez de su gente, el colorido de sus tradiciones y el sabor de su comida te esperan para que disfrutes de una experiencia aut\u00e9ntica que sin duda quedar\u00e1 grabada en tu memoria. \u00a1Viva Navojoa y viva M\u00e9xico!<\/p>\n<p><em> &#8221; Fuentes diariodelyaqui.mx &#8221; <\/em><\/p>\n","protected":false},"excerpt":{"rendered":"<p>Navojoa: Un Destino de Tradiciones Patrias Cada a\u00f1o, cuando se acerca septiembre, el aire en Navojoa se llena de un fervor especial que trasciende lo cotidiano. Esta encantadora ciudad en el coraz\u00f3n de Sonora se convierte en un escenario vibrante donde la cultura y las tradiciones patrias florecen, atrayendo tanto a lugare\u00f1os como a visitantes. [&hellip;]<\/p>\n","protected":false},"author":4,"featured_media":1205644,"comment_status":"open","ping_status":"closed","sticky":false,"template":"","format":"standard","meta":{"om_disable_all_campaigns":false,"jnews-multi-image_gallery":[],"jnews_single_post":[],"jnews_primary_category":[],"jnews_social_meta":[],"footnotes":""},"categories":[41],"tags":[10387,3240,662,296250,3352,20984,122729,3250],"class_list":["post-1205643","post","type-post","status-publish","format-standard","has-post-thumbnail","hentry","category-cruceros","tag-celebraciones","tag-comunidad","tag-cultura","tag-fervor-patrio","tag-fiesta","tag-navojoa","tag-patriotismo","tag-tradiciones"],"_links":{"self":[{"href":"https:\/\/dimensionturistica.com\/es\/wp-json\/wp\/v2\/posts\/1205643","targetHints":{"allow":["GET"]}}],"collection":[{"href":"https:\/\/dimensionturistica.com\/es\/wp-json\/wp\/v2\/posts"}],"about":[{"href":"https:\/\/dimensionturistica.com\/es\/wp-json\/wp\/v2\/types\/post"}],"author":[{"embeddable":true,"href":"https:\/\/dimensionturistica.com\/es\/wp-json\/wp\/v2\/users\/4"}],"replies":[{"embeddable":true,"href":"https:\/\/dimensionturistica.com\/es\/wp-json\/wp\/v2\/comments?post=1205643"}],"version-history":[{"count":1,"href":"https:\/\/dimensionturistica.com\/es\/wp-json\/wp\/v2\/posts\/1205643\/revisions"}],"predecessor-version":[{"id":1205645,"href":"https:\/\/dimensionturistica.com\/es\/wp-json\/wp\/v2\/posts\/1205643\/revisions\/1205645"}],"wp:featuredmedia":[{"embeddable":true,"href":"https:\/\/dimensionturistica.com\/es\/wp-json\/wp\/v2\/media\/1205644"}],"wp:attachment":[{"href":"https:\/\/dimensionturistica.com\/es\/wp-json\/wp\/v2\/media?parent=1205643"}],"wp:term":[{"taxonomy":"category","embeddable":true,"href":"https:\/\/dimensionturistica.com\/es\/wp-json\/wp\/v2\/categories?post=1205643"},{"taxonomy":"post_tag","embeddable":true,"href":"https:\/\/dimensionturistica.com\/es\/wp-json\/wp\/v2\/tags?post=1205643"}],"curies":[{"name":"wp","href":"https:\/\/api.w.org\/{rel}","templated":true}]}}