{"id":1205637,"date":"2026-09-01T06:02:26","date_gmt":"2026-09-01T06:02:26","guid":{"rendered":"https:\/\/dimensionturistica.com\/es\/?p=1205637"},"modified":"2026-09-01T06:02:26","modified_gmt":"2026-09-01T06:02:26","slug":"lanzamiento-de-la-nueva-coleccion-de-allsaints-por-aaron-esh-este-dia","status":"publish","type":"post","link":"https:\/\/dimensionturistica.com\/es\/lanzamiento-de-la-nueva-coleccion-de-allsaints-por-aaron-esh-este-dia\/","title":{"rendered":"Lanzamiento de la Nueva Colecci\u00f3n de AllSaints por Aaron Esh Este D\u00eda"},"content":{"rendered":"<p><strong>Descubre la Nueva Era de AllSaints: La Colecci\u00f3n de Aaron Esh que Rompe Esquemas<\/strong><\/p>\n<p>La ic\u00f3nica marca AllSaints ha dado un paso audaz al presentar su primera colecci\u00f3n bajo la direcci\u00f3n creativa de Aaron Esh. Este lanzamiento marca un hito no solo para la firma, sino tambi\u00e9n para el panorama de la moda contempor\u00e1nea, posicionando a Esh como un innovador en el dise\u00f1o textil.<\/p>\n<p>Desde su fundaci\u00f3n, AllSaints ha sido sin\u00f3nimo de un estilo urbano y despreocupado, y esta colecci\u00f3n no decepciona. Esh ha logrado captar la esencia de la marca, fusionando su est\u00e9tica distintiva con una visi\u00f3n contempor\u00e1nea que refleja las tendencias actuales. Las prendas son una amalgama perfecta de sofisticaci\u00f3n y funcionalidad, dirigidas a un p\u00fablico que valora tanto la comodidad como el estilo vanguardista.<\/p>\n<p>Entre las piezas m\u00e1s destacadas, encontramos chaquetas de cuero que evocan una sensaci\u00f3n de rebeld\u00eda, acompa\u00f1adas de siluetas inusuales que desaf\u00edan las normas tradicionales. Cada elemento ha sido cuidadosamente dise\u00f1ado, desde las costuras hasta los textiles, con un enfoque especial en la sostenibilidad, un factor clave en la moda actual. Esh ha insistido en utilizar materiales ecoamigables, una decisi\u00f3n que resuena profundamente con la creciente conciencia ambiental de los consumidores.<\/p>\n<p>Los colores, que abarcan desde tonos terrosos hasta matices vibrantes, a\u00f1aden un frescor renovador a la paleta de la marca. Las combinaciones inesperadas permiten que cada pieza se convierta en un vers\u00e1til ingrediente para cualquier armario, facilitando infinitas posibilidades de combinaci\u00f3n. Esta colecci\u00f3n no solo habla de la est\u00e9tica de la moda, sino que tambi\u00e9n invita al usuario a explorar su propia identidad a trav\u00e9s de la vestimenta.<\/p>\n<p>Adem\u00e1s, el enfoque narrativo detr\u00e1s de la colecci\u00f3n es digno de menci\u00f3n. Cada prenda cuenta una historia, conectando el pasado con el presente y ofreciendo al consumidor una experiencia m\u00e1s all\u00e1 del simple acto de vestir. Esta narrativa se complementa con una presentaci\u00f3n visual impactante, donde las campa\u00f1as de lanzamiento exploran diferentes facetas de la vida urbana, capturando momentos de la vida real que resuenan con el p\u00fablico.<\/p>\n<p>La colecci\u00f3n de Aaron Esh para AllSaints ha llegado en un momento crucial, cuando la industria de la moda busca renovarse y adaptarse a un mundo en constante cambio. Es un recordatorio poderoso de que la innovaci\u00f3n y la tradici\u00f3n pueden coexistir, y que la moda puede ser un veh\u00edculo de expresi\u00f3n personal y conciencia social.<\/p>\n<p>Para aquellos que siguen de cerca las tendencias y buscan piezas que hablen de su identidad, la nueva colecci\u00f3n es un must-have. La fusi\u00f3n de dise\u00f1o audaz y compromiso ambiental coloca a AllSaints en el centro de la conversaci\u00f3n sobre el futuro de la moda. As\u00ed que, si est\u00e1s listo para actualizar tu guardarropa con elegancia y prop\u00f3sito, no te pierdas la oportunidad de explorar esta emocionante colecci\u00f3n que ya est\u00e1 disponible. <\/p>\n<p>No esperes m\u00e1s para sumergirte en el mundo de AllSaints: \u00a1la innovaci\u00f3n est\u00e1 llamando!<\/p>\n<p><em> &#8221; Fuentes www.vogue.com &#8221; <\/em><\/p>\n","protected":false},"excerpt":{"rendered":"<p>Descubre la Nueva Era de AllSaints: La Colecci\u00f3n de Aaron Esh que Rompe Esquemas La ic\u00f3nica marca AllSaints ha dado un paso audaz al presentar su primera colecci\u00f3n bajo la direcci\u00f3n creativa de Aaron Esh. Este lanzamiento marca un hito no solo para la firma, sino tambi\u00e9n para el panorama de la moda contempor\u00e1nea, posicionando [&hellip;]<\/p>\n","protected":false},"author":14,"featured_media":1205638,"comment_status":"open","ping_status":"closed","sticky":false,"template":"","format":"standard","meta":{"om_disable_all_campaigns":false,"jnews-multi-image_gallery":[],"jnews_single_post":[],"jnews_primary_category":[],"jnews_social_meta":[],"footnotes":""},"categories":[144872],"tags":[296243,296244,80520,18839,89166,102105,166,200491,94447,202806,372,111204,373],"class_list":["post-1205637","post","type-post","status-publish","format-standard","has-post-thumbnail","hentry","category-fashion","tag-aaron-esh","tag-allsaints","tag-clothing","tag-collection","tag-designer","tag-drop","tag-fashion","tag-new-release","tag-runway","tag-streetwear","tag-style","tag-textaboveleftsmall","tag-web"],"_links":{"self":[{"href":"https:\/\/dimensionturistica.com\/es\/wp-json\/wp\/v2\/posts\/1205637","targetHints":{"allow":["GET"]}}],"collection":[{"href":"https:\/\/dimensionturistica.com\/es\/wp-json\/wp\/v2\/posts"}],"about":[{"href":"https:\/\/dimensionturistica.com\/es\/wp-json\/wp\/v2\/types\/post"}],"author":[{"embeddable":true,"href":"https:\/\/dimensionturistica.com\/es\/wp-json\/wp\/v2\/users\/14"}],"replies":[{"embeddable":true,"href":"https:\/\/dimensionturistica.com\/es\/wp-json\/wp\/v2\/comments?post=1205637"}],"version-history":[{"count":1,"href":"https:\/\/dimensionturistica.com\/es\/wp-json\/wp\/v2\/posts\/1205637\/revisions"}],"predecessor-version":[{"id":1205639,"href":"https:\/\/dimensionturistica.com\/es\/wp-json\/wp\/v2\/posts\/1205637\/revisions\/1205639"}],"wp:featuredmedia":[{"embeddable":true,"href":"https:\/\/dimensionturistica.com\/es\/wp-json\/wp\/v2\/media\/1205638"}],"wp:attachment":[{"href":"https:\/\/dimensionturistica.com\/es\/wp-json\/wp\/v2\/media?parent=1205637"}],"wp:term":[{"taxonomy":"category","embeddable":true,"href":"https:\/\/dimensionturistica.com\/es\/wp-json\/wp\/v2\/categories?post=1205637"},{"taxonomy":"post_tag","embeddable":true,"href":"https:\/\/dimensionturistica.com\/es\/wp-json\/wp\/v2\/tags?post=1205637"}],"curies":[{"name":"wp","href":"https:\/\/api.w.org\/{rel}","templated":true}]}}