{"id":1205631,"date":"2026-09-01T05:28:55","date_gmt":"2026-09-01T05:28:55","guid":{"rendered":"https:\/\/dimensionturistica.com\/es\/?p=1205631"},"modified":"2026-09-01T05:28:55","modified_gmt":"2026-09-01T05:28:55","slug":"los-servicios-de-scooters-publicos-cesan-actividades-a-partir-del-martes-1-de-septiembre","status":"publish","type":"post","link":"https:\/\/dimensionturistica.com\/es\/los-servicios-de-scooters-publicos-cesan-actividades-a-partir-del-martes-1-de-septiembre\/","title":{"rendered":"Los servicios de scooters p\u00fablicos cesan actividades a partir del martes 1 de septiembre."},"content":{"rendered":"<p><strong>La Nueva Era de la Movilidad Urbana: Reflexiones sobre el Futuro de los Scooters P\u00fablicos<\/strong><\/p>\n<p>En las \u00faltimas d\u00e9cadas, el mundo del turismo ha sido testigo de innovaciones que han transformado la forma en que exploramos nuestras ciudades. En este contexto, la llegada de los scooters el\u00e9ctricos como una alternativa de transporte eficiente y sostenible ha captado la atenci\u00f3n de aventureros y ciudadanos por igual. Sin embargo, el reciente anuncio de la suspensi\u00f3n del programa piloto de scooters p\u00fablicos en una gran metr\u00f3poli revela tanto los desaf\u00edos que enfrenta esta nueva modalidad de transporte como la importancia de reflexionar sobre su rol en la movilidad urbana.<\/p>\n<p>Durante un per\u00edodo de 60 d\u00edas, este programa ofreci\u00f3 a los usuarios una opci\u00f3n \u00e1gil para desplazarse por la ciudad, registrando un notable \u00e9xito con m\u00e1s de 117 mil viajes. Estos datos no solo subrayan el inter\u00e9s de los ciudadanos por medios de transporte m\u00e1s ecol\u00f3gicos, sino tambi\u00e9n la necesidad de encontrar soluciones pr\u00e1cticas en un contexto urbano en constante cambio. Desde exploraciones tur\u00edsticas en barrios vibrantes hasta trayectos cotidianos, los scooters se hab\u00edan convertido en una opci\u00f3n popular.<\/p>\n<p>No obstante, la decisi\u00f3n de suspender este servicio pone de manifiesto una serie de retos que deben ser abordados. La gesti\u00f3n de la seguridad vial, el uso responsable de los veh\u00edculos y la regulaci\u00f3n del espacio p\u00fablico son solo algunas de las cuestiones que deben atenderse para garantizar que la experiencia de los usuarios sea positiva y segura. Por otro lado, esta pausa tambi\u00e9n abre la puerta a un an\u00e1lisis cr\u00edtico de c\u00f3mo integrar estos veh\u00edculos de manera efectiva en la infraestructura urbana existente.<\/p>\n<p>La suspensi\u00f3n del programa no significa un adi\u00f3s definitivo a los scooters el\u00e9ctricos. Al contrario, puede ser una oportunidad valiosa para repensar estrategias y pol\u00edticas que fomenten un ecosistema de movilidad m\u00e1s sostenible e inclusivo. En un mundo donde el cambio clim\u00e1tico es una preocupaci\u00f3n primordial, es crucial que las ciudades sigan explorando alternativas que reduzcan la huella de carbono y mejoren la calidad de vida urbana.<\/p>\n<p>Los viajeros apasionados por descubrir nuevas ciudades deben estar al tanto de estas transformaciones en la movilidad. Las ciudades que logran encontrar un equilibrio entre el desarrollo urbano y la sostenibilidad atraer\u00e1n a un mayor n\u00famero de visitantes conscientes de su impacto ambiental. En este sentido, el futuro del turismo urbano puede estar intr\u00ednsecamente ligado a c\u00f3mo las ciudades evolucionan y adaptan sus sistemas de transporte.<\/p>\n<p>Mientras se reeval\u00faan los scooters p\u00fablicos, el di\u00e1logo entre autoridades, empresas y ciudadanos ser\u00e1 fundamental para dise\u00f1ar un sistema de transporte que no solo satisfaga la demanda, sino que tambi\u00e9n preserve el bienestar de la comunidad. La integraci\u00f3n de tecnolog\u00edas innovadoras, el fomento del uso de bicicletas y el fortalecimiento del transporte p\u00fablico son pasos esenciales hacia una movilidad m\u00e1s din\u00e1mica y responsable.<\/p>\n<p>En conclusi\u00f3n, la experiencia reciente con los scooters el\u00e9ctricos sirve como un recordatorio de que el camino hacia un futuro m\u00e1s sostenible y amigable con el medio ambiente est\u00e1 lleno de retos, pero tambi\u00e9n de oportunidades. Al viajar, los turistas tienen el poder de influir en estas decisiones, optando por alternativas que promuevan un entorno urbano m\u00e1s saludable. As\u00ed, la evoluci\u00f3n de la movilidad no solo impactar\u00e1 a las ciudades, sino tambi\u00e9n la manera en que exploramos y nos conectamos con el mundo que nos rodea.<\/p>\n<p><em> &#8221; Fuentes www.eluniversal.com.mx &#8221; <\/em><\/p>\n","protected":false},"excerpt":{"rendered":"<p>La Nueva Era de la Movilidad Urbana: Reflexiones sobre el Futuro de los Scooters P\u00fablicos En las \u00faltimas d\u00e9cadas, el mundo del turismo ha sido testigo de innovaciones que han transformado la forma en que exploramos nuestras ciudades. En este contexto, la llegada de los scooters el\u00e9ctricos como una alternativa de transporte eficiente y sostenible [&hellip;]<\/p>\n","protected":false},"author":4,"featured_media":1205632,"comment_status":"open","ping_status":"closed","sticky":false,"template":"","format":"standard","meta":{"om_disable_all_campaigns":false,"jnews-multi-image_gallery":[],"jnews_single_post":[],"jnews_primary_category":[],"jnews_social_meta":[],"footnotes":""},"categories":[39],"tags":[720,1334,296247,1347,55712,2855,177948,296246,40942,15416,5606,1226],"class_list":["post-1205631","post","type-post","status-publish","format-standard","has-post-thumbnail","hentry","category-viajes","tag-accidentes","tag-ciudad","tag-hector-ulises-garcia-nieto","tag-movilidad","tag-parquimetros","tag-restricciones","tag-scooters","tag-scooters-publicos","tag-secretaria-de-movilidad","tag-semovi","tag-septiembre","tag-transporte-publico"],"_links":{"self":[{"href":"https:\/\/dimensionturistica.com\/es\/wp-json\/wp\/v2\/posts\/1205631","targetHints":{"allow":["GET"]}}],"collection":[{"href":"https:\/\/dimensionturistica.com\/es\/wp-json\/wp\/v2\/posts"}],"about":[{"href":"https:\/\/dimensionturistica.com\/es\/wp-json\/wp\/v2\/types\/post"}],"author":[{"embeddable":true,"href":"https:\/\/dimensionturistica.com\/es\/wp-json\/wp\/v2\/users\/4"}],"replies":[{"embeddable":true,"href":"https:\/\/dimensionturistica.com\/es\/wp-json\/wp\/v2\/comments?post=1205631"}],"version-history":[{"count":1,"href":"https:\/\/dimensionturistica.com\/es\/wp-json\/wp\/v2\/posts\/1205631\/revisions"}],"predecessor-version":[{"id":1205633,"href":"https:\/\/dimensionturistica.com\/es\/wp-json\/wp\/v2\/posts\/1205631\/revisions\/1205633"}],"wp:featuredmedia":[{"embeddable":true,"href":"https:\/\/dimensionturistica.com\/es\/wp-json\/wp\/v2\/media\/1205632"}],"wp:attachment":[{"href":"https:\/\/dimensionturistica.com\/es\/wp-json\/wp\/v2\/media?parent=1205631"}],"wp:term":[{"taxonomy":"category","embeddable":true,"href":"https:\/\/dimensionturistica.com\/es\/wp-json\/wp\/v2\/categories?post=1205631"},{"taxonomy":"post_tag","embeddable":true,"href":"https:\/\/dimensionturistica.com\/es\/wp-json\/wp\/v2\/tags?post=1205631"}],"curies":[{"name":"wp","href":"https:\/\/api.w.org\/{rel}","templated":true}]}}