{"id":120562,"date":"2021-05-03T13:41:46","date_gmt":"2021-05-03T13:41:46","guid":{"rendered":"https:\/\/dimensionturistica.com\/es\/?p=120562"},"modified":"2021-05-03T13:41:46","modified_gmt":"2021-05-03T13:41:46","slug":"la-prensa-alemana-elige-la-gomera-como-destino-turistico-preferente","status":"publish","type":"post","link":"https:\/\/dimensionturistica.com\/es\/la-prensa-alemana-elige-la-gomera-como-destino-turistico-preferente\/","title":{"rendered":"La prensa alemana elige La Gomera como destino tur\u00edstico preferente"},"content":{"rendered":"<p> <br \/>\n<\/p>\n<div>\n<div class=\"td-post-featured-image\">\n<figure><a rel=\"nofollow noopener\" target=\"_blank\" href=\"https:\/\/www.gomeranoticias.com\/wp-content\/uploads\/2021\/05\/030521-Periodistas-alemanas-del-medio-de-comunicacion-BZ-de-Berlin-durante-su-visita-a-La-Gomera.jpg\" data-caption=\" Periodistas alemanas del medio de comunicaci\u00f3n BZ de Berl\u00edn durante su visita a La Gomera\"><img decoding=\"async\" width=\"696\" height=\"513\" class=\"entry-thumb td-modal-image\" src=\"https:\/\/www.gomeranoticias.com\/wp-content\/uploads\/2021\/05\/030521-Periodistas-alemanas-del-medio-de-comunicacion-BZ-de-Berlin-durante-su-visita-a-La-Gomera-696x513.jpg.pagespeed.ce.hVnr0iMmt8.jpg\" srcset=\"https:\/\/www.gomeranoticias.com\/wp-content\/uploads\/2021\/05\/030521-Periodistas-alemanas-del-medio-de-comunicacion-BZ-de-Berlin-durante-su-visita-a-La-Gomera-696x513.jpg.pagespeed.ce.hVnr0iMmt8.jpg 696w, https:\/\/www.gomeranoticias.com\/wp-content\/uploads\/2021\/05\/030521-Periodistas-alemanas-del-medio-de-comunicacion-BZ-de-Berlin-durante-su-visita-a-La-Gomera-300x221.jpg.pagespeed.ce.AMVQzd9Qim.jpg 300w, https:\/\/www.gomeranoticias.com\/wp-content\/uploads\/2021\/05\/030521-Periodistas-alemanas-del-medio-de-comunicacion-BZ-de-Berlin-durante-su-visita-a-La-Gomera.jpg 1024w, https:\/\/www.gomeranoticias.com\/wp-content\/uploads\/2021\/05\/030521-Periodistas-alemanas-del-medio-de-comunicacion-BZ-de-Berlin-durante-su-visita-a-La-Gomera-1536x1131.jpg.pagespeed.ce.-bVSVZagwY.jpg 1536w, https:\/\/www.gomeranoticias.com\/wp-content\/uploads\/2021\/05\/030521-Periodistas-alemanas-del-medio-de-comunicacion-BZ-de-Berlin-durante-su-visita-a-La-Gomera-2048x1509.jpg.pagespeed.ce.0jmZT_n-BP.jpg 2048w, https:\/\/www.gomeranoticias.com\/wp-content\/uploads\/2021\/05\/030521-Periodistas-alemanas-del-medio-de-comunicacion-BZ-de-Berlin-durante-su-visita-a-La-Gomera-1068x787.jpg.pagespeed.ce.dlKHXJLBhD.jpg 1068w, https:\/\/www.gomeranoticias.com\/wp-content\/uploads\/2021\/05\/030521-Periodistas-alemanas-del-medio-de-comunicacion-BZ-de-Berlin-durante-su-visita-a-La-Gomera-570x420.jpg.pagespeed.ce.oDGzlxAPOe.jpg 570w, https:\/\/www.gomeranoticias.com\/wp-content\/uploads\/2021\/05\/030521-Periodistas-alemanas-del-medio-de-comunicacion-BZ-de-Berlin-durante-su-visita-a-La-Gomera-80x60.jpg.pagespeed.ce.7dDTk53Bm3.jpg 80w\" sizes=\"(max-width: 696px) 100vw, 696px\" alt=\"\" title=\"030521 Periodistas alemanas del medio de comunicaci\u00f3n BZ de Berl\u00edn durante su visita a La Gomera\"\/><\/a><figcaption class=\"wp-caption-text\"> Periodistas alemanas del medio de comunicaci\u00f3n BZ de Berl\u00edn durante su visita a La Gomera<\/figcaption><\/figure>\n<\/div>\n<p dir=\"ltr\">La Gomera ha sido elegida por medios de comunicaci\u00f3n alemanes para protagonizar varios reportajes promocionales. Se trata de un conjunto de acciones que se publicar\u00e1n en prensa de pa\u00edses de habla germana y que ya han dado importantes resultados en anteriores ocasiones con publicaciones que se han ido sucediendo a lo largo del a\u00f1o. As\u00ed, seg\u00fan avanz\u00f3 el presidente, Casimiro Curbelo, el Cabildo refuerza la presencia de la isla en medios con impacto directo en potenciales turistas, \u201cen un contexto de paulatina recuperaci\u00f3n\u201d.<\/p>\n<p dir=\"ltr\">En este sentido, subray\u00f3 que el avance en la vacunaci\u00f3n \u201cser\u00e1 clave para recuperar la llegada de turistas, especialmente, pensando en la temporada alta que se inicia el pr\u00f3ximo mes de noviembre. \u201cAhora toca mostrarnos como destino seguro y preparado para recibir a los turistas. En esta l\u00ednea trabajamos desde la Instituci\u00f3n insular y lo seguiremos haciendo durante los pr\u00f3ximos meses, porque conocemos el inter\u00e9s que sigue despertando La Gomera en Alemania\u201d, a\u00f1adi\u00f3.<\/p>\n<p dir=\"ltr\">El viaje de prensa facilita la publicaci\u00f3n de contenidos sobre la isla a partir de las impresiones de los profesionales que la visitan, destac\u00f3 la consejera de Turismo, Mar\u00eda Isabel M\u00e9ndez, quien adelant\u00f3 la previsi\u00f3n de alcanzar a m\u00e1s de 80 mil ciudadanos de Berl\u00edn con impactos en peri\u00f3dicos como el BZ. \u201cSe incluir\u00e1 material visual insistiendo en nuestro destino desde la perspectiva de la sostenibilidad y la naturaleza, porque para ellos somos una aut\u00e9ntica joya en el Atl\u00e1ntico\u201d, dijo.<\/p>\n<p dir=\"ltr\">Durante la estancia en La Gomera, los profesionales alemanes visitar\u00e1n los seis municipios, haciendo un recorrido por lugares ic\u00f3nicos como el Parque Nacional de Garajonay, adem\u00e1s de conocer el proceso de elaboraci\u00f3n de la alfarer\u00eda tradicional. Tambi\u00e9n tendr\u00e1n oportunidad de recorrer parte de los senderos que rodean El Cedro, as\u00ed como localizaciones en Agulo, Hermigua, Vallehermoso y Valle Gran Rey.<\/p>\n<p dir=\"ltr\">La visita del viaje de prensa se une al resto de acciones promocionales que se mantienen en las ferias virtuales. Las \u00faltimas celebradas en Polonia, B\u00e9lgica y Holanda han supuesto la presencia de la isla en eventos de importante trascendencia en estos mercados, en los que se han mantenido encuentros con turoperadores y agentes de viajes, incorporando nuevo materials promocional.<\/p>\n<\/div>\n\n<p><em> &#8221; Fuentes www.gomeranoticias.com &#8221; <\/em><\/p>\n","protected":false},"excerpt":{"rendered":"<p>Periodistas alemanas del medio de comunicaci\u00f3n BZ de Berl\u00edn durante su visita a La Gomera La Gomera ha sido elegida por medios de comunicaci\u00f3n alemanes para protagonizar varios reportajes promocionales. Se trata de un conjunto de acciones que se publicar\u00e1n en prensa de pa\u00edses de habla germana y que ya han dado importantes resultados en [&hellip;]<\/p>\n","protected":false},"author":4,"featured_media":120563,"comment_status":"open","ping_status":"closed","sticky":false,"template":"","format":"standard","meta":{"om_disable_all_campaigns":false,"jnews-multi-image_gallery":[],"jnews_single_post":[],"jnews_primary_category":[],"jnews_social_meta":[],"footnotes":""},"categories":[40],"tags":[],"class_list":["post-120562","post","type-post","status-publish","format-standard","has-post-thumbnail","hentry","category-industria"],"_links":{"self":[{"href":"https:\/\/dimensionturistica.com\/es\/wp-json\/wp\/v2\/posts\/120562","targetHints":{"allow":["GET"]}}],"collection":[{"href":"https:\/\/dimensionturistica.com\/es\/wp-json\/wp\/v2\/posts"}],"about":[{"href":"https:\/\/dimensionturistica.com\/es\/wp-json\/wp\/v2\/types\/post"}],"author":[{"embeddable":true,"href":"https:\/\/dimensionturistica.com\/es\/wp-json\/wp\/v2\/users\/4"}],"replies":[{"embeddable":true,"href":"https:\/\/dimensionturistica.com\/es\/wp-json\/wp\/v2\/comments?post=120562"}],"version-history":[{"count":0,"href":"https:\/\/dimensionturistica.com\/es\/wp-json\/wp\/v2\/posts\/120562\/revisions"}],"wp:featuredmedia":[{"embeddable":true,"href":"https:\/\/dimensionturistica.com\/es\/wp-json\/wp\/v2\/media\/120563"}],"wp:attachment":[{"href":"https:\/\/dimensionturistica.com\/es\/wp-json\/wp\/v2\/media?parent=120562"}],"wp:term":[{"taxonomy":"category","embeddable":true,"href":"https:\/\/dimensionturistica.com\/es\/wp-json\/wp\/v2\/categories?post=120562"},{"taxonomy":"post_tag","embeddable":true,"href":"https:\/\/dimensionturistica.com\/es\/wp-json\/wp\/v2\/tags?post=120562"}],"curies":[{"name":"wp","href":"https:\/\/api.w.org\/{rel}","templated":true}]}}