{"id":1205616,"date":"2026-09-01T04:20:18","date_gmt":"2026-09-01T04:20:18","guid":{"rendered":"https:\/\/dimensionturistica.com\/es\/?p=1205616"},"modified":"2026-09-01T04:20:18","modified_gmt":"2026-09-01T04:20:18","slug":"travis-kelce-estrella-del-futbol-embajador-de-la-moda-y-papa-perro","status":"publish","type":"post","link":"https:\/\/dimensionturistica.com\/es\/travis-kelce-estrella-del-futbol-embajador-de-la-moda-y-papa-perro\/","title":{"rendered":"Travis Kelce: Estrella del F\u00fatbol, Embajador de la Moda y Pap\u00e1 Perro"},"content":{"rendered":"<p><strong>Travis Kelce: El nuevo \u00edcono de estilo en la campa\u00f1a de Tommy Hilfiger<\/strong><\/p>\n<p>La moda siempre ha sido un campo en constante evoluci\u00f3n, donde la personalizaci\u00f3n y la innovaci\u00f3n se encuentran en el centro de atenci\u00f3n. Recientemente, uno de los nombres m\u00e1s resonantes en la intersecci\u00f3n del deporte y la moda ha sido Travis Kelce, el destacado jugador de f\u00fatbol americano que ha dado un paso audaz al unirse a la emblem\u00e1tica marca Tommy Hilfiger. Esta colaboraci\u00f3n ha discutido no solo su talento en el campo, sino tambi\u00e9n su impacto en el mundo de la moda.<\/p>\n<h3>Una nueva era en la moda masculina<\/h3>\n<p>La colecci\u00f3n, que se present\u00f3 con gran alarde visual, no es solo una serie de prendas; se trata de una declaraci\u00f3n audaz que resuena con una generaci\u00f3n que busca autenticidad y estilo. Kelce, conocido por su personalidad vibrante y su estilo distintivo, se convierte en el embajador perfecto para traer la esencia cl\u00e1sica de Hilfiger a un p\u00fablico contempor\u00e1neo. La campa\u00f1a muestra una fusi\u00f3n de influencias deportivas y urbanas, destacando la comodidad y la versatilidad que caracterizan a ambos mundos.<\/p>\n<h3>La est\u00e9tica de un campe\u00f3n<\/h3>\n<p>La producci\u00f3n visual de la campa\u00f1a es deslumbrante y cuidadosamente curada. A trav\u00e9s de una paleta de colores vibrantes y una mezcla de texturas, cada imagen captura no solo la esencia de la marca, sino tambi\u00e9n la energ\u00eda inconfundible de Kelce. Las prendas exhiben cortes modernos y detalles que aluden a la herencia estadounidense de Hilfiger, mientras que al mismo tiempo, hacen una reverencia al estilo de vida contempor\u00e1neo. Este enfoque resalta c\u00f3mo la moda puede ser una extensi\u00f3n de la personalidad y el car\u00e1cter individual, unificando as\u00ed el concepto de pasarela y campo de juego.<\/p>\n<h3>Influencia m\u00e1s all\u00e1 de la pasarela<\/h3>\n<p>Lo que realmente distingue esta colaboraci\u00f3n es c\u00f3mo va m\u00e1s all\u00e1 de la simple asociaci\u00f3n entre un atleta y una marca. A trav\u00e9s de su participaci\u00f3n, Kelce no solo se posiciona como una figura central en la moda masculina, sino que tambi\u00e9n impulsa conversaciones sobre la inclusi\u00f3n y la diversidad en la industria. Su presencia aporta un enfoque fresco y din\u00e1mico, rompiendo estereotipos y mostrando que el estilo no tiene fronteras.<\/p>\n<h3>Impacto social y cultural<\/h3>\n<p>En el \u00e1mbito actual de las redes sociales, esta campa\u00f1a tambi\u00e9n tiene el potencial de causar un gran revuelo. La capacidad de Kelce para conectar con sus seguidores a trav\u00e9s de diversas plataformas amplifica el mensaje de la marca, permitiendo que un p\u00fablico m\u00e1s amplio se involucre con la colecci\u00f3n. Las colaboraciones entre personalidades del deporte y la moda han encontrado un terreno f\u00e9rtil en la cultura juvenil, lo que genera un inter\u00e9s renovado tanto en los productos como en quienes los representan.<\/p>\n<h3>Un llamado a la autoexpresi\u00f3n<\/h3>\n<p>La alineaci\u00f3n de Kelce con Tommy Hilfiger representa algo m\u00e1s que moda; simboliza un movimiento hacia la autoexpresi\u00f3n aut\u00e9ntica. La colecci\u00f3n invita a los hombres a experimentar con su estilo y a adoptar un enfoque m\u00e1s audaz en su vestimenta diaria. En un mundo donde la imagen personal juega un papel crucial en la identidad, esta asociaci\u00f3n ofrece a los hombres una plataforma para explorar diferentes facetas de s\u00ed mismos a trav\u00e9s de la moda.<\/p>\n<p>La uni\u00f3n de Travis Kelce y Tommy Hilfiger se erige como un ejemplo significativo de c\u00f3mo el deporte y la moda pueden entrelazarse, creando un di\u00e1logo enriquecedor sobre el estilo moderno y la autoexpresi\u00f3n. La campa\u00f1a es un recordatorio de que, en el cruce de estas dos industrias, hay una rica narrativa que se despliega, invitando a todos a ser parte de una nueva aventura en la moda.<\/p>\n<p><em> &#8221; Fuentes www.vogue.com &#8221; <\/em><\/p>\n","protected":false},"excerpt":{"rendered":"<p>Travis Kelce: El nuevo \u00edcono de estilo en la campa\u00f1a de Tommy Hilfiger La moda siempre ha sido un campo en constante evoluci\u00f3n, donde la personalizaci\u00f3n y la innovaci\u00f3n se encuentran en el centro de atenci\u00f3n. Recientemente, uno de los nombres m\u00e1s resonantes en la intersecci\u00f3n del deporte y la moda ha sido Travis Kelce, [&hellip;]<\/p>\n","protected":false},"author":14,"featured_media":1205617,"comment_status":"open","ping_status":"closed","sticky":false,"template":"","format":"standard","meta":{"om_disable_all_campaigns":false,"jnews-multi-image_gallery":[],"jnews_single_post":[],"jnews_primary_category":[],"jnews_social_meta":[],"footnotes":""},"categories":[144872],"tags":[105640,237,296231,166,6691,9625,6480,201653,296230,670,372,198500,39671,373],"class_list":["post-1205616","post","type-post","status-publish","format-standard","has-post-thumbnail","hentry","category-fashion","tag-athlete","tag-celebrity","tag-dog-dad","tag-fashion","tag-football","tag-influencer","tag-nfl","tag-paywall-exclude","tag-pet-owner","tag-sports","tag-style","tag-textabovecenterfullbleed","tag-travis-kelce","tag-web"],"_links":{"self":[{"href":"https:\/\/dimensionturistica.com\/es\/wp-json\/wp\/v2\/posts\/1205616","targetHints":{"allow":["GET"]}}],"collection":[{"href":"https:\/\/dimensionturistica.com\/es\/wp-json\/wp\/v2\/posts"}],"about":[{"href":"https:\/\/dimensionturistica.com\/es\/wp-json\/wp\/v2\/types\/post"}],"author":[{"embeddable":true,"href":"https:\/\/dimensionturistica.com\/es\/wp-json\/wp\/v2\/users\/14"}],"replies":[{"embeddable":true,"href":"https:\/\/dimensionturistica.com\/es\/wp-json\/wp\/v2\/comments?post=1205616"}],"version-history":[{"count":1,"href":"https:\/\/dimensionturistica.com\/es\/wp-json\/wp\/v2\/posts\/1205616\/revisions"}],"predecessor-version":[{"id":1205618,"href":"https:\/\/dimensionturistica.com\/es\/wp-json\/wp\/v2\/posts\/1205616\/revisions\/1205618"}],"wp:featuredmedia":[{"embeddable":true,"href":"https:\/\/dimensionturistica.com\/es\/wp-json\/wp\/v2\/media\/1205617"}],"wp:attachment":[{"href":"https:\/\/dimensionturistica.com\/es\/wp-json\/wp\/v2\/media?parent=1205616"}],"wp:term":[{"taxonomy":"category","embeddable":true,"href":"https:\/\/dimensionturistica.com\/es\/wp-json\/wp\/v2\/categories?post=1205616"},{"taxonomy":"post_tag","embeddable":true,"href":"https:\/\/dimensionturistica.com\/es\/wp-json\/wp\/v2\/tags?post=1205616"}],"curies":[{"name":"wp","href":"https:\/\/api.w.org\/{rel}","templated":true}]}}